{"id":19330,"date":"2018-10-18T20:18:10","date_gmt":"2018-10-18T18:18:10","guid":{"rendered":"http:\/\/info.sadowne.pl\/?p=19330"},"modified":"2018-10-18T20:18:10","modified_gmt":"2018-10-18T18:18:10","slug":"laczy-nas-polska","status":"publish","type":"post","link":"https:\/\/info.sadowne.pl\/?p=19330","title":{"rendered":"\u0141\u0105czy nas\u2026 Polska"},"content":{"rendered":"<p><strong><img loading=\"lazy\" decoding=\"async\" class=\"alignleft size-thumbnail wp-image-19331\" src=\"http:\/\/info.sadowne.pl\/wp-content\/uploads\/2018\/10\/2018.10.18.11-180x130.jpg\" alt=\"\" width=\"180\" height=\"130\" \/>\u201eNiepodleg\u0142o\u015b\u0107, niezale\u017cno\u015b\u0107, rocznica\u201d \u2013 to s\u0142owa, kt\u00f3re cz\u0119sto pada\u0142y dzisiaj w sali gimnastycznej ZSP w Sadownem. Obchodzono tu uroczy\u015bcie 100. rocznic\u0119 odzyskania przez Polsk\u0119 niepodleg\u0142o\u015bci.<\/strong><!--more--><\/p>\n<p>Popo\u0142udniem 18 pa\u017adziernika w Zespole Szk\u00f3\u0142 Ponadgimnazjalnych w Sadownem Dyrektor Szko\u0142y p. S\u0142awomir Ryszawa powita\u0142 go\u015bci, kt\u00f3rzy przybyli na organizowane przez Powiat W\u0119growski uroczyste obchody 100. rocznicy odzyskania niepodleg\u0142o\u015bci. By\u0142a to kolejna z imprez, kt\u00f3r\u0105 wpisano w powiatowy harmonogram obchod\u00f3w tego \u015awi\u0119ta. Tym razem przygotowali j\u0105 nauczyciele i uczniowie sadowie\u0144skiego ZSP.<\/p>\n<p>C\u00f3\u017c znaczy s\u0142owo \u201eniepodleg\u0142o\u015b\u0107\u201d. \u00a0Jest to niezale\u017cno\u015b\u0107 pa\u0144stwa od formalnego i nieformalnego wp\u0142ywu innych jednostek politycznych. Dla naszego kraju ma ono wyj\u0105tkowe znaczenie po 123 letniej niewoli. Wyj\u0105tkowy by\u0142 te\u017c rok 1918, gdy Polska odzyska\u0142a niepodleg\u0142o\u015b\u0107 i wyj\u0105tkowi byli \u201eojcowie\u201d tamtych czas\u00f3w, a w\u015br\u00f3d nich Roman Dmowski, kt\u00f3ry sta\u0142 si\u0119 g\u0142\u00f3wnym bohaterem sadowie\u0144skiej uroczysto\u015bci.<\/p>\n<p>Uczestnicy tej pi\u0119knej uroczysto\u015bci z zainteresowaniem obejrzeli przygotowany pod kierunkiem p. Ewy S\u00f3wki s\u0142owno \u2013 muzyczny wyst\u0119p uczni\u00f3w o historii utraty i odzyskania niepodleg\u0142o\u015bci, przeplatany prezentacj\u0105 multimedialn\u0105, pie\u015bniami patriotycznymi ca\u0142ej grupy i solistek: Magdy Berezy i Julii Urbankowskiej, kt\u00f3rym akompaniowa\u0142 p. Kamil Kie\u0142ek. \u015awietnie te\u017c zaprezentowa\u0142 si\u0119 Zesp\u00f3\u0142 Taneczny \u201eSadowne\u201d pod kierownictwem p. Miros\u0142awy Renik.<\/p>\n<p>Wiele pochwa\u0142 dla artyst\u00f3w i dobre tematy do dyskusji, kt\u00f3re by\u0142y ukoronowaniem uroczysto\u015bci \u2013 oczywi\u015bcie przy stoliku kawowym, kt\u00f3ry przygotowa\u0142o sadowie\u0144skie Technikum \u017bywienia i Us\u0142ug Gastronomicznych. Ale ile mo\u017cna opowiada\u0107? Zobaczmy sami\u2026<\/p>\n<p><span style=\"color: #0000ff;\"><a style=\"color: #0000ff;\" href=\"https:\/\/photos.google.com\/share\/AF1QipPhxb1ywpLvY3hpqxRVXfZZ3Gy0QNfPwyNCv9svSNuNGA5Lj9d7lN-x_xSG9dm9Xg?key=S2lqbWVvb0FzRnJjOEZZQ0h3TkVIci1Ua0tjVGdn\" target=\"_blank\" rel=\"noopener noreferrer\"><strong>Zdj\u0119cia w galerii Google&gt;&gt;&gt;<\/strong><\/a><\/span><\/p>\n<p><strong>Tekst\/foto:<\/strong> S\u0142awek Chyli\u0144ski<\/p>\n","protected":false},"excerpt":{"rendered":"<p>\u201eNiepodleg\u0142o\u015b\u0107, niezale\u017cno\u015b\u0107, rocznica\u201d \u2013 to s\u0142owa, kt\u00f3re cz\u0119sto pada\u0142y dzisiaj w sali gimnastycznej ZSP w Sadownem. Obchodzono tu uroczy\u015bcie 100. rocznic\u0119 odzyskania przez Polsk\u0119 niepodleg\u0142o\u015bci.<\/p>\n","protected":false},"author":1,"featured_media":0,"comment_status":"closed","ping_status":"closed","sticky":false,"template":"","format":"standard","meta":{"footnotes":""},"categories":[5,1752,85],"tags":[2889,182],"class_list":["post-19330","post","type-post","status-publish","format-standard","hentry","category-newsy","category-edukacja","category-zsp","tag-uroczyste-obchody-100-lecia-odzyskania-niepodleglosci","tag-zespol-szkol-ponadgimnazjalnych-w-sadownem"],"views":2756,"_links":{"self":[{"href":"https:\/\/info.sadowne.pl\/index.php?rest_route=\/wp\/v2\/posts\/19330","targetHints":{"allow":["GET"]}}],"collection":[{"href":"https:\/\/info.sadowne.pl\/index.php?rest_route=\/wp\/v2\/posts"}],"about":[{"href":"https:\/\/info.sadowne.pl\/index.php?rest_route=\/wp\/v2\/types\/post"}],"author":[{"embeddable":true,"href":"https:\/\/info.sadowne.pl\/index.php?rest_route=\/wp\/v2\/users\/1"}],"replies":[{"embeddable":true,"href":"https:\/\/info.sadowne.pl\/index.php?rest_route=%2Fwp%2Fv2%2Fcomments&post=19330"}],"version-history":[{"count":1,"href":"https:\/\/info.sadowne.pl\/index.php?rest_route=\/wp\/v2\/posts\/19330\/revisions"}],"predecessor-version":[{"id":19332,"href":"https:\/\/info.sadowne.pl\/index.php?rest_route=\/wp\/v2\/posts\/19330\/revisions\/19332"}],"wp:attachment":[{"href":"https:\/\/info.sadowne.pl\/index.php?rest_route=%2Fwp%2Fv2%2Fmedia&parent=19330"}],"wp:term":[{"taxonomy":"category","embeddable":true,"href":"https:\/\/info.sadowne.pl\/index.php?rest_route=%2Fwp%2Fv2%2Fcategories&post=19330"},{"taxonomy":"post_tag","embeddable":true,"href":"https:\/\/info.sadowne.pl\/index.php?rest_route=%2Fwp%2Fv2%2Ftags&post=19330"}],"curies":[{"name":"wp","href":"https:\/\/api.w.org\/{rel}","templated":true}]}}