{"id":19365,"date":"2018-10-24T08:54:32","date_gmt":"2018-10-24T06:54:32","guid":{"rendered":"http:\/\/info.sadowne.pl\/?p=19365"},"modified":"2018-10-24T08:54:32","modified_gmt":"2018-10-24T06:54:32","slug":"powazne-zmiany","status":"publish","type":"post","link":"https:\/\/info.sadowne.pl\/?p=19365","title":{"rendered":"Powa\u017cne zmiany\u2026"},"content":{"rendered":"<p><strong><a href=\"http:\/\/info.sadowne.pl\/wp-content\/uploads\/2018\/10\/2018.10.24.1.jpg\" target=\"_blank\" rel=\"noopener noreferrer\"><img loading=\"lazy\" decoding=\"async\" class=\"alignleft wp-image-19366 size-thumbnail\" src=\"http:\/\/info.sadowne.pl\/wp-content\/uploads\/2018\/10\/2018.10.24.1-180x130.jpg\" alt=\"\" width=\"180\" height=\"130\" \/><\/a>Zaj\u0119cia teatralne ucz\u0105 tolerancji, wzajemnego szacunku\u00a0oraz wskazuj\u0105 alternatywne mo\u017cliwo\u015bci sp\u0119dzania czasu wolnego.\u00a0<\/strong><!--more--><\/p>\n<p>Wyzwalaj\u0105 kreatywne postawy uczni\u00f3w, rozwijaj\u0105 wiar\u0119\u00a0w siebie\u00a0oraz ucz\u0105 wsp\u00f3\u0142pracy w grupie i odpowiedzialno\u015bci\u00a0za powierzone zadania, a tak\u017ce poszerzaj\u0105 wiedz\u0119 uczni\u00f3w\u00a0na temat teatru. A wi\u0119c, chyba warto jest je organizowa\u0107.<\/p>\n<p>Przez wiele lat prowadzi\u0142am zaj\u0119cia teatralne w Szkole Podstawowej im. Jana Paw\u0142a II w W\u0119growie. Za\u0142o\u017cy\u0142am\u00a0Grup\u0119 Teatraln\u0105 BAJ, kt\u00f3ra przygotowa\u0142a wiele przedstawie\u0144 i prezentowa\u0142a je szkolnej publiczno\u015bci, rodzicom, dziadkom, wychowankom w\u0119growskich przedszkoli\u00a0oraz uczniom Specjalnego O\u015brodka Szkolno \u2013 Wychowawczego w W\u0119growie.<\/p>\n<p>Swoj\u0105 dzia\u0142alno\u015b\u0107, razem z nazw\u0105 i stron\u0105 internetow\u0105, przenios\u0142am do Sadownego, gdzie od dw\u00f3ch lat w Gminnym O\u015brodku Kultury prowadz\u0119 zaj\u0119cia teatralne. Sadowie\u0144scy aktorzy zaakceptowali nazw\u0119 &#8211; <strong>Grupa Teatralna BAJ<\/strong>. Efekty naszej dwuletniej pracy mo\u017cna by\u0142o \u015bledzi\u0107 na stronie Gminnego O\u015brodka Kultury w Sadownem &#8211; <span style=\"color: #0000ff;\"><strong><a style=\"color: #0000ff;\" href=\"http:\/\/gok.sadowne.pl\/\" target=\"_blank\" rel=\"noopener noreferrer\">http:\/\/gok.sadowne.pl\/<\/a><\/strong><\/span>.<\/p>\n<p>Zapraszamy do odwiedzania naszej strony &#8211; <span style=\"color: #0000ff;\"><strong><a style=\"color: #0000ff;\" href=\"http:\/\/www.baj.prosta.pl\/\" target=\"_blank\" rel=\"noopener noreferrer\">http:\/\/www.baj.prosta.pl\/<\/a><\/strong><\/span> i facebooka &#8211; <span style=\"color: #0000ff;\"><strong><a style=\"color: #0000ff;\" href=\"https:\/\/www.facebook.com\/grupabaj\/\" target=\"_blank\" rel=\"noopener noreferrer\">https:\/\/www.facebook.com\/grupabaj\/<\/a><\/strong><\/span>.<\/p>\n<p><strong>\u00a0\u00a0\u00a0\u00a0\u00a0\u00a0\u00a0\u00a0\u00a0\u00a0\u00a0\u00a0\u00a0\u00a0\u00a0\u00a0\u00a0\u00a0\u00a0\u00a0\u00a0\u00a0\u00a0 <em>Danuta Chyli\u0144ska<\/em><\/strong><\/p>\n","protected":false},"excerpt":{"rendered":"<p>Zaj\u0119cia teatralne ucz\u0105 tolerancji, wzajemnego szacunku\u00a0oraz wskazuj\u0105 alternatywne mo\u017cliwo\u015bci sp\u0119dzania czasu wolnego.\u00a0<\/p>\n","protected":false},"author":1,"featured_media":0,"comment_status":"closed","ping_status":"closed","sticky":false,"template":"","format":"standard","meta":{"footnotes":""},"categories":[5,91,6],"tags":[1706,169,2931,2932],"class_list":["post-19365","post","type-post","status-publish","format-standard","hentry","category-newsy","category-gminny-osrodek-kultury","category-kultura-rozrywka-edukacja","tag-danuta-chylinska","tag-gminny-osrodek-kultury-w-sadownem","tag-grupa-teatralna-baj","tag-zajecia-teatralne"],"views":3521,"_links":{"self":[{"href":"https:\/\/info.sadowne.pl\/index.php?rest_route=\/wp\/v2\/posts\/19365","targetHints":{"allow":["GET"]}}],"collection":[{"href":"https:\/\/info.sadowne.pl\/index.php?rest_route=\/wp\/v2\/posts"}],"about":[{"href":"https:\/\/info.sadowne.pl\/index.php?rest_route=\/wp\/v2\/types\/post"}],"author":[{"embeddable":true,"href":"https:\/\/info.sadowne.pl\/index.php?rest_route=\/wp\/v2\/users\/1"}],"replies":[{"embeddable":true,"href":"https:\/\/info.sadowne.pl\/index.php?rest_route=%2Fwp%2Fv2%2Fcomments&post=19365"}],"version-history":[{"count":1,"href":"https:\/\/info.sadowne.pl\/index.php?rest_route=\/wp\/v2\/posts\/19365\/revisions"}],"predecessor-version":[{"id":19367,"href":"https:\/\/info.sadowne.pl\/index.php?rest_route=\/wp\/v2\/posts\/19365\/revisions\/19367"}],"wp:attachment":[{"href":"https:\/\/info.sadowne.pl\/index.php?rest_route=%2Fwp%2Fv2%2Fmedia&parent=19365"}],"wp:term":[{"taxonomy":"category","embeddable":true,"href":"https:\/\/info.sadowne.pl\/index.php?rest_route=%2Fwp%2Fv2%2Fcategories&post=19365"},{"taxonomy":"post_tag","embeddable":true,"href":"https:\/\/info.sadowne.pl\/index.php?rest_route=%2Fwp%2Fv2%2Ftags&post=19365"}],"curies":[{"name":"wp","href":"https:\/\/api.w.org\/{rel}","templated":true}]}}