{"id":19371,"date":"2018-10-25T09:00:23","date_gmt":"2018-10-25T07:00:23","guid":{"rendered":"http:\/\/info.sadowne.pl\/?p=19371"},"modified":"2018-10-25T10:02:49","modified_gmt":"2018-10-25T08:02:49","slug":"5-minut-o-wyborach-samorzadowych","status":"publish","type":"post","link":"https:\/\/info.sadowne.pl\/?p=19371","title":{"rendered":"5 minut o\u2026 wyborach samorz\u0105dowych"},"content":{"rendered":"<p><strong><img loading=\"lazy\" decoding=\"async\" class=\"alignleft size-thumbnail wp-image-16974\" src=\"http:\/\/info.sadowne.pl\/wp-content\/uploads\/2017\/10\/wojt2-180x130.jpg\" alt=\"\" width=\"180\" height=\"130\" \/>Drodzy mieszka\u0144cy Gminy Sadowne,<\/strong><!--more--><\/p>\n<p>21 pa\u017adziernika wybrali\u015bcie mnie ponownie na W\u00f3jta Gminy Sadowne, gospodarza najpi\u0119kniejszej Gminy na Mazowszu z wyj\u0105tkowymi mieszka\u0144cami.<\/p>\n<p>Bardzo dzi\u0119kuj\u0119 za ka\u017cdy g\u0142os oddany na mnie oraz na kandydat\u00f3w do Rady Gminy i Rady Powiatu z KWW Wsp\u00f3lna Droga WWE 2018. Jestem wdzi\u0119czny i dumny z Waszego ogromnego zaufania wynosz\u0105cego ponad 74%. Dzi\u0119kuj\u0119 wszystkich mieszka\u0144com za udzia\u0142 w wyborach, bo frekwencja pokaza\u0142a, \u017ce jeste\u015bmy bardzo dojrza\u0142ym spo\u0142ecze\u0144stwem, kt\u00f3ry ch\u0119tnie uczestniczy w aktach budowania lokalnej demokracji.<\/p>\n<p>Dzi\u0119kuj\u0119 za wsparcie, gratulacje, dobre s\u0142owa, u\u015bciski r\u0105k, u\u015bmiechy i rozmowy, kt\u00f3rymi obdarzacie mnie ka\u017cdego dnia. Dzi\u0119kuj\u0119 mojej rodzinie, kt\u00f3ra ca\u0142y czas mnie wspiera i dodaje mi si\u0142 do dalszej pracy.<\/p>\n<p>Gratuluj\u0119 wszystkim kandydatom, kt\u00f3rym si\u0119 powiod\u0142o i uzyskali mandat i dzi\u0119kuj\u0119 tym, kt\u00f3rym si\u0119 nie uda\u0142o, za ich ci\u0119\u017ck\u0105 prac\u0119 oraz po\u015bwi\u0119cony czas. Zach\u0119cam tak\u017ce do dalszego udzia\u0142u w \u017cyciu spo\u0142ecznym. Deklaruj\u0119 r\u00f3wnie\u017c ch\u0119\u0107 wsp\u00f3\u0142pracy ze wszystkimi, kt\u00f3rzy b\u0119d\u0105 chcieli wsp\u00f3lnie ze mn\u0105 s\u0142u\u017cy\u0107 dla dobra naszej Gminy i naszych mieszka\u0144c\u00f3w.<\/p>\n<p>Jeszcze raz dzi\u0119kuj\u0119, bo wspaniale jest mie\u0107 takich mieszka\u0144c\u00f3w jak Wy!<\/p>\n<p>Dzi\u0119kuj\u0119 i deklaruj\u0119, \u017ce poprzez moje do\u015bwiadczenie, zdobyt\u0105 wiedz\u0119 i ci\u0119\u017ck\u0105 prac\u0119 ka\u017cdego dnia b\u0119d\u0119 d\u0105\u017cy\u0142 do tego, aby w naszej kochanej Gminie \u017cy\u0142o si\u0119 lepiej i nowocze\u015bniej. Jestem wybrany przez Was i s\u0142u\u017cy\u0107 chc\u0119 dla Was, bo Gmina Sadowne jest najwa\u017cniejsza!<\/p>\n<p><strong>\u00a0 \u00a0 \u00a0 \u00a0 \u00a0 Wasz W\u00f3jt<\/strong><\/p>\n<p><strong>\u00a0 \u00a0 \u00a0 \u00a0 \u00a0 Waldemar Cyran<\/strong><\/p>\n<p>&nbsp;<\/p>\n<p>&nbsp;<\/p>\n<p>&nbsp;<\/p>\n","protected":false},"excerpt":{"rendered":"<p>Drodzy mieszka\u0144cy Gminy Sadowne,<\/p>\n","protected":false},"author":1,"featured_media":0,"comment_status":"closed","ping_status":"closed","sticky":false,"template":"","format":"standard","meta":{"footnotes":""},"categories":[1204,5,41],"tags":[2934,1033,614],"class_list":["post-19371","post","type-post","status-publish","format-standard","hentry","category-5-minut-o","category-newsy","category-wiesci-gminne","tag-5-minut-o-wyborach-samorzadowych","tag-waldemar-cyran","tag-wojt-gminy-sadowne"],"views":3193,"_links":{"self":[{"href":"https:\/\/info.sadowne.pl\/index.php?rest_route=\/wp\/v2\/posts\/19371","targetHints":{"allow":["GET"]}}],"collection":[{"href":"https:\/\/info.sadowne.pl\/index.php?rest_route=\/wp\/v2\/posts"}],"about":[{"href":"https:\/\/info.sadowne.pl\/index.php?rest_route=\/wp\/v2\/types\/post"}],"author":[{"embeddable":true,"href":"https:\/\/info.sadowne.pl\/index.php?rest_route=\/wp\/v2\/users\/1"}],"replies":[{"embeddable":true,"href":"https:\/\/info.sadowne.pl\/index.php?rest_route=%2Fwp%2Fv2%2Fcomments&post=19371"}],"version-history":[{"count":2,"href":"https:\/\/info.sadowne.pl\/index.php?rest_route=\/wp\/v2\/posts\/19371\/revisions"}],"predecessor-version":[{"id":19373,"href":"https:\/\/info.sadowne.pl\/index.php?rest_route=\/wp\/v2\/posts\/19371\/revisions\/19373"}],"wp:attachment":[{"href":"https:\/\/info.sadowne.pl\/index.php?rest_route=%2Fwp%2Fv2%2Fmedia&parent=19371"}],"wp:term":[{"taxonomy":"category","embeddable":true,"href":"https:\/\/info.sadowne.pl\/index.php?rest_route=%2Fwp%2Fv2%2Fcategories&post=19371"},{"taxonomy":"post_tag","embeddable":true,"href":"https:\/\/info.sadowne.pl\/index.php?rest_route=%2Fwp%2Fv2%2Ftags&post=19371"}],"curies":[{"name":"wp","href":"https:\/\/api.w.org\/{rel}","templated":true}]}}