{"id":19374,"date":"2018-10-28T09:01:02","date_gmt":"2018-10-28T08:01:02","guid":{"rendered":"http:\/\/info.sadowne.pl\/?p=19374"},"modified":"2018-10-28T09:01:02","modified_gmt":"2018-10-28T08:01:02","slug":"i-juz-sa-pelnoprawnymi-uczniami","status":"publish","type":"post","link":"https:\/\/info.sadowne.pl\/?p=19374","title":{"rendered":"I ju\u017c s\u0105 pe\u0142noprawnymi uczniami!"},"content":{"rendered":"<p><strong><a href=\"http:\/\/info.sadowne.pl\/wp-content\/uploads\/2018\/10\/2018.10.28.1.jpg\" target=\"_blank\" rel=\"noopener noreferrer\"><img loading=\"lazy\" decoding=\"async\" class=\"alignleft wp-image-19375 size-thumbnail\" src=\"http:\/\/info.sadowne.pl\/wp-content\/uploads\/2018\/10\/2018.10.28.1-180x130.jpg\" alt=\"\" width=\"180\" height=\"130\" \/><\/a>26 pa\u017adziernika 2018 roku to wa\u017cna data w\u00a0\u017cyciu Szko\u0142y Podstawowej im. ks. Jana Twardowskiego w Grabinach. Tego dnia odby\u0142o si\u0119 pasowanie pierwszak\u00f3w na uczni\u00f3w Szko\u0142y.<\/strong><!--more--><\/p>\n<p>Rozpocz\u0119cie nauki w\u00a0szkole jest wielkim prze\u017cyciem dla dziecka i\u00a0jego rodziny. Dzieci poznaj\u0105 nowe \u015brodowisko, jakim jest szko\u0142a. Musz\u0105 sprosta\u0107 nowym wymaganiom, jakie stawiaj\u0105 przed nimi nauczyciele.<\/p>\n<p><a href=\"http:\/\/info.sadowne.pl\/wp-content\/uploads\/2018\/10\/2018.10.28.2.jpg\" target=\"_blank\" rel=\"noopener noreferrer\"><img loading=\"lazy\" decoding=\"async\" class=\"alignright wp-image-19376 size-medium\" src=\"http:\/\/info.sadowne.pl\/wp-content\/uploads\/2018\/10\/2018.10.28.2-300x225.jpg\" alt=\"\" width=\"300\" height=\"225\" srcset=\"https:\/\/info.sadowne.pl\/wp-content\/uploads\/2018\/10\/2018.10.28.2-300x225.jpg 300w, https:\/\/info.sadowne.pl\/wp-content\/uploads\/2018\/10\/2018.10.28.2-768x576.jpg 768w, https:\/\/info.sadowne.pl\/wp-content\/uploads\/2018\/10\/2018.10.28.2.jpg 778w\" sizes=\"auto, (max-width: 300px) 100vw, 300px\" \/><\/a>Do uroczysto\u015bci \u015blubowania uczniowie przygotowywali si\u0119 po okiem wychowawczyni p. El\u017cbiety Kujawy od pocz\u0105tku roku szkolnego. Uczyli si\u0119 piosenek, wierszy, poznawali prawa i\u00a0obowi\u0105zki ucznia.<\/p>\n<p>Tego dnia uczniowie przybyli do szko\u0142y w\u00a0strojach galowych. Na pocz\u0105tku uczniowie zaprezentowali sw\u00f3j program artystyczny. Mimo du\u017cej tremy wszystko wypad\u0142o znakomicie. Kulminacyjnym punktem by\u0142o uroczyste \u015blubowanie na sztandar szko\u0142y.<\/p>\n<p><strong>Wi\u0119cej na stronie <span style=\"color: #0000ff;\"><a style=\"color: #0000ff;\" href=\"http:\/\/zspgrabiny.pl\/szkola-podstawowa\/2018\/10\/26\/slubowanie-klasy-1-2\/#more-2321\" target=\"_blank\" rel=\"noopener noreferrer\">http:\/\/zspgrabiny.pl\/szkola-podstawowa\/2018\/10\/26\/slubowanie-klasy-1-2\/#more-2321<\/a><\/span><\/strong><\/p>\n<p><strong>\u0179r\u00f3d\u0142o\/foto:<\/strong> <a href=\"http:\/\/zspgrabiny.pl\/szkola-podstawowa\/\" target=\"_blank\" rel=\"noopener noreferrer\">http:\/\/zspgrabiny.pl\/szkola-podstawowa\/<\/a><\/p>\n","protected":false},"excerpt":{"rendered":"<p>26 pa\u017adziernika 2018 roku to wa\u017cna data w\u00a0\u017cyciu Szko\u0142y Podstawowej im. ks. Jana Twardowskiego w Grabinach. Tego dnia odby\u0142o si\u0119 pasowanie pierwszak\u00f3w na uczni\u00f3w Szko\u0142y.<\/p>\n","protected":false},"author":1,"featured_media":0,"comment_status":"closed","ping_status":"closed","sticky":false,"template":"","format":"standard","meta":{"footnotes":""},"categories":[5,1752,1120],"tags":[2936,2935],"class_list":["post-19374","post","type-post","status-publish","format-standard","hentry","category-newsy","category-edukacja","category-zespol-szkolno-przedszkolny-w-grabinach","tag-pasowanie-na-ucznia-szkoly-w-grabinach","tag-szkola-podstawowa-w-grabinach"],"views":2807,"_links":{"self":[{"href":"https:\/\/info.sadowne.pl\/index.php?rest_route=\/wp\/v2\/posts\/19374","targetHints":{"allow":["GET"]}}],"collection":[{"href":"https:\/\/info.sadowne.pl\/index.php?rest_route=\/wp\/v2\/posts"}],"about":[{"href":"https:\/\/info.sadowne.pl\/index.php?rest_route=\/wp\/v2\/types\/post"}],"author":[{"embeddable":true,"href":"https:\/\/info.sadowne.pl\/index.php?rest_route=\/wp\/v2\/users\/1"}],"replies":[{"embeddable":true,"href":"https:\/\/info.sadowne.pl\/index.php?rest_route=%2Fwp%2Fv2%2Fcomments&post=19374"}],"version-history":[{"count":1,"href":"https:\/\/info.sadowne.pl\/index.php?rest_route=\/wp\/v2\/posts\/19374\/revisions"}],"predecessor-version":[{"id":19377,"href":"https:\/\/info.sadowne.pl\/index.php?rest_route=\/wp\/v2\/posts\/19374\/revisions\/19377"}],"wp:attachment":[{"href":"https:\/\/info.sadowne.pl\/index.php?rest_route=%2Fwp%2Fv2%2Fmedia&parent=19374"}],"wp:term":[{"taxonomy":"category","embeddable":true,"href":"https:\/\/info.sadowne.pl\/index.php?rest_route=%2Fwp%2Fv2%2Fcategories&post=19374"},{"taxonomy":"post_tag","embeddable":true,"href":"https:\/\/info.sadowne.pl\/index.php?rest_route=%2Fwp%2Fv2%2Ftags&post=19374"}],"curies":[{"name":"wp","href":"https:\/\/api.w.org\/{rel}","templated":true}]}}