{"id":19415,"date":"2018-11-06T17:35:33","date_gmt":"2018-11-06T16:35:33","guid":{"rendered":"http:\/\/info.sadowne.pl\/?p=19415"},"modified":"2018-11-06T17:35:33","modified_gmt":"2018-11-06T16:35:33","slug":"pasowanie-na-przedszkolaka-2","status":"publish","type":"post","link":"https:\/\/info.sadowne.pl\/?p=19415","title":{"rendered":"Pasowanie na przedszkolaka\u2026"},"content":{"rendered":"<p><strong><img loading=\"lazy\" decoding=\"async\" class=\"alignleft size-thumbnail wp-image-19416\" src=\"http:\/\/info.sadowne.pl\/wp-content\/uploads\/2018\/11\/2018.11.06.1-180x130.jpg\" alt=\"\" width=\"180\" height=\"130\" \/>6<\/strong><strong> listopada sadowie\u0144skie maluchy pasowano na przedszkolak\u00f3w.<\/strong><!--more--><\/p>\n<p>Uroczysto\u015b\u0107 \u201ePasowania na przedszkolaka 2018\u201d odby\u0142a si\u0119 w Sali OSP w Sadownem, a w\u015br\u00f3d zaproszonych go\u015bci znale\u017ali si\u0119 ich najbli\u017csi oraz w\u0142adze Gminy: W\u00f3jt p. Waldemar Cyran, Zast\u0119pca W\u00f3jta \u2013 p. Marcin Gr\u0119da i Ksi\u0119gowa p. Anna Rukat. Przyby\u0142ych powita\u0142a p. Dyrektor Przedszkola Agata S\u0119dek.<\/p>\n<p>Cz\u0119\u015b\u0107 artystyczna, przygotowana przez przedszkolak\u00f3w, zachwyci\u0142a obecnych, ale najwa\u017cniejsze przecie\u017c by\u0142y s\u0142owa przysi\u0119gi i samo \u201epasowanie\u201d. Dzielnie i z majestatem znie\u015bli je bohaterowie dzisiejszego dnia, kt\u00f3rzy r\u00f3wnie\u017c otrzymali sw\u00f3j pierwszy, wa\u017cny dokument potwierdzaj\u0105cy to wydarzenie.<\/p>\n<p><span style=\"color: #0000ff;\"><a style=\"color: #0000ff;\" href=\"https:\/\/photos.google.com\/share\/AF1QipNMsNLVRXC5QfNiahHFC7NCHCNAcdsYtybJZrydICWWIFOVvOqFS8eSRhKM3CNKrg?key=QkpjSmM5VGd4MUFYcVpiYUwtWDVZZTZ4TENCVXpn\" target=\"_blank\" rel=\"noopener noreferrer\"><strong>Zdj\u0119cia w galerii Google&gt;&gt;&gt;<\/strong><\/a><\/span><\/p>\n<p><strong>Tekst\/foto:\u00a0<\/strong>S\u0142awek Chyli\u0144ski<\/p>\n","protected":false},"excerpt":{"rendered":"<p>6 listopada sadowie\u0144skie maluchy pasowano na przedszkolak\u00f3w.<\/p>\n","protected":false},"author":1,"featured_media":0,"comment_status":"closed","ping_status":"closed","sticky":false,"template":"","format":"standard","meta":{"footnotes":""},"categories":[5,1752,561],"tags":[2667,1057,2286],"class_list":["post-19415","post","type-post","status-publish","format-standard","hentry","category-newsy","category-edukacja","category-przedszkole-w-sadownem","tag-agata-sedek","tag-pasowanie-na-przedszkolaka","tag-przedszkole-w-sadownem"],"views":3187,"_links":{"self":[{"href":"https:\/\/info.sadowne.pl\/index.php?rest_route=\/wp\/v2\/posts\/19415","targetHints":{"allow":["GET"]}}],"collection":[{"href":"https:\/\/info.sadowne.pl\/index.php?rest_route=\/wp\/v2\/posts"}],"about":[{"href":"https:\/\/info.sadowne.pl\/index.php?rest_route=\/wp\/v2\/types\/post"}],"author":[{"embeddable":true,"href":"https:\/\/info.sadowne.pl\/index.php?rest_route=\/wp\/v2\/users\/1"}],"replies":[{"embeddable":true,"href":"https:\/\/info.sadowne.pl\/index.php?rest_route=%2Fwp%2Fv2%2Fcomments&post=19415"}],"version-history":[{"count":1,"href":"https:\/\/info.sadowne.pl\/index.php?rest_route=\/wp\/v2\/posts\/19415\/revisions"}],"predecessor-version":[{"id":19417,"href":"https:\/\/info.sadowne.pl\/index.php?rest_route=\/wp\/v2\/posts\/19415\/revisions\/19417"}],"wp:attachment":[{"href":"https:\/\/info.sadowne.pl\/index.php?rest_route=%2Fwp%2Fv2%2Fmedia&parent=19415"}],"wp:term":[{"taxonomy":"category","embeddable":true,"href":"https:\/\/info.sadowne.pl\/index.php?rest_route=%2Fwp%2Fv2%2Fcategories&post=19415"},{"taxonomy":"post_tag","embeddable":true,"href":"https:\/\/info.sadowne.pl\/index.php?rest_route=%2Fwp%2Fv2%2Ftags&post=19415"}],"curies":[{"name":"wp","href":"https:\/\/api.w.org\/{rel}","templated":true}]}}