{"id":19419,"date":"2018-11-08T13:52:07","date_gmt":"2018-11-08T12:52:07","guid":{"rendered":"http:\/\/info.sadowne.pl\/?p=19419"},"modified":"2018-11-24T18:07:04","modified_gmt":"2018-11-24T17:07:04","slug":"trasa-spacerowa-nr-1","status":"publish","type":"post","link":"https:\/\/info.sadowne.pl\/?p=19419","title":{"rendered":"Trasa piesza nr 1 w Sadownem"},"content":{"rendered":"<p><strong><a href=\"http:\/\/info.sadowne.pl\/wp-content\/uploads\/2018\/11\/2018.11.07.5.jpg\" target=\"_blank\" rel=\"noopener noreferrer\"><img loading=\"lazy\" decoding=\"async\" class=\"alignleft wp-image-19420 size-thumbnail\" src=\"http:\/\/info.sadowne.pl\/wp-content\/uploads\/2018\/11\/2018.11.07.5-180x130.jpg\" alt=\"\" width=\"180\" height=\"130\" \/><\/a>\u201eSadowie\u0144skie spacery\u201d &#8211; na pocz\u0105tek proponujemy wycieczk\u0119 ku temu, co najbardziej w Sadownem widoczne. <\/strong><!--more--><\/p>\n<p>Nad panoram\u0105 Sadownego g\u00f3ruj\u0105 dostrzegalne z wielu punkt\u00f3w wie\u017ce pi\u0119knego, neogotyckiego ko\u015bcio\u0142a p.w. \u015bw. Jana Chrzciciela i w\u0142a\u015bnie pierwsze kroki wypada skierowa\u0107 tam\u017ce (mapka trasy dost\u0119pna jest na stronie\u00a0<span style=\"color: #0000ff;\"><strong><a style=\"color: #0000ff;\" href=\"https:\/\/www.MapFab.com\/map\/z0o\/Sadowne-trasa-piesza-nr-1\" target=\"_blank\" rel=\"noopener noreferrer\">https:\/\/www.MapFab.com\/map\/z0o\/Sadowne-trasa-piesza-nr-1<\/a><\/strong><\/span>).<br \/>\n<iframe loading=\"lazy\" style=\"margin: 0; padding: 0; border: 0; overflow: hidden;\" src=\"https:\/\/www.MapFab.com\/html\/embedded\/z0o?height=440&amp;width=560&amp;renderInfo=true\" width=\"560\" height=\"440\"><\/iframe><br \/>\n<a><br \/>\nAle nie tak bezpo\u015brednio i nie najkr\u00f3tsz\u0105 drog\u0105 spod Domu Kultury, a nieco dalsz\u0105, za to spokojniejsz\u0105 tras\u0105. Ruszmy wi\u0119c g\u0142\u00f3wn\u0105 ulic\u0105 osady &#8211; ul. T. Ko\u015bciuszki, nieco na po\u0142udnie, by skr\u0119ci\u0107 w pierwsz\u0105 odchodz\u0105c\u0105 w lewo ulic\u0119 Armii Krajowej. To cz\u0119\u015b\u0107 szlaku przemierzanego co roku podczas procesji Bo\u017cego Cia\u0142a przez tysi\u0105ce mieszka\u0144c\u00f3w i go\u015bci. Uliczk\u0105 Armii Krajowej dojdziemy rych\u0142o do Stra\u017cackiej, a ni\u0105 do Placu Ko\u015bcielnego. Po poznaniu skweru, ko\u015bcio\u0142a z otoczeniem i plebanii proponujemy w\u0119dr\u00f3wk\u0119 na cmentarz, potem poln\u0105 drog\u0105 (bezdro\u017cem) nad Bojewk\u0105, by powr\u00f3ci\u0107 uliczkami osiedlowymi do GOK-u.<\/a><\/p>\n<p>Jeszcze na ul. Ko\u015bciuszki dostrze\u017cecie niemal vis a vis startu piekarni\u0119 oferuj\u0105c\u0105 nie tylko wiele rodzaj\u00f3w chleba i bu\u0142ek, ale tak\u017ce smaczne i tanie wyroby cukiernicze. Przez wiele lat stanowi\u0142a ona w\u0142asno\u015b\u0107 tragicznie do\u015bwiadczonej podczas II wojny \u015bwiatowej rodziny Lubkiewicz\u00f3w (o tym bli\u017cej przy opisie spaceru ul. Mazowieck\u0105). Tu\u017c za ni\u0105 pi\u0119trowy budynek b\u0119d\u0105cy niegdy\u015b pawilonem sklepowym GS-u, niedawno jeszcze sal\u0105 Kr\u00f3lestwa \u015awiadk\u00f3w Jehowy, a teraz adaptowany na cele handlowe. Za nim niegdy\u015b przez lata mie\u015bci\u0142a si\u0119 Poczta.<\/p>\n<p><a href=\"http:\/\/info.sadowne.pl\/wp-content\/uploads\/2018\/11\/2018.11.07.1.jpg\" target=\"_blank\" rel=\"noopener noreferrer\"><img loading=\"lazy\" decoding=\"async\" class=\"alignright wp-image-19421 size-thumbnail\" src=\"http:\/\/info.sadowne.pl\/wp-content\/uploads\/2018\/11\/2018.11.07.1-180x130.jpg\" alt=\"\" width=\"180\" height=\"130\" \/><\/a>Skr\u0119ciwszy w Armii Krajowej z pewno\u015bci\u0105 dostrze\u017cecie w\u015br\u00f3d posesji z domkami po lewej zabudowania gospodarcze (blisko drewniane stod\u00f3\u0142ki, chlewiki). Jeszcze kilkadziesi\u0105t lat temu osiedle mi\u0119dzy ulicami Ko\u015bciuszki, Armii Krajowej, Bojewk\u0105 i Stra\u017cack\u0105 nie istnia\u0142o, a w\u015br\u00f3d p\u00f3l by\u0142o zaledwie kilka zabudowa\u0144 i zagr\u00f3d rolnik\u00f3w. Teraz rolnik\u00f3w w okolicy zaledwie dw\u00f3ch, a zadbanych posesji z parterowymi domkami i niewielkimi ogr\u00f3dkami dziesi\u0105tki.<\/p>\n<p><a href=\"http:\/\/info.sadowne.pl\/wp-content\/uploads\/2018\/11\/2018.11.07.14.jpg\" target=\"_blank\" rel=\"noopener noreferrer\"><img loading=\"lazy\" decoding=\"async\" class=\"alignleft wp-image-19422 size-thumbnail\" src=\"http:\/\/info.sadowne.pl\/wp-content\/uploads\/2018\/11\/2018.11.07.14-180x130.jpg\" alt=\"\" width=\"180\" height=\"130\" \/><\/a>Przez wieki u wlotu Stra\u017cackiej mie\u015bci\u0142y si\u0119 zagrody 4-5 w\u0142o\u015bcian przydzielonych proboszczowi i raz w tygodniu odrabiaj\u0105cych na jego w\u0142\u00f3kach dziesi\u0119cin\u0119. Gdy na Stra\u017cackiej spojrzymy w prawo zobaczymy pi\u0119kn\u0105 kapliczk\u0105 z figurk\u0105 Chrystusa, gdzie zawsze na Bo\u017ce Cia\u0142o ostatni z wiosennych o\u0142tarzy, dalej w\u015br\u00f3d g\u0119stej zabudowy wjazd do \u201eDrew-Sadu\u201d, gdzie mn\u00f3stwo li\u015bciastego drewna w dobrym gatunku, a po lewo budynek gospodarczy ZGK-u (po zlewni mleka) i magazyny \u201eSad-Polu\u201d, co po GS-ie wszelkie artyku\u0142y przemys\u0142owe itp. oferuje.<\/p>\n<p>Gminna Sp\u00f3\u0142dzielnia \u201eSamopomoc Ch\u0142opska\u201d przej\u0119\u0142a opustosza\u0142e po II wojnie dzia\u0142ki sadowie\u0144skich \u017byd\u00f3w. Na nieu\u017cytkach mi\u0119dzy Stra\u017cack\u0105 a Ko\u015bciuszki, a dalej w Choinie przy Mazowieckiej by\u0142o ok. 30. posesji \u017cydowskich. Fragmenty tory z ich Bo\u017cnicy mo\u017cna obejrze\u0107 w naszym Muzeum Ziemi Sadowie\u0144skiej.<\/p>\n<p><a href=\"http:\/\/info.sadowne.pl\/wp-content\/uploads\/2018\/11\/2018.11.07.7.jpg\" target=\"_blank\" rel=\"noopener noreferrer\"><img loading=\"lazy\" decoding=\"async\" class=\"alignright wp-image-19423 size-thumbnail\" src=\"http:\/\/info.sadowne.pl\/wp-content\/uploads\/2018\/11\/2018.11.07.7-180x130.jpg\" alt=\"\" width=\"180\" height=\"130\" \/><\/a>A u wylotu Stra\u017cackiej z lewej zauwa\u017cymy zaplecze Banku Sp\u00f3\u0142dzielczego i Urz\u0119du Gminy oraz gara\u017ce Remizy Ochotniczej Stra\u017cy Po\u017carnej (niedawno \u201estukn\u0119\u0142o\u201d jej 90 lat), do kt\u00f3rej budynek gminny dostawiono. Przed wej\u015bciem do Remizy (od p\u00f3\u0142nocy) zwr\u00f3\u0107my uwag\u0119 na rze\u017ab\u0119 \u015bw. Floriana. A z prawej ponownie rolniczy relikt &#8211; stod\u00f3\u0142ka. Przed ni\u0105 ju\u017c zabudowane dzia\u0142ki. Wcze\u015bniej wiejskie siedlisko otoczone by\u0142o do Placu Ko\u015bcielnego targowiskiem, gdzie pod nobliwymi wi\u0105zami swe budki mieli masarze i rze\u017anicy. A na \u201etargu\u201d mo\u017cna by\u0142o te\u017c kupi\u0107 wszystko, co wie\u015b oferowa\u0142a: jaja, gom\u00f3\u0142ki ser\u00f3w, ose\u0142ki mas\u0142a, dr\u00f3b, kr\u00f3liki, ciel\u0119ta, zbo\u017ce itp.<\/p>\n<p>Ze Stra\u017cackiej skr\u0119\u0107my w prawo i za parkingiem \u015bmia\u0142o wejd\u017amy w alejk\u0119 wiod\u0105c\u0105 po skosie do Ko\u015bcio\u0142a. Skwerek przed \u015bwi\u0105tyni\u0105 urz\u0105dzono ju\u017c w 1955 r., przedtem w miejscu tym sta\u0142 stary wikariat. Na \u015brodku odrestaurowanego niedawno skweru, gdzie alejki krzy\u017cuj\u0105 si\u0119, stoi pomnik Prymasa Stefana Wyszy\u0144skiego, kt\u00f3rego ojciec by\u0142 organist\u0105 w pobliskiej Prostyni. Po lewej, w\u015br\u00f3d niewielkich sosen, dostrze\u017cemy rze\u017ab\u0119 patrona my\u015bliwych \u015bw. Huberta, a id\u0105c dalej, ku bramie ko\u015bcio\u0142a, wspania\u0142\u0105 kapliczk\u0119 z 1917 r. Matki Boskiej Niepokalanie Pocz\u0119tej, a po prawej g\u0142az upami\u0119tniaj\u0105cy 500-lecie Sadownego &#8211; <span style=\"color: #0000ff;\"><strong><a style=\"color: #0000ff;\" href=\"https:\/\/photos.google.com\/share\/AF1QipNidkY_7YL48FFCB2JIa6InMfmdp_Hg8ej2gTJQ8ebAU-6DbhL9SHrZb38OyV2IgA?key=Y1hfaWN3X2hNeGhscm95RVJnVGFFb1BhdHlqdjZn\" target=\"_blank\" rel=\"noopener noreferrer\">wi\u0119cej&gt;&gt;&gt;<\/a><\/strong><\/span><\/p>\n<p>Przed nami nasza \u015bwi\u0105tynia z otaczaj\u0105cym j\u0105, wzniesionym w latach 30. ubieg\u0142ego wieku, parkanem z kamieni. W tym miejscu sta\u0142y ju\u017c dwa drewniane ko\u015bcio\u0142y, pierwszy erygowany w 1524 r., a drugi w 1748 r. Przy nich, g\u0142\u00f3wnie od po\u0142udnia, przez ponad 300 lat grzebano zw\u0142oki parafian. Obecny zbudowano ogromnym wysi\u0142kiem w latach 1906 \u2013 1909. Przed \u015bwi\u0105tyni\u0105 m.in. pomniki b\u0142. ks. J. Popie\u0142uszki i \u015bwi\u0119tego Papie\u017ca Jana Paw\u0142a II. Histori\u0119 Parafii z dziejami ko\u015bcio\u0142\u00f3w do 1959 r. opisa\u0142 jeden z proboszcz\u00f3w ks. mgr Piotr Aleksandrowicz, a reprint z jego maszynopisu jest dost\u0119pny, jak i inne publikacje dotycz\u0105ce lokalnej historii, w Gminnej Bibliotece Publicznej w Sadownem <span style=\"color: #0000ff;\"><strong><span style=\"color: #0000ff;\">&#8211;<\/span><a style=\"color: #0000ff;\" href=\"https:\/\/photos.google.com\/share\/AF1QipMWRYTgzrusi7TkpFQP6CJ3PuSrt-r9Yy5kk1ViDInCLFJ3dcUEAd7J7y_JERAIow?key=UWlLUDFtV0RRYUVaMktuSHZfanZodTRBNWZ3X1Nn\" target=\"_blank\" rel=\"noopener noreferrer\"> wi\u0119cej&gt;&gt;&gt;<\/a><\/strong><\/span><\/p>\n<p>Kr\u00f3tko tylko wzmiankujmy, \u017ce wspania\u0142a \u015bwi\u0105tynia liczy 50 m d\u0142ugo\u015bci, 18 m szeroko\u015bci, a jej dwie strzeliste wie\u017ce s\u0105 wysokie na 18,66 m. Jej tr\u00f3jnawowe wn\u0119trze kryje trzy pi\u0119kne o\u0142tarze, wspania\u0142e sklepienie, wznios\u0142e kolumny, wiele cennych i przepi\u0119knych obraz\u00f3w, zabytkowe organy, pi\u0119kn\u0105 ambon\u0119, pami\u0105tkowe tablice, chor\u0105gwie itp. Na podziwianie wszystkich wspania\u0142o\u015bci zarezerwujcie sobie naprawd\u0119 wi\u0119cej czasu.<\/p>\n<p><a href=\"http:\/\/info.sadowne.pl\/wp-content\/uploads\/2018\/11\/2018.11.07.8.jpg\" target=\"_blank\" rel=\"noopener noreferrer\"><img loading=\"lazy\" decoding=\"async\" class=\"alignleft wp-image-19424 size-thumbnail\" src=\"http:\/\/info.sadowne.pl\/wp-content\/uploads\/2018\/11\/2018.11.07.8-180x130.jpg\" alt=\"\" width=\"180\" height=\"130\" \/><\/a>Po opuszczeniu \u015bwi\u0105tyni skierujmy si\u0119 obok dzwonnicy ku furtce w parkanie od strony p\u00f3\u0142nocnej. Przed nami dwie plebanie. Ta z prawej to kolejny (po ko\u015bciele parafialnym) zabytek wpisany do rejestru. Stara plebania zbudowana zosta\u0142a w 1827 r. przy du\u017cym zaanga\u017cowaniu Andrzeja hrabiego Zamojskiego, kt\u00f3rego ojciec Stanis\u0142aw w 1816 r. dosta\u0142 od Ksi\u0119stwa Warszawskiego m.in. Dobra Ra\u017cnie\u0144skie za twierdz\u0119 Zamo\u015b\u0107.<\/p>\n<p><a href=\"http:\/\/info.sadowne.pl\/wp-content\/uploads\/2018\/11\/2018.11.07.9.jpg\" target=\"_blank\" rel=\"noopener noreferrer\"><img loading=\"lazy\" decoding=\"async\" class=\"alignright wp-image-19425 size-thumbnail\" src=\"http:\/\/info.sadowne.pl\/wp-content\/uploads\/2018\/11\/2018.11.07.9-180x130.jpg\" alt=\"\" width=\"180\" height=\"130\" \/><\/a>Po jej nieznacznej rozbudowie mog\u0142o w niej zamieszka\u0107 nawet siedem os\u00f3b. W okresie II wojny \u015bwiatowej spokojny azyl w niej znalaz\u0142o kilku ksi\u0119\u017cy spoza parafii. Za plebani\u0105 mie\u015bci\u0142y si\u0119 budynki gospodarcze du\u017cego probostwa.<\/p>\n<p><a href=\"http:\/\/info.sadowne.pl\/wp-content\/uploads\/2018\/11\/2018.11.07.11.jpg\" target=\"_blank\" rel=\"noopener noreferrer\"><img loading=\"lazy\" decoding=\"async\" class=\"alignleft wp-image-19426 size-thumbnail\" src=\"http:\/\/info.sadowne.pl\/wp-content\/uploads\/2018\/11\/2018.11.07.11-180x130.jpg\" alt=\"\" width=\"180\" height=\"130\" \/><\/a>Kieruj\u0105c si\u0119 ku wschodowi drog\u0105 na Sadole\u015b, ujrzymy z prawej, za ko\u015bcielnym parkanem, nowo oddane targowisko wiejskie \u2013 miejsce niedawnych Do\u017cynek Diecezji Drohiczy\u0144skiej. Dalej po lewo, w g\u0142\u0119bi, z pewno\u015bci\u0105 nasz\u0105 uwag\u0119 przykuje stary, du\u017cy murowany dom Szabelskich. Tu bywa\u0142 wspania\u0142y polski kompozytor Boles\u0142aw Szabelski, a wiele fakt\u00f3w, zwi\u0105zanych nie tylko z t\u0105 okolic\u0105, mo\u017cemy pozna\u0107 w ksi\u0105\u017cce Teresy G\u0142ogowskiej: \u201ePowracaj\u0105ce wspomnienia z dzieci\u0144stwa\u201d (te\u017c dost\u0119pna w Gminnej Bibliotece Publicznej).<\/p>\n<p>Przed nami sadowie\u0144ski cmentarz. Przeniesiony na polecenie w\u0142adz carskich spod ko\u015bcio\u0142a w 1843 r. To obecnie spora nekropolia, kt\u00f3ra pocz\u0105tkowo zajmowa\u0142a jedynie widoczne wzg\u00f3rze. Wejd\u017amy od zachodu ku pag\u00f3rkowi. Star\u0105 cz\u0119\u015b\u0107 cmentarza porastaj\u0105 nobliwe d\u0119by szypu\u0142kowe, kt\u00f3rych ogromne ga\u0142\u0119zie rozpo\u015bcieraj\u0105 si\u0119, jak baldachimy nad setkami grob\u00f3w. Niesamowite wra\u017cenie tworz\u0105 efekty \u015bwietlne od tysi\u0119cy p\u0142on\u0105cych w listopadzie lampek, z kt\u00f3rych jasna \u0142una pod\u015bwietla od do\u0142u z\u0142ote, br\u0105zowe i czerwonawe li\u015bcie pomnikowych d\u0119b\u00f3w. Przy bezwietrznej pogodzie spacer alejkami przypomina zanurzenie w k\u0142\u0119by dymu barwione \u015bwiate\u0142kami z lampek. Nie b\u0119dziemy Pa\u0144stwu wskazywa\u0107 trasy cmentarnej w\u0119dr\u00f3wki. Tu nie spos\u00f3b pob\u0142\u0105dzi\u0107, a zaznaczymy jedynie, \u017ce w\u0119druj\u0105c alejkami i uwa\u017cnie spogl\u0105daj\u0105c w bok, odnajdziecie i groby \u017co\u0142nierzy wrze\u015bnia, co bohatersko bronili Sadownego w 1939 r., i partyzant\u00f3w z Armii Krajowej, i wielu, wielu ludzi, kt\u00f3rzy w historii tych ziem zapisali si\u0119 z\u0142otymi zg\u0142oskami. Uwa\u017cni odnajd\u0105 mo\u017ce grobowce jeszcze z XIX w. z napisami cyrylic\u0105 &#8211; <span style=\"color: #0000ff;\"><strong><a style=\"color: #0000ff;\" href=\"https:\/\/photos.google.com\/share\/AF1QipOy388ytuIwoQDYZ33eDCNV8emsdGALDRbud2IVTtZFrmrDwoCrIQLi6_aQST6ucg?key=Qm5BdGN5ZlpvYmxnRTBiSEVhbWRxek9YZ0ptVlBR\" target=\"_blank\" rel=\"noopener noreferrer\">wi\u0119cej&gt;&gt;&gt;<\/a><\/strong><\/span><\/p>\n<p><a href=\"http:\/\/info.sadowne.pl\/wp-content\/uploads\/2018\/11\/2018.11.07.3.jpg\" target=\"_blank\" rel=\"noopener noreferrer\"><img loading=\"lazy\" decoding=\"async\" class=\"alignright wp-image-19427 size-thumbnail\" src=\"http:\/\/info.sadowne.pl\/wp-content\/uploads\/2018\/11\/2018.11.07.3-180x130.jpg\" alt=\"\" width=\"180\" height=\"130\" \/><\/a>Z cmentarza wyjd\u017amy bram\u0105 od p\u00f3\u0142nocy i skierujmy si\u0119 w prawo \u2013 do Sadolesia. Zanim szybko miniemy mostek na rzeczce Bojewka, sp\u00f3jrzmy w lewo, by w oddali dostrzec budynek PSB \u201eMr\u00f3wka\u201d po\u0142o\u017cony przed krajow\u0105 \u201e50\u201d, po kt\u00f3rej przemykaj\u0105 sznury aut.<\/p>\n<p><a href=\"http:\/\/info.sadowne.pl\/wp-content\/uploads\/2018\/11\/2018.11.07.2.jpg\" target=\"_blank\" rel=\"noopener noreferrer\"><img loading=\"lazy\" decoding=\"async\" class=\"alignleft wp-image-19428 size-thumbnail\" src=\"http:\/\/info.sadowne.pl\/wp-content\/uploads\/2018\/11\/2018.11.07.2-180x130.jpg\" alt=\"\" width=\"180\" height=\"130\" \/><\/a>Za mostkiem skr\u0119\u0107my w ma\u0142o widoczn\u0105 poln\u0105 drog\u0119, co ci\u0105gnie si\u0119 ku po\u0142udniowi wzd\u0142u\u017c Bojewki w kierunku lasu Jegiel. Tu do\u015bwiadczycie sami jak w Sadownem powstawa\u0142y ulice, nim dojdziemy do \u017cwir\u00f3wki na Grzyma\u0142y, przejdziemy koleinami powsta\u0142ymi na miedzy mi\u0119dzy polami. Ujrzycie te\u017c metalow\u0105 k\u0142adk\u0119 nad Bojewk\u0105 i br\u00f3d za ni\u0105. Tak niegdy\u015b pokonywano rzeczki, gdy jeszcze mostk\u00f3w nie by\u0142o.<\/p>\n<p><a href=\"http:\/\/info.sadowne.pl\/wp-content\/uploads\/2018\/11\/2018.11.07.4.jpg\" target=\"_blank\" rel=\"noopener noreferrer\"><img loading=\"lazy\" decoding=\"async\" class=\"alignright wp-image-19430 size-thumbnail\" src=\"http:\/\/info.sadowne.pl\/wp-content\/uploads\/2018\/11\/2018.11.07.4-180x130.jpg\" alt=\"\" width=\"180\" height=\"130\" \/><\/a>Spaceruj\u0105c t\u0105 niemal nieucz\u0119szczan\u0105 drog\u0105, mo\u017cemy z perspektywy obejrze\u0107 panoram\u0119 Sadownego. Spacer ten b\u0119dzie szczeg\u00f3lnie ekscytuj\u0105cy w listopadowe, pogodne, b\u0105d\u017a mgliste wieczory, bo w\u00f3wczas widok po\u0142o\u017conego na pierwszym planie roz\u015bwietlonego tysi\u0105cami kolorowych lampek cmentarnego wzg\u00f3rza, a za nim ko\u015bcio\u0142a i osady, robi wr\u0119cz ba\u015bniowe, tajemnicze wra\u017cenie.<\/p>\n<p><a href=\"http:\/\/info.sadowne.pl\/wp-content\/uploads\/2018\/11\/2018.11.07.6.jpg\" target=\"_blank\" rel=\"noopener noreferrer\"><img loading=\"lazy\" decoding=\"async\" class=\"alignleft wp-image-19429 size-thumbnail\" src=\"http:\/\/info.sadowne.pl\/wp-content\/uploads\/2018\/11\/2018.11.07.6-180x130.jpg\" alt=\"\" width=\"180\" height=\"130\" \/><\/a>Z lewej dojrzymy kilka letniskowych domk\u00f3w, co przed poro\u015bni\u0119t\u0105 sosenkami \u0141ys\u0105 G\u00f3rk\u0105 przycupn\u0119\u0142y, a przed ul. B\u0142. E. Grzyma\u0142y (jeszcze niedawno Cz. Wycecha) budynki: oczyszczalni \u015bciek\u00f3w Zak\u0142adu Gospodarki Komunalnej oraz po Sp\u00f3\u0142dzielni K\u00f3\u0142ek Rolniczych (obecnie funkcjonuje tu firma EF-Trading) i blok z kilkoma mieszkaniami.<\/p>\n<p><a href=\"http:\/\/info.sadowne.pl\/wp-content\/uploads\/2018\/11\/2018.11.07.7.1.jpg\" target=\"_blank\" rel=\"noopener noreferrer\"><img loading=\"lazy\" decoding=\"async\" class=\"alignright wp-image-19431 size-thumbnail\" src=\"http:\/\/info.sadowne.pl\/wp-content\/uploads\/2018\/11\/2018.11.07.7.1-180x130.jpg\" alt=\"\" width=\"180\" height=\"130\" \/><\/a>Ulic\u0105 Grzyma\u0142y ruszymy w\u015br\u00f3d p\u00f3l i \u0142\u0105k ku zachodowi. Z lewej towarzyszy\u0107 nam b\u0119dzie \u201e\u015bciana\u201d serwitutowego lasu, pi\u0119kna zw\u0142aszcza jesieni\u0105, gdzie stare z\u0142oto li\u015bci przeplata si\u0119 z g\u0142\u0119bok\u0105 zieleni\u0105 kolek. Po kilkuset metrach skr\u0119\u0107my w prawo na mostek przez Bojewk\u0119 i ruszmy ponownie ul. Stra\u017cack\u0105 w\u015br\u00f3d jednorodzinnych, zadbanych domostw.<\/p>\n<p><a href=\"http:\/\/info.sadowne.pl\/wp-content\/uploads\/2018\/11\/2018.11.07.12.jpg\" target=\"_blank\" rel=\"noopener noreferrer\"><img loading=\"lazy\" decoding=\"async\" class=\"alignleft wp-image-19432 size-thumbnail\" src=\"http:\/\/info.sadowne.pl\/wp-content\/uploads\/2018\/11\/2018.11.07.12-180x130.jpg\" alt=\"\" width=\"180\" height=\"130\" \/><\/a>Zaraz skr\u0119\u0107my w lewo w zadban\u0105, ze \u015bwie\u017c\u0105 kostk\u0105, ulic\u0119 Kazimierza Stefanowicza (w ko\u0144cu bohaterski patron doczeka\u0142 si\u0119 zagospodarowania ulicy tak, \u017ce tylko \u017cyczy\u0107 nale\u017cy, by wszystkie nasze uliczki tak wygl\u0105da\u0142y),<\/p>\n<p><a href=\"http:\/\/info.sadowne.pl\/wp-content\/uploads\/2018\/11\/2018.11.07.13.jpg\" target=\"_blank\" rel=\"noopener noreferrer\"><img loading=\"lazy\" decoding=\"async\" class=\"alignright wp-image-19433 size-thumbnail\" src=\"http:\/\/info.sadowne.pl\/wp-content\/uploads\/2018\/11\/2018.11.07.13-180x130.jpg\" alt=\"\" width=\"180\" height=\"130\" \/><\/a>a z niej w prawo, w Poln\u0105, kt\u00f3r\u0105 dojdziemy do Armii Krajowej, ni\u0105 w lewo do Ko\u015bciuszki i w prawo do naszego GOK-u.<\/p>\n<p><a href=\"http:\/\/info.sadowne.pl\/wp-content\/uploads\/2018\/11\/2018.11.07.10.jpg\" target=\"_blank\" rel=\"noopener noreferrer\"><img loading=\"lazy\" decoding=\"async\" class=\"alignleft wp-image-19434 size-thumbnail\" src=\"http:\/\/info.sadowne.pl\/wp-content\/uploads\/2018\/11\/2018.11.07.10-180x130.jpg\" alt=\"\" width=\"180\" height=\"130\" \/><\/a>Przespacerujemy zaledwie oko\u0142o 4 km, \u201eokr\u0105\u017caj\u0105c\u201d centrum wsi od wschodu, a czas w\u0119dr\u00f3wki trudno okre\u015bli\u0107, bo przecie\u017c miejsc, kt\u00f3re przykuj\u0105 nasz\u0105 uwag\u0119, zmusz\u0105 do zatrzymania, refleksji czy zadumy, jest wiele.<\/p>\n<p><img loading=\"lazy\" decoding=\"async\" class=\"aligncenter size-full wp-image-19436\" src=\"http:\/\/info.sadowne.pl\/wp-content\/uploads\/2018\/11\/2018.11.07.15.jpg\" alt=\"\" width=\"250\" height=\"250\" \/><\/p>\n<p><strong>Tekst:<\/strong> RW<\/p>\n<p><strong>Foto:<\/strong> S\u0142awek Chyli\u0144ski<\/p>\n","protected":false},"excerpt":{"rendered":"<p>\u201eSadowie\u0144skie spacery\u201d &#8211; na pocz\u0105tek proponujemy wycieczk\u0119 ku temu, co najbardziej w Sadownem widoczne.<\/p>\n","protected":false},"author":1,"featured_media":0,"comment_status":"closed","ping_status":"closed","sticky":false,"template":"","format":"standard","meta":{"footnotes":""},"categories":[5,906,7,2962],"tags":[169,2940,2944],"class_list":["post-19419","post","type-post","status-publish","format-standard","hentry","category-newsy","category-rekreacja","category-sport","category-trasy-piesze","tag-gminny-osrodek-kultury-w-sadownem","tag-sadowienskie-spacery","tag-trasa-piesza-nr-1-w-sadownem"],"views":3516,"_links":{"self":[{"href":"https:\/\/info.sadowne.pl\/index.php?rest_route=\/wp\/v2\/posts\/19419","targetHints":{"allow":["GET"]}}],"collection":[{"href":"https:\/\/info.sadowne.pl\/index.php?rest_route=\/wp\/v2\/posts"}],"about":[{"href":"https:\/\/info.sadowne.pl\/index.php?rest_route=\/wp\/v2\/types\/post"}],"author":[{"embeddable":true,"href":"https:\/\/info.sadowne.pl\/index.php?rest_route=\/wp\/v2\/users\/1"}],"replies":[{"embeddable":true,"href":"https:\/\/info.sadowne.pl\/index.php?rest_route=%2Fwp%2Fv2%2Fcomments&post=19419"}],"version-history":[{"count":6,"href":"https:\/\/info.sadowne.pl\/index.php?rest_route=\/wp\/v2\/posts\/19419\/revisions"}],"predecessor-version":[{"id":19571,"href":"https:\/\/info.sadowne.pl\/index.php?rest_route=\/wp\/v2\/posts\/19419\/revisions\/19571"}],"wp:attachment":[{"href":"https:\/\/info.sadowne.pl\/index.php?rest_route=%2Fwp%2Fv2%2Fmedia&parent=19419"}],"wp:term":[{"taxonomy":"category","embeddable":true,"href":"https:\/\/info.sadowne.pl\/index.php?rest_route=%2Fwp%2Fv2%2Fcategories&post=19419"},{"taxonomy":"post_tag","embeddable":true,"href":"https:\/\/info.sadowne.pl\/index.php?rest_route=%2Fwp%2Fv2%2Ftags&post=19419"}],"curies":[{"name":"wp","href":"https:\/\/api.w.org\/{rel}","templated":true}]}}