{"id":19441,"date":"2018-11-09T20:49:41","date_gmt":"2018-11-09T19:49:41","guid":{"rendered":"http:\/\/info.sadowne.pl\/?p=19441"},"modified":"2018-11-09T20:58:42","modified_gmt":"2018-11-09T19:58:42","slug":"jestem-polakiem","status":"publish","type":"post","link":"https:\/\/info.sadowne.pl\/?p=19441","title":{"rendered":"Jestem Polakiem\u2026"},"content":{"rendered":"<p><strong><img loading=\"lazy\" decoding=\"async\" class=\"alignleft size-thumbnail wp-image-19442\" src=\"http:\/\/info.sadowne.pl\/wp-content\/uploads\/2018\/11\/2018.11.09.1-180x130.jpg\" alt=\"\" width=\"180\" height=\"130\" \/>\u2026wi\u0119c mam obowi\u0105zki polskie \u2013 to s\u0142owa jednego z \u201eojc\u00f3w\u201d polskiej niepodleg\u0142o\u015bci, Romana Dmowskiego.<\/strong><!--more--><\/p>\n<p><strong>Jak czytamy na oficjalnej stronie Prezydenta RP: <\/strong><\/p>\n<p>\u2026<em>W nast\u0119pstwie dzia\u0142a\u0144 zaborc\u00f3w w latach 1772, 1793 i 1795 Rzeczpospolita przesta\u0142a istnie\u0107 na mapie Europy. Jednak dla Narodu Polskiego w\u0142asne, suwerenne pa\u0144stwo by\u0142o warto\u015bci\u0105 najwy\u017csz\u0105. Walka o niepodleg\u0142o\u015b\u0107 trwa\u0142a ponad sto lat i\u00a0naznaczona by\u0142a ofiar\u0105 krwi przelan\u0105 w wojnach napoleo\u0144skich, w licznych zrywach niepodleg\u0142o\u015bciowych, w powstaniu listopadowym i styczniowym, oraz na polach bitewnych I wojny \u015bwiatowej\u2026 <\/em><\/p>\n<p><em>\u2026<\/em><em>Marzenia o wolno\u015bci spe\u0142ni\u0142y si\u0119 wraz z kl\u0119sk\u0105 wszystkich trzech zaborc\u00f3w i\u00a0zako\u0144czeniem I wojny \u015bwiatowej, w wyniku kt\u00f3rej Polska odzyska\u0142a niepodleg\u0142o\u015b\u0107\u2026 <\/em><\/p>\n<p><em>\u2026Dzie\u0144 11 listopada ustanowiony zosta\u0142 uroczystym \u015awi\u0119tem Niepodleg\u0142o\u015bci na mocy ustawy z dnia 23 kwietnia 1937 r. o \u015awi\u0119cie Niepodleg\u0142o\u015bci. \u015awi\u0119to to zosta\u0142o zniesione po II\u00a0wojnie \u015bwiatowej \u2013 w 1945 r., a nast\u0119pnie przywr\u00f3cone ustaw\u0105 z dnia 15 lutego 1989 r.<\/em><\/p>\n<p><strong>9 listopada w sadowie\u0144skich plac\u00f3wkach o\u015bwiatowych przypomniano histori\u0119 walki narodu polskiego, kt\u00f3rej fina\u0142em by\u0142a niepodleg\u0142o\u015b\u0107.<\/strong> Ukazano te\u017c sylwetki Polak\u00f3w, kt\u00f3rzy w znacz\u0105cy spos\u00f3b wzi\u0119li udzia\u0142 w tworzeniu niepodleg\u0142ego Pa\u0144stwa Polskiego. Upami\u0119tniaj\u0105ca t\u0119 donios\u0142\u0105 rocznic\u0119 uroczysto\u015b\u0107 odby\u0142a si\u0119 w Gminnej Hali Sportowej, a uczestniczyli w niej wsp\u00f3lnie uczniowie Szko\u0142y Podstawowej w Sadownem i Gimnazjum. Przygotowali j\u0105 m\u0142odzi arty\u015bci pod kierunkiem p. Izabeli Wrzosek, a przyby\u0142ych go\u015bci powita\u0142y dyrektorki tych plac\u00f3wek o\u015bwiatowych: p. Ma\u0142gorzata Koro\u015b i p. Ma\u0142gorzata Zy\u015bk.<\/p>\n<p>Prawie jednocze\u015bnie odby\u0142a si\u0119 te\u017c uroczysta akademia Zespo\u0142u Szk\u00f3\u0142 Ponadgimnazjalnych w Sadownem, w kt\u00f3rej wzi\u0119li udzia\u0142 nauczyciele i uczniowie sadowie\u0144skich szk\u00f3\u0142 \u015brednich, a przygotowa\u0142a j\u0105 m\u0142odzie\u017c pod kierunkiem p. Ewy S\u00f3wki i p. Miros\u0142awy Renik. S\u0142owo wst\u0119pne oraz kilka s\u0142\u00f3w o historii polskiej niepodleg\u0142o\u015bci wyg\u0142osi\u0142 Dyrektor ZSP p. S\u0142awomir Ryszawa.<\/p>\n<p>Opraw\u0119 muzyczn\u0105 tych dw\u00f3ch uroczysto\u015bci przygotowa\u0142 p. Kamil Kie\u0142ek. I oczywi\u015bcie o godz. 11.11 od\u015bpiewano wsp\u00f3lnie hymn pa\u0144stwowy.<\/p>\n<p><strong>Kolejny raz mieli\u015bmy okazj\u0119 obejrze\u0107 \u015bwietnie przygotowane prezentacje naszych m\u0142odych artyst\u00f3w.<\/strong> Tym razem jednak ich wyst\u0119py w spos\u00f3b szczeg\u00f3lny \u201echwyta\u0142y\u201d widz\u00f3w za serca \u2013 dotyczy\u0142y bardzo wa\u017cnego dla Polak\u00f3w wydarzenia \u2013 odzyskania niepodleg\u0142o\u015bci, a tak\u017ce przypomina\u0142y o \u201eobowi\u0105zkach polskich\u201d, wynikaj\u0105cych z bycia Polakiem\u2026 wolnym cz\u0142owiekiem w demokratycznym pa\u0144stwie.<\/p>\n<p><span style=\"color: #0000ff;\"><a style=\"color: #0000ff;\" href=\"https:\/\/photos.google.com\/share\/AF1QipNeFLbYpVfF1UjLm68uaTE27031bx_CbFv7yc5vChjyrJOjDXId_0nU7kjadbzTRw?key=VE9XaUw4ZllEYjVTSnNfQ0VEN3FMX2VITXVLUGF3\" target=\"_blank\" rel=\"noopener noreferrer\"><strong>Zdj\u0119cia w galerii Google&gt;&gt;&gt;<\/strong><\/a><\/span><\/p>\n<p><span style=\"color: #0000ff;\"><a style=\"color: #0000ff;\" href=\"https:\/\/youtu.be\/SMtzzKp2xvM\" target=\"_blank\" rel=\"noopener noreferrer\"><strong>Zobacz te\u017c film&gt;&gt;&gt;<\/strong><\/a><\/span><\/p>\n<p><strong>Tekst\/foto:<\/strong> S\u0142awek Chyli\u0144ski<\/p>\n","protected":false},"excerpt":{"rendered":"<p>\u2026wi\u0119c mam obowi\u0105zki polskie \u2013 to s\u0142owa jednego z \u201eojc\u00f3w\u201d polskiej niepodleg\u0142o\u015bci, Romana Dmowskiego.<\/p>\n","protected":false},"author":1,"featured_media":0,"comment_status":"closed","ping_status":"closed","sticky":false,"template":"","format":"standard","meta":{"footnotes":""},"categories":[5,83,1752,84,85],"tags":[71,16,2889,182],"class_list":["post-19441","post","type-post","status-publish","format-standard","hentry","category-newsy","category-gimnazjum","category-edukacja","category-szkola-podstawowa-im-cz-wycecha","category-zsp","tag-gimnazjum-sadowne","tag-szkola-podstawowa-w-sadownem","tag-uroczyste-obchody-100-lecia-odzyskania-niepodleglosci","tag-zespol-szkol-ponadgimnazjalnych-w-sadownem"],"views":3161,"_links":{"self":[{"href":"https:\/\/info.sadowne.pl\/index.php?rest_route=\/wp\/v2\/posts\/19441","targetHints":{"allow":["GET"]}}],"collection":[{"href":"https:\/\/info.sadowne.pl\/index.php?rest_route=\/wp\/v2\/posts"}],"about":[{"href":"https:\/\/info.sadowne.pl\/index.php?rest_route=\/wp\/v2\/types\/post"}],"author":[{"embeddable":true,"href":"https:\/\/info.sadowne.pl\/index.php?rest_route=\/wp\/v2\/users\/1"}],"replies":[{"embeddable":true,"href":"https:\/\/info.sadowne.pl\/index.php?rest_route=%2Fwp%2Fv2%2Fcomments&post=19441"}],"version-history":[{"count":2,"href":"https:\/\/info.sadowne.pl\/index.php?rest_route=\/wp\/v2\/posts\/19441\/revisions"}],"predecessor-version":[{"id":19444,"href":"https:\/\/info.sadowne.pl\/index.php?rest_route=\/wp\/v2\/posts\/19441\/revisions\/19444"}],"wp:attachment":[{"href":"https:\/\/info.sadowne.pl\/index.php?rest_route=%2Fwp%2Fv2%2Fmedia&parent=19441"}],"wp:term":[{"taxonomy":"category","embeddable":true,"href":"https:\/\/info.sadowne.pl\/index.php?rest_route=%2Fwp%2Fv2%2Fcategories&post=19441"},{"taxonomy":"post_tag","embeddable":true,"href":"https:\/\/info.sadowne.pl\/index.php?rest_route=%2Fwp%2Fv2%2Ftags&post=19441"}],"curies":[{"name":"wp","href":"https:\/\/api.w.org\/{rel}","templated":true}]}}