{"id":19447,"date":"2018-11-12T11:17:38","date_gmt":"2018-11-12T10:17:38","guid":{"rendered":"http:\/\/info.sadowne.pl\/?p=19447"},"modified":"2018-11-12T12:30:03","modified_gmt":"2018-11-12T11:30:03","slug":"11-listopada-w-sadownem","status":"publish","type":"post","link":"https:\/\/info.sadowne.pl\/?p=19447","title":{"rendered":"11 listopada w Sadownem\u2026"},"content":{"rendered":"<p><strong><img loading=\"lazy\" decoding=\"async\" class=\"alignleft size-thumbnail wp-image-19448\" src=\"http:\/\/info.sadowne.pl\/wp-content\/uploads\/2018\/11\/2018.11.12.1-180x130.jpg\" alt=\"\" width=\"180\" height=\"130\" \/>100. rocznica odzyskania przez Polsk\u0119 niepodleg\u0142o\u015bci to wyj\u0105tkowe \u015bwi\u0119to i wyj\u0105tkowo uczci\u0142a je Gmina Sadowne.<\/strong><!--more--><\/p>\n<p>Donios\u0142a rocznica musia\u0142a zosta\u0107 uczczona w wyj\u0105tkowy spos\u00f3b. Uroczysto\u015bci upami\u0119tniaj\u0105ce wydarzenie, kt\u00f3re zmieni\u0142o polsk\u0105 rzeczywisto\u015b\u0107 i odmieni\u0142o losy naszego kraju, rozpocz\u0119\u0142y si\u0119 11 listopada uroczyst\u0105 Sesj\u0105 Rady Gminy Sadowne. Najwa\u017cniejszym jej punktem by\u0142o przyj\u0119cie <em>Stanowiska Rady Gminy Sadowne z dnia 11 listopada 2018 roku w sprawie budowania w\u015br\u00f3d lokalnej spo\u0142eczno\u015bci narodowej to\u017csamo\u015bci<\/em>. Dokument przyj\u0119to w brzmieniu:<\/p>\n<p><em>11 listopada 2017 roku Rada Gminy Sadowne, doceniaj\u0105c wag\u0119 i donios\u0142o\u015b\u0107 przypadaj\u0105cej w 2018 roku rocznicy odzyskania niepodleg\u0142o\u015bci przez Polsk\u0119, ustanowi\u0142a w Gminie Sadowne Rok Niepodleg\u0142o\u015bci.\u00a0<\/em><\/p>\n<p><em>Dzi\u015b ko\u0144czy si\u0119 ten rok jubileuszu, jednak swoim stanowiskiem chcemy podkre\u015bli\u0107, \u017ce nadal jest potrzeba budowania narodowej to\u017csamo\u015bci opartej na mi\u0142o\u015bci do Boga i ojczyzny.<\/em><\/p>\n<p><em>Nale\u017cy pami\u0119ta\u0107 o tym, \u017ce po 123 latach zabor\u00f3w \u2013 niewoli naznaczonej walk\u0105, cierpieniem i wysi\u0142kiem wielu Polek i Polak\u00f3w \u2013 nasz kraj odzyska\u0142 suwerenno\u015b\u0107. Musimy piel\u0119gnowa\u0107 pami\u0119\u0107 o tych, kt\u00f3rym zawdzi\u0119czamy w\u0142asne pa\u0144stwo, kt\u00f3rym uda\u0142o si\u0119 podnie\u015b\u0107 nasz kraj z ogromnych zniszcze\u0144 I wojny \u015bwiatowej, stworzy\u0107 warunki rozwoju ekonomicznego, modernizacji gospodarczej i cywilizacyjnej.<\/em><\/p>\n<p><em>Rada Gminy Sadowne postanawia w\u0142\u0105czy\u0107 si\u0119 w utrwalanie polskiej to\u017csamo\u015bci poprzez piel\u0119gnowanie pami\u0119ci historycznej os\u00f3b zwi\u0105zanych z Gmin\u0105 Sadowne, poprzez organizowanie uroczysto\u015bci patriotycznych w \u015bwi\u0119ta narodowe oraz poprzez krzewienie wiary i tradycji chrze\u015bcija\u0144skich w naszych szko\u0142ach i plac\u00f3wkach.<\/em><\/p>\n<p>W trakcie uroczystej Sesji, rys historyczny wydarze\u0144 zwi\u0105zanych z odzyskaniem przez Polsk\u0119 niepodleg\u0142o\u015bci przedstawi\u0142 znany wszystkim lokalny historyk p. S\u0142awomir Akonom, a na temat wsp\u00f3\u0142czesnych wydarze\u0144 i dzisiejszej pracy na rzecz wolnego kraju zabrali g\u0142os przedstawiciele lokalnego samorz\u0105du: p. Waldemar Cyran i p. Piotr Olkowski, a tak\u017ce go\u015bcie, a jednocze\u015bnie mieszka\u0144cy Gminy: p. Elzbieta Lanc i p. Marek Renik. Obecni na Sesji so\u0142tysi otrzymali flagi pa\u0144stwowe, kt\u00f3re Gminie przekaza\u0142 Prezydent RP p. Andrzej Duda \u2013 zaprezentowa\u0142 je Zast\u0119pca W\u00f3jta Gminy p. Marcin Gr\u0119da. Spotkanie by\u0142o te\u017c okazj\u0105 do z\u0142o\u017cenia \u017cycze\u0144 Panom\u2026 Marcinom, kt\u00f3rzy obchodzili tego dnia swoje imieniny \u2013 r\u00f3wnie\u017c przy\u0142\u0105czamy si\u0119 do \u017cycze\u0144, kt\u00f3re tak pi\u0119knie wy\u015bpiewa\u0142y, opr\u00f3cz oczywi\u015bcie Mazurka D\u0105browskiego i Roty, nasze \u201eSadowianki\u201d.<\/p>\n<p>Bezpo\u015brednio po Sesji Rady Gminy, uczestnicy uroczysto\u015bci, w asy\u015bcie poczt\u00f3w sztandarowych, oddali na Placu Ko\u015bcielnym ho\u0142d mieszka\u0144com Gminy &#8211; buduj\u0105cym przez lata jej to\u017csamo\u015b\u0107 oraz na cmentarzu parafialnym \u2013 bohaterskim obro\u0144com Gminy Sadowne. O godz. 11.00 w ko\u015bciele parafialnym rozpocz\u0119\u0142a si\u0119 msza \u015bw. za Ojczyzn\u0119, kt\u00f3r\u0105 celebrowa\u0142 ks. Stanis\u0142aw Wojciechowski. Nabo\u017ce\u0144stwo rozpocz\u0119\u0142o si\u0119 od\u015bpiewaniem przez jego uczestnik\u00f3w hymnu pa\u0144stwowego. W przedsionku g\u0142\u00f3wnego wej\u015bcia do ko\u015bcio\u0142a ods\u0142oni\u0119to tablic\u0119 upami\u0119tniaj\u0105c\u0105 100. rocznic\u0119 odzyskania przez Polsk\u0119 niepodleg\u0142o\u015bci.<\/p>\n<p>Kontynuacj\u0105 uroczystej mszy \u015bw. by\u0142 Marsz Niepodleg\u0142o\u015bci, kt\u00f3rego uczestnicy wprost z ko\u015bcio\u0142a wyruszyli ul. Ko\u015bciuszki do Gminnej Hali Sportowej, kt\u00f3ra zlokalizowana jest przy Gimnazjum w Sadownem. Po drodze oczywi\u015bcie upami\u0119tnienie jeszcze jednego z polskich bohater\u00f3w \u2013 Tadeusza Ko\u015bciuszki i z\u0142o\u017cenie kwiat\u00f3w pod pomnikiem na przyko\u015bcielnym skwerku.<\/p>\n<p>Poranne uroczysto\u015bci zako\u0144czy\u0142a m\u0142odzie\u017c Zespo\u0142u Szk\u00f3\u0142 Ponadgimnazjalnych w Sadownem, kt\u00f3ra dla mieszka\u0144c\u00f3w Gminy Sadowne przygotowa\u0142a pod kierunkiem p. Ewy S\u00f3wki, p. Miros\u0142awy Renik i p. Kamila Kie\u0142ka wspania\u0142y, tematyczny monta\u017c s\u0142owno &#8211; muzyczny. Przy wej\u015bciu na hal\u0119 na wszystkich zainteresowanych &#8211; licznie przyby\u0142ych go\u015bci czeka\u0142 stolik kawowy ze \u201es\u0142odko\u015bciami\u201d, kt\u00f3ry przygotowa\u0142o sadowie\u0144skie Technikum \u017bywienia i Us\u0142ug Gastronomicznych.<\/p>\n<p>&nbsp;<\/p>\n<p>Tu\u017c po 16-ej przed hal\u0119 sportow\u0105 w Sadownem przyby\u0142o setki uczestnik\u00f3w ostatniej z jubileuszowych imprez. Kr\u00f3tko powita\u0142 ich W\u00f3jt Waldemar Cyran, a nast\u0119pnie wszyscy jedn\u0105 zwart\u0105 kolumn\u0105 z bia\u0142o-czerwonymi flagami przetruchtali po tartanowej bie\u017cni. Tak ruszy\u0142o sportowe bieganie, kt\u00f3rego celem by\u0142o wsp\u00f3lne przebiegni\u0119cie 100 kilometr\u00f3w.<\/p>\n<p>Pocz\u0105tkowa niepewno\u015b\u0107 czy si\u0119 uda i jak d\u0142ugo b\u0119dzie to trwa\u0107, szybko ust\u0105pi\u0142a rado\u015bci, \u017ce wszystko p\u00f3jdzie sprawnie i zgodnie z planem, bo po 18-ej zaplanowano fajerwerki. Nie zawiedli Ci, co Narodowe \u015awi\u0119to postanowili uczci\u0107 \u201ena sportowo\u201d. To uczestnicy 8 sztafet: Samorz\u0105dowc\u00f3w (radnych i so\u0142tys\u00f3w), Dru\u017cyny Harcerskiej \u201eW\u0142\u00f3czykije\u201d, OSP Wilczog\u0119by i Sok\u00f3\u0142ka, O\u015bwiaty, \u201eWichra\u201d, \u201eWichra Siatkarzy\u201d, \u201eZuzi Team\u201d oraz GOK-u i Przyjaci\u00f3\u0142. Ka\u017cda mia\u0142a do pokonania minimum 40 okr\u0105\u017ce\u0144 i po\u0142owie z nich potrzeba by\u0142o na to niewiele ponad godzin\u0119. Wystartowali seniorzy z SKS-u, samorz\u0105dowcy w \u015brednim wieku i kilkuletni harcerze czy uczestnicy zaj\u0119\u0107 z GOK-u, stra\u017cacy w strojach bojowych i nauczyciele, pi\u0142karze i siatkarze Wichra z trenerami oraz \u201ezaprawieni\u201d biegacze \u015bci\u0105gni\u0119ci do nas przez Zuzi\u0119, a wszystkim towarzyszy\u0142 doping kilkuset kibic\u00f3w i polskie przeboje sprzed lat.<\/p>\n<p>Pokonali\u015bmy znacznie ponad 100 km. Ka\u017cdy z oko\u0142o 120 biegaczy otrzyma\u0142 pami\u0105tkowy medal. Wszyscy nabrali si\u0142 przy przygotowanych przez GOK: kawie i kie\u0142baskach z grilla, by wzi\u0105\u0107 nast\u0119pnie czynny udzia\u0142 w przygotowanym przez p. Kie\u0142ka i p. Koro\u015b \u201epatriotycznym karaoke\u201d. \u015apiewanie na setki garde\u0142 pie\u015bni legionowych i \u017co\u0142nierskich zako\u0144czy\u0142a \u201eRota\u201d, a zaraz potem ku niebu rozb\u0142ys\u0142o kolorowo i rado\u015bnie setki fajerwerk\u00f3w. I trudno by\u0142o si\u0119 rozsta\u0107, bo mimo zmroku i ch\u0142odu atmosfera rado\u015bci z niepodleg\u0142o\u015bci, wolno\u015bci, poczucia wsp\u00f3lnoty i zabawy powstrzymywa\u0142a przed powrotem do swoich \u201eczterech k\u0105t\u00f3w\u201d\u2026..<\/p>\n<p>Brawo Sadowne i brawa dla w\u0142adz Gminy Sadowne, kt\u00f3rzy przygotowali tak \u015bwietne uroczysto\u015bci uczczenia 100. rocznicy odzyskania przez Polsk\u0119 niepodleg\u0142o\u015bci. Brawa te\u017c dla mieszka\u0144c\u00f3w, kt\u00f3rzy tak licznie w\u0142\u0105czyli si\u0119 w obchody tej donios\u0142ej rocznicy. Zapewne jeszcze nie raz b\u0119dzie okazja do wsp\u00f3lnego udzia\u0142u w r\u00f3\u017cnych imprezach gminnych, na kt\u00f3re ju\u017c teraz w imieniu w\u0142adz i organizator\u00f3w serdecznie zapraszamy.<\/p>\n<p><span style=\"color: #0000ff;\"><a style=\"color: #0000ff;\" href=\"https:\/\/photos.google.com\/share\/AF1QipN__uhzMW6sAk4U2ZYiNmKisHVJRdE_8wTQDJcGF7ppc2Y7n9zGrHhMpQACE2mHWg?key=Ykx6cmRDcFVjdndRT2lNWmtYWW9nWTQ0TVBkWEJR\" target=\"_blank\" rel=\"noopener noreferrer\"><strong>Zdj\u0119cia w galerii Google&gt;&gt;&gt;<\/strong><\/a><\/span><\/p>\n<p><strong>Tekst\/foto:<\/strong>\u00a0RW\/S\u0142awek Chyli\u0144ski<\/p>\n","protected":false},"excerpt":{"rendered":"<p>100. rocznica odzyskania przez Polsk\u0119 niepodleg\u0142o\u015bci to wyj\u0105tkowe \u015bwi\u0119to i wyj\u0105tkowo uczci\u0142a je Gmina Sadowne.<\/p>\n","protected":false},"author":1,"featured_media":0,"comment_status":"closed","ping_status":"closed","sticky":false,"template":"","format":"standard","meta":{"footnotes":""},"categories":[5,91,6],"tags":[169,2942,2889],"class_list":["post-19447","post","type-post","status-publish","format-standard","hentry","category-newsy","category-gminny-osrodek-kultury","category-kultura-rozrywka-edukacja","tag-gminny-osrodek-kultury-w-sadownem","tag-sztafeta-stulecia","tag-uroczyste-obchody-100-lecia-odzyskania-niepodleglosci"],"views":3240,"_links":{"self":[{"href":"https:\/\/info.sadowne.pl\/index.php?rest_route=\/wp\/v2\/posts\/19447","targetHints":{"allow":["GET"]}}],"collection":[{"href":"https:\/\/info.sadowne.pl\/index.php?rest_route=\/wp\/v2\/posts"}],"about":[{"href":"https:\/\/info.sadowne.pl\/index.php?rest_route=\/wp\/v2\/types\/post"}],"author":[{"embeddable":true,"href":"https:\/\/info.sadowne.pl\/index.php?rest_route=\/wp\/v2\/users\/1"}],"replies":[{"embeddable":true,"href":"https:\/\/info.sadowne.pl\/index.php?rest_route=%2Fwp%2Fv2%2Fcomments&post=19447"}],"version-history":[{"count":2,"href":"https:\/\/info.sadowne.pl\/index.php?rest_route=\/wp\/v2\/posts\/19447\/revisions"}],"predecessor-version":[{"id":19450,"href":"https:\/\/info.sadowne.pl\/index.php?rest_route=\/wp\/v2\/posts\/19447\/revisions\/19450"}],"wp:attachment":[{"href":"https:\/\/info.sadowne.pl\/index.php?rest_route=%2Fwp%2Fv2%2Fmedia&parent=19447"}],"wp:term":[{"taxonomy":"category","embeddable":true,"href":"https:\/\/info.sadowne.pl\/index.php?rest_route=%2Fwp%2Fv2%2Fcategories&post=19447"},{"taxonomy":"post_tag","embeddable":true,"href":"https:\/\/info.sadowne.pl\/index.php?rest_route=%2Fwp%2Fv2%2Ftags&post=19447"}],"curies":[{"name":"wp","href":"https:\/\/api.w.org\/{rel}","templated":true}]}}