{"id":19456,"date":"2018-11-13T18:08:33","date_gmt":"2018-11-13T17:08:33","guid":{"rendered":"http:\/\/info.sadowne.pl\/?p=19456"},"modified":"2018-11-13T18:08:33","modified_gmt":"2018-11-13T17:08:33","slug":"o-niepodleglosci","status":"publish","type":"post","link":"https:\/\/info.sadowne.pl\/?p=19456","title":{"rendered":"O niepodleg\u0142o\u015bci\u2026"},"content":{"rendered":"<p><strong><a href=\"http:\/\/info.sadowne.pl\/wp-content\/uploads\/2018\/11\/2018.11.13.2.jpg\" target=\"_blank\" rel=\"noopener noreferrer\"><img loading=\"lazy\" decoding=\"async\" class=\"alignleft wp-image-19457 size-thumbnail\" src=\"http:\/\/info.sadowne.pl\/wp-content\/uploads\/2018\/11\/2018.11.13.2-180x130.jpg\" alt=\"\" width=\"180\" height=\"130\" \/><\/a>11 listopada to Narodowe \u015awi\u0119to Niepodleg\u0142o\u015bci. Jedna z najwa\u017cniejszych dat w historii Polski. Uroczy\u015bcie uczczono j\u0105 w Grabinach.<\/strong><!--more--><\/p>\n<p>W tym roku przypada 100 rocznica odzyskania przez Polsk\u0119 Niepodleg\u0142o\u015bci. Przez ca\u0142y rok pami\u0119tali\u015bmy o tej rocznicy. Odbywa\u0142y si\u0119 wycieczki tematyczne zwi\u0105zane z tym \u015bwi\u0119tem. W czerwcu odby\u0142a si\u0119 wycieczka rowerowa po Gminie Sadowne szlakiem \u201emiejsc ciekawych historycznie\u201d. W Krupi\u0144skiem pod \u201eD\u0119bem Niepodleg\u0142o\u015bci\u201d odby\u0142a si\u0119 lekcja historii o drodze Polski do niepodleg\u0142o\u015bci. W wakacje uczniowie naszej szko\u0142y wraz z opiekunk\u0105 wzi\u0119li udzia\u0142 w rajdzie rowerowym zorganizowanym przez GOK \u2013 \u201e100 kilometr\u00f3w na 100 \u2013 lecie odzyskania Niepodleg\u0142o\u015bci\u201d. \u00a0Zwiedzili\u015bmy r\u00f3wnie\u017c Muzeum Wojska Polskiego. Go\u015bcili\u015bmy r\u00f3wnie\u017c w naszej szkole zesp\u00f3\u0142 taneczny z Zespo\u0142u Szk\u00f3\u0142 Ponadgimnazjalnych w Sadownem z programem czcz\u0105cym 100 lat niepodleg\u0142o\u015bci.<\/p>\n<p>Ten wa\u017cny dla ca\u0142ego narodu polskiego temat poruszany by\u0142 i nadal b\u0119dzie na lekcjach historii, j\u0119zyka polskiego i godzinach wychowawczych.<\/p>\n<p>Dzi\u015b w naszej szkole uczcili\u015bmy 100 rocznic\u0119 odzyskania \u00a0niepodleg\u0142o\u015bci uroczyst\u0105 akademi\u0105&#8230;<\/p>\n<p><strong>Wi\u0119cej na stronie <span style=\"color: #0000ff;\"><a style=\"color: #0000ff;\" href=\"http:\/\/zspgrabiny.pl\/szkola-podstawowa\/2018\/11\/09\/100-lecie-odzyskania-niepodleglosci\/#more-2397\" target=\"_blank\" rel=\"noopener noreferrer\">http:\/\/zspgrabiny.pl\/szkola-podstawowa\/2018\/11\/09\/100-lecie-odzyskania-niepodleglosci\/#more-2397<\/a><\/span><\/strong><\/p>\n<p><strong>\u0179r\u00f3d\u0142o: <\/strong><a href=\"http:\/\/www.zspgrabiny.pl\" target=\"_blank\" rel=\"noopener noreferrer\">www.zspgrabiny.pl<\/a><\/p>\n","protected":false},"excerpt":{"rendered":"<p>11 listopada to Narodowe \u015awi\u0119to Niepodleg\u0142o\u015bci. Jedna z najwa\u017cniejszych dat w historii Polski. Uroczy\u015bcie uczczono j\u0105 w Grabinach.<\/p>\n","protected":false},"author":1,"featured_media":0,"comment_status":"closed","ping_status":"closed","sticky":false,"template":"","format":"standard","meta":{"footnotes":""},"categories":[5,1752,1120],"tags":[2889,2289],"class_list":["post-19456","post","type-post","status-publish","format-standard","hentry","category-newsy","category-edukacja","category-zespol-szkolno-przedszkolny-w-grabinach","tag-uroczyste-obchody-100-lecia-odzyskania-niepodleglosci","tag-zespol-szkolno-przedszkolny-w-grabinach"],"views":2809,"_links":{"self":[{"href":"https:\/\/info.sadowne.pl\/index.php?rest_route=\/wp\/v2\/posts\/19456","targetHints":{"allow":["GET"]}}],"collection":[{"href":"https:\/\/info.sadowne.pl\/index.php?rest_route=\/wp\/v2\/posts"}],"about":[{"href":"https:\/\/info.sadowne.pl\/index.php?rest_route=\/wp\/v2\/types\/post"}],"author":[{"embeddable":true,"href":"https:\/\/info.sadowne.pl\/index.php?rest_route=\/wp\/v2\/users\/1"}],"replies":[{"embeddable":true,"href":"https:\/\/info.sadowne.pl\/index.php?rest_route=%2Fwp%2Fv2%2Fcomments&post=19456"}],"version-history":[{"count":1,"href":"https:\/\/info.sadowne.pl\/index.php?rest_route=\/wp\/v2\/posts\/19456\/revisions"}],"predecessor-version":[{"id":19458,"href":"https:\/\/info.sadowne.pl\/index.php?rest_route=\/wp\/v2\/posts\/19456\/revisions\/19458"}],"wp:attachment":[{"href":"https:\/\/info.sadowne.pl\/index.php?rest_route=%2Fwp%2Fv2%2Fmedia&parent=19456"}],"wp:term":[{"taxonomy":"category","embeddable":true,"href":"https:\/\/info.sadowne.pl\/index.php?rest_route=%2Fwp%2Fv2%2Fcategories&post=19456"},{"taxonomy":"post_tag","embeddable":true,"href":"https:\/\/info.sadowne.pl\/index.php?rest_route=%2Fwp%2Fv2%2Ftags&post=19456"}],"curies":[{"name":"wp","href":"https:\/\/api.w.org\/{rel}","templated":true}]}}