{"id":19459,"date":"2018-11-13T19:57:39","date_gmt":"2018-11-13T18:57:39","guid":{"rendered":"http:\/\/info.sadowne.pl\/?p=19459"},"modified":"2021-09-01T21:13:24","modified_gmt":"2021-09-01T19:13:24","slug":"patriotycznie-i-na-sportowo","status":"publish","type":"post","link":"https:\/\/info.sadowne.pl\/?p=19459","title":{"rendered":"Patriotycznie i na sportowo\u2026"},"content":{"rendered":"<p><strong><img loading=\"lazy\" decoding=\"async\" class=\"alignleft size-thumbnail wp-image-19460\" src=\"http:\/\/info.sadowne.pl\/wp-content\/uploads\/2018\/11\/2018.11.13.11-180x130.jpg\" alt=\"\" width=\"180\" height=\"130\" srcset=\"https:\/\/info.sadowne.pl\/wp-content\/uploads\/2018\/11\/2018.11.13.11-180x130.jpg 180w, https:\/\/info.sadowne.pl\/wp-content\/uploads\/2018\/11\/2018.11.13.11-300x217.jpg 300w, https:\/\/info.sadowne.pl\/wp-content\/uploads\/2018\/11\/2018.11.13.11-768x555.jpg 768w, https:\/\/info.sadowne.pl\/wp-content\/uploads\/2018\/11\/2018.11.13.11.jpg 790w\" sizes=\"auto, (max-width: 180px) 100vw, 180px\" \/>Kolejne spotkanie cz\u0142onk\u00f3w Sadowie\u0144skiego Klubu Seniora musia\u0142o by\u0107 zwi\u0105zane z 100. rocznic\u0105 odzyskania przez Polsk\u0119 niepodleg\u0142o\u015bci.<\/strong><!--more--><\/p>\n<p>Cz\u0142onkowie Sadowie\u0144skiego Klubu Seniora 13 listopada odbyli kolejne spotkanie, kt\u00f3re \u2013 nie mog\u0142o by\u0107 inaczej \u2013 mia\u0142o zwi\u0105zek z uroczystymi obchodami 100. rocznicy odzyskania niepodleg\u0142o\u015bci. Ju\u017c wcze\u015bniej ustalono, \u017ce Nasza Niepodleg\u0142a i jej setne \u201eurodziny\u201d zostan\u0105 uczczone kilkukilometrowym marszem nordic walking oraz pie\u015bniami patriotycznymi. Na starcie marszu stawili si\u0119 najwytrwalsi, kt\u00f3rzy jeszcze przed zmierzchem zd\u0105\u017cyli pokona\u0107 zaplanowan\u0105 tras\u0119 i dotrze\u0107 do Gminnego O\u015brodka Kultury w Sadownem na spotkanie z zaprzyja\u017anionym historykiem p. Wojciechem Jakubikiem.<\/p>\n<p>W mi\u0142ej atmosferze, przy \u201ema\u0142ej czarnej\u201d, wszyscy ch\u0119tnie wys\u0142uchali prelekcji p. Wojtka na temat genezy odzyskania przez Polsk\u0119 niepodleg\u0142o\u015bci. Barwne opowie\u015bci dodatkowo \u201eokraszone\u201d zosta\u0142y wsp\u00f3lnie za\u015bpiewanymi pie\u015bniami patriotycznymi do akompaniamentu prelegenta.<\/p>\n\n\t\t<style type=\"text\/css\">\n\t\t\t#gallery-1 {\n\t\t\t\tmargin: auto;\n\t\t\t}\n\t\t\t#gallery-1 .gallery-item {\n\t\t\t\tfloat: left;\n\t\t\t\tmargin-top: 10px;\n\t\t\t\ttext-align: center;\n\t\t\t\twidth: 33%;\n\t\t\t}\n\t\t\t#gallery-1 img {\n\t\t\t\tborder: 2px solid #cfcfcf;\n\t\t\t}\n\t\t\t#gallery-1 .gallery-caption {\n\t\t\t\tmargin-left: 0;\n\t\t\t}\n\t\t\t\/* see gallery_shortcode() in wp-includes\/media.php *\/\n\t\t<\/style>\n\t\t<div id='gallery-1' class='gallery galleryid-19459 gallery-columns-3 gallery-size-thumbnail'><dl class='gallery-item'>\n\t\t\t<dt class='gallery-icon landscape'>\n\t\t\t\t<a href='https:\/\/info.sadowne.pl\/?attachment_id=19460'><img loading=\"lazy\" decoding=\"async\" width=\"180\" height=\"130\" src=\"https:\/\/info.sadowne.pl\/wp-content\/uploads\/2018\/11\/2018.11.13.11-180x130.jpg\" class=\"attachment-thumbnail size-thumbnail\" alt=\"\" srcset=\"https:\/\/info.sadowne.pl\/wp-content\/uploads\/2018\/11\/2018.11.13.11-180x130.jpg 180w, https:\/\/info.sadowne.pl\/wp-content\/uploads\/2018\/11\/2018.11.13.11-300x217.jpg 300w, https:\/\/info.sadowne.pl\/wp-content\/uploads\/2018\/11\/2018.11.13.11-768x555.jpg 768w, https:\/\/info.sadowne.pl\/wp-content\/uploads\/2018\/11\/2018.11.13.11.jpg 790w\" sizes=\"auto, (max-width: 180px) 100vw, 180px\" \/><\/a>\n\t\t\t<\/dt><\/dl><dl class='gallery-item'>\n\t\t\t<dt class='gallery-icon landscape'>\n\t\t\t\t<a href='https:\/\/info.sadowne.pl\/?attachment_id=19461'><img loading=\"lazy\" decoding=\"async\" width=\"180\" height=\"130\" src=\"https:\/\/info.sadowne.pl\/wp-content\/uploads\/2018\/11\/2018.11.13.12-180x130.jpg\" class=\"attachment-thumbnail size-thumbnail\" alt=\"\" srcset=\"https:\/\/info.sadowne.pl\/wp-content\/uploads\/2018\/11\/2018.11.13.12-180x130.jpg 180w, https:\/\/info.sadowne.pl\/wp-content\/uploads\/2018\/11\/2018.11.13.12-300x218.jpg 300w, https:\/\/info.sadowne.pl\/wp-content\/uploads\/2018\/11\/2018.11.13.12-768x558.jpg 768w, https:\/\/info.sadowne.pl\/wp-content\/uploads\/2018\/11\/2018.11.13.12.jpg 790w\" sizes=\"auto, (max-width: 180px) 100vw, 180px\" \/><\/a>\n\t\t\t<\/dt><\/dl><dl class='gallery-item'>\n\t\t\t<dt class='gallery-icon landscape'>\n\t\t\t\t<a href='https:\/\/info.sadowne.pl\/?attachment_id=19462'><img loading=\"lazy\" decoding=\"async\" width=\"180\" height=\"130\" src=\"https:\/\/info.sadowne.pl\/wp-content\/uploads\/2018\/11\/2018.11.13.13-180x130.jpg\" class=\"attachment-thumbnail size-thumbnail\" alt=\"\" \/><\/a>\n\t\t\t<\/dt><\/dl><br style=\"clear: both\" \/><dl class='gallery-item'>\n\t\t\t<dt class='gallery-icon landscape'>\n\t\t\t\t<a href='https:\/\/info.sadowne.pl\/?attachment_id=19463'><img loading=\"lazy\" decoding=\"async\" width=\"180\" height=\"130\" src=\"https:\/\/info.sadowne.pl\/wp-content\/uploads\/2018\/11\/2018.11.13.14-180x130.jpg\" class=\"attachment-thumbnail size-thumbnail\" alt=\"\" \/><\/a>\n\t\t\t<\/dt><\/dl><dl class='gallery-item'>\n\t\t\t<dt class='gallery-icon landscape'>\n\t\t\t\t<a href='https:\/\/info.sadowne.pl\/?attachment_id=19464'><img loading=\"lazy\" decoding=\"async\" width=\"180\" height=\"130\" src=\"https:\/\/info.sadowne.pl\/wp-content\/uploads\/2018\/11\/2018.11.13.15-180x130.jpg\" class=\"attachment-thumbnail size-thumbnail\" alt=\"\" \/><\/a>\n\t\t\t<\/dt><\/dl>\n\t\t\t<br style='clear: both' \/>\n\t\t<\/div>\n\n<p><strong>Tekst:<\/strong> S\u0142awek Chyli\u0144ski<\/p>\n<p><strong>Foto:<\/strong> Gra\u017cyna K\u0105dziela<\/p>\n","protected":false},"excerpt":{"rendered":"<p>Kolejne spotkanie cz\u0142onk\u00f3w Sadowie\u0144skiego Klubu Seniora musia\u0142o by\u0107 zwi\u0105zane z 100. rocznic\u0105 odzyskania przez Polsk\u0119 niepodleg\u0142o\u015bci.<\/p>\n","protected":false},"author":1,"featured_media":0,"comment_status":"closed","ping_status":"closed","sticky":false,"template":"","format":"standard","meta":{"footnotes":""},"categories":[5,91,6,3627],"tags":[169,2846,2494,2889],"class_list":["post-19459","post","type-post","status-publish","format-standard","hentry","category-newsy","category-gminny-osrodek-kultury","category-kultura-rozrywka-edukacja","category-nordic-walking","tag-gminny-osrodek-kultury-w-sadownem","tag-marsz-nordic-walking","tag-stowarzyszenie-sadowienski-klub-seniora","tag-uroczyste-obchody-100-lecia-odzyskania-niepodleglosci"],"views":2693,"_links":{"self":[{"href":"https:\/\/info.sadowne.pl\/index.php?rest_route=\/wp\/v2\/posts\/19459","targetHints":{"allow":["GET"]}}],"collection":[{"href":"https:\/\/info.sadowne.pl\/index.php?rest_route=\/wp\/v2\/posts"}],"about":[{"href":"https:\/\/info.sadowne.pl\/index.php?rest_route=\/wp\/v2\/types\/post"}],"author":[{"embeddable":true,"href":"https:\/\/info.sadowne.pl\/index.php?rest_route=\/wp\/v2\/users\/1"}],"replies":[{"embeddable":true,"href":"https:\/\/info.sadowne.pl\/index.php?rest_route=%2Fwp%2Fv2%2Fcomments&post=19459"}],"version-history":[{"count":1,"href":"https:\/\/info.sadowne.pl\/index.php?rest_route=\/wp\/v2\/posts\/19459\/revisions"}],"predecessor-version":[{"id":19465,"href":"https:\/\/info.sadowne.pl\/index.php?rest_route=\/wp\/v2\/posts\/19459\/revisions\/19465"}],"wp:attachment":[{"href":"https:\/\/info.sadowne.pl\/index.php?rest_route=%2Fwp%2Fv2%2Fmedia&parent=19459"}],"wp:term":[{"taxonomy":"category","embeddable":true,"href":"https:\/\/info.sadowne.pl\/index.php?rest_route=%2Fwp%2Fv2%2Fcategories&post=19459"},{"taxonomy":"post_tag","embeddable":true,"href":"https:\/\/info.sadowne.pl\/index.php?rest_route=%2Fwp%2Fv2%2Ftags&post=19459"}],"curies":[{"name":"wp","href":"https:\/\/api.w.org\/{rel}","templated":true}]}}