{"id":19479,"date":"2018-11-17T11:41:29","date_gmt":"2018-11-17T10:41:29","guid":{"rendered":"http:\/\/info.sadowne.pl\/?p=19479"},"modified":"2018-11-21T17:13:09","modified_gmt":"2018-11-21T16:13:09","slug":"odwiedziny-w-zlotkach","status":"publish","type":"post","link":"https:\/\/info.sadowne.pl\/?p=19479","title":{"rendered":"Odwiedziny w Z\u0142otkach"},"content":{"rendered":"<p><strong><img loading=\"lazy\" decoding=\"async\" class=\"alignleft size-thumbnail wp-image-19480\" src=\"http:\/\/info.sadowne.pl\/wp-content\/uploads\/2018\/11\/2018.11.17.1-180x130.jpg\" alt=\"\" width=\"180\" height=\"130\" \/>Po raz kolejny do najdalszej miejscowo\u015bci gminy Sadowne zawitali m\u0142odzi arty\u015bci \u2013 w Z\u0142otkach odby\u0142o si\u0119 spotkanie integracyjne.<\/strong><!--more--><\/p>\n<p>P\u00f3\u017anym popo\u0142udniem 16 listopada, na zaproszenie P. So\u0142tys Ma\u0142gorzaty Lipki Bartosik i Rady So\u0142eckiej wsi Z\u0142otki, m\u0142odzi arty\u015bci wzi\u0119li udzia\u0142 w spotkaniu integracyjnym, kt\u00f3re odby\u0142o si\u0119 w zmodernizowanej niedawno \u015bwietlicy wiejskiej. Spotkania takie sta\u0142y si\u0119 ju\u017c tradycj\u0105 w Z\u0142otkach i dzi\u0119ki nim, a tak\u017ce organizowanym r\u00f3wnie\u017c tutaj festynom wakacyjnym, mieszka\u0144cy maj\u0105 okazj\u0119 obejrze\u0107 m.in. efekty pracy m\u0142odych artyst\u00f3w ze Szko\u0142y Podstawowej im. Jana Paw\u0142a II w Prostyni oraz Gminnego O\u015brodka Kultury w Sadownem. Przy okazji &#8211; spotkanie daje te\u017c mo\u017cliwo\u015b\u0107, aby\u2026 przy kawie, ciastku, porozmawia\u0107 z s\u0105siadami lub znajomymi, kt\u00f3rzy coraz ch\u0119tniej bior\u0105 udzia\u0142 w \u201elokalnej integracji\u201d.<\/p>\n<p>Tym razem spotkanie rozpocz\u0119li cz\u0142onkowie Klubu Wolontariatu ze Szko\u0142y Podstawowej w Prostyni, kt\u00f3rzy zata\u0144czyli \u201ePoloneza\u201d do muzyki Wojciecha Kilara. Po nich zaprezentowa\u0142y si\u0119 w \u201eKrakowiaku\u201d dzieciaki z I i III klasy tej Szko\u0142y. Grupy taneczne zosta\u0142y przygotowane i s\u0105 prowadzone przez p. Ew\u0119 Rogusk\u0105 i p. Oksan\u0119 \u017bochowsk\u0105.<\/p>\n<p>Po nich wyst\u0105pili m\u0142odzi aktorzy z Grupy Teatralnej BAJ Gminnego O\u015brodka Kultury w Sadownem, kt\u00f3r\u0105 prowadzi p. Danuta Chyli\u0144ska. Widzowie mieli okazj\u0119 obejrze\u0107 w ich wykonaniu inscenizacj\u0119 przygotowan\u0105 z okazji Mi\u0119dzynarodowego Dnia Seniora oraz przedstawienie pt. \u201eMakabryczne igraszki\u201d.<\/p>\n<p>Jeszcze w mi\u0119dzyczasie koncert pie\u015bni patriotycznych z okazji obchodzonej w\u0142a\u015bnie 100. rocznicy odzyskania przez Polsk\u0119 niepodleg\u0142o\u015bci. Przygotowa\u0142a go p. Ewa Jakubik wsp\u00f3lnie z uczniami SP w Prostyni. Mieszka\u0144cy, pomimo trudno\u015bci technicznych, wys\u0142uchali, a nawet wsp\u00f3lnie za\u015bpiewali z artystami wi\u0105zank\u0119 pie\u015bni patriotycznych oraz pie\u015bni: \u201eNiepodleg\u0142a, niepokonana\u201d, \u201eAby kto\u015b m\u00f3g\u0142 \u017cy\u0107\u201d, \u201eBo w piechocie fajno jest\u201d.<\/p>\n<p>Wyst\u0119py podoba\u0142y si\u0119, a m\u0142odych artyst\u00f3w nagrodzono g\u0142o\u015bnymi brawami. By\u0142a to dobra okazja do integracji wielopokoleniowej i zaprezentowania umiej\u0119tno\u015bci przez dzieciaki, kt\u00f3re nabywaj\u0105 umiej\u0119tno\u015bci artystycznych w zaj\u0119ciach szkolnych, a tak\u017ce pozalekcyjnych. A pomys\u0142 na spotkanie? Oczywi\u015bcie \u015bwietny i brawa dla P. So\u0142tys i Rady So\u0142eckiej Z\u0142otek.<\/p>\n<p><span style=\"color: #0000ff;\"><a style=\"color: #0000ff;\" href=\"https:\/\/photos.app.goo.gl\/g5y759zivhsunmcs9\" target=\"_blank\" rel=\"noopener noreferrer\"><strong>Zdj\u0119cia w galerii Google&gt;&gt;&gt;<\/strong><\/a><\/span><\/p>\n<p><strong>Tekst\/foto: <\/strong>S\u0142awek Chyli\u0144ski<\/p>\n","protected":false},"excerpt":{"rendered":"<p>Po raz kolejny do najdalszej miejscowo\u015bci gminy Sadowne zawitali m\u0142odzi arty\u015bci \u2013 w Z\u0142otkach odby\u0142o si\u0119 spotkanie integracyjne.<\/p>\n","protected":false},"author":1,"featured_media":0,"comment_status":"closed","ping_status":"closed","sticky":false,"template":"","format":"standard","meta":{"footnotes":""},"categories":[5,91,6],"tags":[169,2931,2618,902],"class_list":["post-19479","post","type-post","status-publish","format-standard","hentry","category-newsy","category-gminny-osrodek-kultury","category-kultura-rozrywka-edukacja","tag-gminny-osrodek-kultury-w-sadownem","tag-grupa-teatralna-baj","tag-spotkanie-integracyjne-w-zlotkach","tag-zlotki"],"views":3402,"_links":{"self":[{"href":"https:\/\/info.sadowne.pl\/index.php?rest_route=\/wp\/v2\/posts\/19479","targetHints":{"allow":["GET"]}}],"collection":[{"href":"https:\/\/info.sadowne.pl\/index.php?rest_route=\/wp\/v2\/posts"}],"about":[{"href":"https:\/\/info.sadowne.pl\/index.php?rest_route=\/wp\/v2\/types\/post"}],"author":[{"embeddable":true,"href":"https:\/\/info.sadowne.pl\/index.php?rest_route=\/wp\/v2\/users\/1"}],"replies":[{"embeddable":true,"href":"https:\/\/info.sadowne.pl\/index.php?rest_route=%2Fwp%2Fv2%2Fcomments&post=19479"}],"version-history":[{"count":3,"href":"https:\/\/info.sadowne.pl\/index.php?rest_route=\/wp\/v2\/posts\/19479\/revisions"}],"predecessor-version":[{"id":19519,"href":"https:\/\/info.sadowne.pl\/index.php?rest_route=\/wp\/v2\/posts\/19479\/revisions\/19519"}],"wp:attachment":[{"href":"https:\/\/info.sadowne.pl\/index.php?rest_route=%2Fwp%2Fv2%2Fmedia&parent=19479"}],"wp:term":[{"taxonomy":"category","embeddable":true,"href":"https:\/\/info.sadowne.pl\/index.php?rest_route=%2Fwp%2Fv2%2Fcategories&post=19479"},{"taxonomy":"post_tag","embeddable":true,"href":"https:\/\/info.sadowne.pl\/index.php?rest_route=%2Fwp%2Fv2%2Ftags&post=19479"}],"curies":[{"name":"wp","href":"https:\/\/api.w.org\/{rel}","templated":true}]}}