{"id":19514,"date":"2018-11-19T15:15:46","date_gmt":"2018-11-19T14:15:46","guid":{"rendered":"http:\/\/info.sadowne.pl\/?p=19514"},"modified":"2018-11-21T17:19:14","modified_gmt":"2018-11-21T16:19:14","slug":"wernisaz-projektu","status":"publish","type":"post","link":"https:\/\/info.sadowne.pl\/?p=19514","title":{"rendered":"Wernisa\u017c projektu"},"content":{"rendered":"<p><strong><img loading=\"lazy\" decoding=\"async\" class=\"alignleft size-thumbnail wp-image-19515\" src=\"http:\/\/info.sadowne.pl\/wp-content\/uploads\/2018\/11\/2018.11.19.11-180x130.jpg\" alt=\"\" width=\"180\" height=\"130\" \/>18 listopada we wsi Krupi\u0144skie odby\u0142 si\u0119 wernisa\u017c, b\u0119d\u0105cy zwie\u0144czeniem przeprowadzonych dzia\u0142a\u0144 w ramach projektu &#8222;Etno-design Ziemi Sadowie\u0144skiej&#8221; realizowanego przez fundacj\u0119 Akomodacja. <\/strong><!--more--><\/p>\n<p>Projekt dofinansowano ze \u015brodk\u00f3w Narodowego Centrum Kultury w ramach Programu Kultura &#8211; Interwencje 2018. EtnoPolska.<\/p>\n<p>Na wernisa\u017cu mogli\u015bmy podziwia\u0107 efekt prac wykonanych w ramach pleneru malarskiego oraz warsztat\u00f3w: szyde\u0142kowania &#8222;ga\u0142ganiak\u00f3w&#8221;, zszywania &#8222;ga\u0142ganiak\u00f3w z plecionych warkoczy, tkania &#8211; przeplatania &#8222;ga\u0142ganiak\u00f3w&#8221;, a tak\u017ce &#8222;metaloplastyki&#8221;.<\/p>\n<p>Na wst\u0119pie przywita\u0142a nas p. Barbara Laska- so\u0142tys wsi Krupi\u0144skie oraz p. Tamara Szewczak z Fundacji \u201eAkomodacja\u201d. Jako pierwsi wyst\u0105pili uczestnicy warsztat\u00f3w wokalno-muzycznych prowadzonych przez p. Janusza Urbankowskiego. Grupa uczni\u00f3w zaprezentowa\u0142a 3 piosenki: \u201eZiemia Mazowiecka\u201d, \u201eHej, Sadowne\u201d w ramach realizowanego projektu\u00a0oraz \u201ePrzybyli u\u0142ani pod okienko\u201d\u00a0&#8211; w zwi\u0105zku z 100. rocznic\u0105 odzyskania przez Polsk\u0119 niepodleg\u0142o\u015bci. Arty\u015bci zostali nagrodzeni g\u0142o\u015bnymi brawami.<\/p>\n<p>W dalszej cz\u0119\u015bci spotkania nagrodzeni zostali uczestnicy pleneru malarskiego, a w\u015br\u00f3d laureat\u00f3w znale\u017ali si\u0119:<\/p>\n<p>1 miejsce- Karol Wielgat<\/p>\n<p>2 miejsce- Patrycja Dobosz<\/p>\n<p>3 miejsce- Szymon Pi\u00f3rkowski<\/p>\n<p>3 miejsce- Magdalena Sawicka<\/p>\n<p>Wyr\u00f3\u017cnienie:<\/p>\n<p>Anna Gierej<\/p>\n<p>Wiktoria Rydzewska<\/p>\n<p>Maria Gierej<\/p>\n<p>Damian Wielgat<\/p>\n<p>Na zako\u0144czenie na wszystkich czeka\u0142a s\u0142odka niespodzianka &#8211; przepi\u0119kny i smaczny tort.<\/p>\n<p>Go\u015bcie podczas wystawy mogli te\u017c nacieszy\u0107 oczy pi\u0119knymi pracami mieszka\u0144c\u00f3w wsi Krupi\u0144skie, kt\u00f3re tworz\u0105 w swoich domach.<\/p>\n<p>Podsumowuj\u0105c, taki projekt jest idealn\u0105 okazj\u0105 do zdobycia i zaprojektowania nowych umiej\u0119tno\u015bci artystycznych, ale przede wszystkim najwa\u017cniejsza jest integracja naszej spo\u0142eczno\u015bci.<\/p>\n<p><span style=\"color: #0000ff;\"><a style=\"color: #0000ff;\" href=\"https:\/\/photos.app.goo.gl\/tRz1eE2bVDXvLH4F9\" target=\"_blank\" rel=\"noopener noreferrer\"><strong>Zdj\u0119cia w galerii Google&gt;&gt;&gt;<\/strong><\/a><\/span><\/p>\n<p><strong>Tekst\/foto:<\/strong> GOK Sadowne<\/p>\n","protected":false},"excerpt":{"rendered":"<p>18 listopada we wsi Krupi\u0144skie odby\u0142 si\u0119 wernisa\u017c, b\u0119d\u0105cy zwie\u0144czeniem przeprowadzonych dzia\u0142a\u0144 w ramach projektu &#8222;Etno-design Ziemi Sadowie\u0144skiej&#8221; realizowanego przez fundacj\u0119 Akomodacja.<\/p>\n","protected":false},"author":1,"featured_media":0,"comment_status":"closed","ping_status":"closed","sticky":false,"template":"","format":"standard","meta":{"footnotes":""},"categories":[5,41],"tags":[2918,169,2732,2955],"class_list":["post-19514","post","type-post","status-publish","format-standard","hentry","category-newsy","category-wiesci-gminne","tag-fundacja-akomodacja","tag-gminny-osrodek-kultury-w-sadownem","tag-krupinskie","tag-projekt-etno-design-ziemi-sadowienskiej"],"views":2620,"_links":{"self":[{"href":"https:\/\/info.sadowne.pl\/index.php?rest_route=\/wp\/v2\/posts\/19514","targetHints":{"allow":["GET"]}}],"collection":[{"href":"https:\/\/info.sadowne.pl\/index.php?rest_route=\/wp\/v2\/posts"}],"about":[{"href":"https:\/\/info.sadowne.pl\/index.php?rest_route=\/wp\/v2\/types\/post"}],"author":[{"embeddable":true,"href":"https:\/\/info.sadowne.pl\/index.php?rest_route=\/wp\/v2\/users\/1"}],"replies":[{"embeddable":true,"href":"https:\/\/info.sadowne.pl\/index.php?rest_route=%2Fwp%2Fv2%2Fcomments&post=19514"}],"version-history":[{"count":2,"href":"https:\/\/info.sadowne.pl\/index.php?rest_route=\/wp\/v2\/posts\/19514\/revisions"}],"predecessor-version":[{"id":19522,"href":"https:\/\/info.sadowne.pl\/index.php?rest_route=\/wp\/v2\/posts\/19514\/revisions\/19522"}],"wp:attachment":[{"href":"https:\/\/info.sadowne.pl\/index.php?rest_route=%2Fwp%2Fv2%2Fmedia&parent=19514"}],"wp:term":[{"taxonomy":"category","embeddable":true,"href":"https:\/\/info.sadowne.pl\/index.php?rest_route=%2Fwp%2Fv2%2Fcategories&post=19514"},{"taxonomy":"post_tag","embeddable":true,"href":"https:\/\/info.sadowne.pl\/index.php?rest_route=%2Fwp%2Fv2%2Ftags&post=19514"}],"curies":[{"name":"wp","href":"https:\/\/api.w.org\/{rel}","templated":true}]}}