{"id":19526,"date":"2018-11-22T08:54:09","date_gmt":"2018-11-22T07:54:09","guid":{"rendered":"http:\/\/info.sadowne.pl\/?p=19526"},"modified":"2018-11-22T12:57:07","modified_gmt":"2018-11-22T11:57:07","slug":"na-setna-rocznice-wolnej-polski","status":"publish","type":"post","link":"https:\/\/info.sadowne.pl\/?p=19526","title":{"rendered":"Na setn\u0105 rocznic\u0119 wolnej Polski&#8230;"},"content":{"rendered":"<p><strong><img loading=\"lazy\" decoding=\"async\" class=\"alignleft size-thumbnail wp-image-19381\" src=\"http:\/\/info.sadowne.pl\/wp-content\/uploads\/2018\/10\/2018.10.28-3-180x130.jpg\" alt=\"\" width=\"180\" height=\"130\" \/>Jeszcze s\u0142\u00f3w kilka o tej znacz\u0105cej rocznicy, ale w wierszach p. El\u017cbiety S\u00f3wki.<\/strong><!--more--><\/p>\n<p style=\"text-align: center;\"><strong>POLSKA PI\u0118KNO I KRAJOBRAZ<\/strong><\/p>\n<p style=\"text-align: center;\"><strong>*<\/strong><\/p>\n<p style=\"text-align: center;\">Nasza polska ziemi,a na kt\u00f3rej \u017cyjemy,<\/p>\n<p style=\"text-align: center;\">mamy pi\u0119kne lasy i mn\u00f3stwo zieleni.<\/p>\n<p style=\"text-align: center;\">*<\/p>\n<p style=\"text-align: center;\">Du\u017co mamy sad\u00f3w, ziemia plony daje,<\/p>\n<p style=\"text-align: center;\">s\u0105 te\u017c pi\u0119kne miasta, dobre obyczaje.<\/p>\n<p style=\"text-align: center;\">*<\/p>\n<p style=\"text-align: center;\">Mamy autostrady, rzeki i jeziora,<\/p>\n<p style=\"text-align: center;\">na p\u00f3\u0142nocy du\u017ce morze i przepi\u0119kna flora.<\/p>\n<p style=\"text-align: center;\">*<\/p>\n<p style=\"text-align: center;\">Mamy kopalnie, gdzie w\u0119giel dr\u0105\u017cymy,<\/p>\n<p style=\"text-align: center;\">wiele mamy te\u017c atrakcji, z czego si\u0119 cieszymy.<\/p>\n<p style=\"text-align: center;\">*<\/p>\n<p style=\"text-align: center;\">S\u0105 g\u00f3ry wysokie, wzg\u00f3rza i doliny,<\/p>\n<p style=\"text-align: center;\">s\u0105 zabytki i muzea, tym te\u017c si\u0119 szczycimy.<\/p>\n<p style=\"text-align: center;\">*<\/p>\n<p style=\"text-align: center;\">Pi\u0119kna nasza Polska od g\u00f3r, a\u017c do morza,<\/p>\n<p style=\"text-align: center;\">mo\u017cna wiele podziwia\u0107, cudowna przyroda.<\/p>\n<p style=\"text-align: center;\">*<\/p>\n<p style=\"text-align: center;\">Warto tutaj mieszka\u0107,<\/p>\n<p style=\"text-align: center;\">a nasz kraj wci\u0105\u017c kocha\u0107.<\/p>\n<p style=\"text-align: center;\">***<\/p>\n<p style=\"text-align: center;\">NA SETN\u0104 ROCZNIC\u0118 WOLNEJ POLSKI<\/p>\n<p style=\"text-align: center;\">*<\/p>\n<p style=\"text-align: center;\">Pos\u0142uchajcie moi drodzy,<\/p>\n<p style=\"text-align: center;\">chc\u0119 co\u015b wspomnie\u0107 o historii,<\/p>\n<p style=\"text-align: center;\">o rocznicy tak wspania\u0142ej,<\/p>\n<p style=\"text-align: center;\">b\u0119dziemy j\u0105 pami\u0119tali.<\/p>\n<p style=\"text-align: center;\">*<\/p>\n<p style=\"text-align: center;\">Sto lat temu ju\u017c min\u0119\u0142o,<\/p>\n<p style=\"text-align: center;\">gdy Polska woln\u0105 zosta\u0142a,<\/p>\n<p style=\"text-align: center;\">wcze\u015bniej by\u0142a pod pr\u0119gierzem,<\/p>\n<p style=\"text-align: center;\">w niewol\u0119 tez si\u0119 dosta\u0142a.<\/p>\n<p style=\"text-align: center;\">*<\/p>\n<p style=\"text-align: center;\">Trzy mocarstwa do\u015b\u0107 bogate,<\/p>\n<p style=\"text-align: center;\">nasz\u0105 Polsk\u0119 rozgrabili,<\/p>\n<p style=\"text-align: center;\">by\u0142y trzy rozbiory w Polsce,<\/p>\n<p style=\"text-align: center;\">nar\u00f3d nasz bardzo gn\u0119bili.<\/p>\n<p style=\"text-align: center;\">*<\/p>\n<p style=\"text-align: center;\">A tym krajem by\u0142a Rosja,<\/p>\n<p style=\"text-align: center;\">Prusy, Austria \u2013 trzy mocarstwa,<\/p>\n<p style=\"text-align: center;\">koniec wieku 18,<\/p>\n<p style=\"text-align: center;\">Polska cierpi nie jest w\u0142asna.<\/p>\n<p style=\"text-align: center;\">*<\/p>\n<p style=\"text-align: center;\">Cho\u0107 si\u0119 ludno\u015b\u0107 jednoczy\u0142a,<\/p>\n<p style=\"text-align: center;\">cho\u0107 patriot\u00f3w wielu by\u0142o,<\/p>\n<p style=\"text-align: center;\">d\u0142ugo byli\u015bmy w niewoli,<\/p>\n<p style=\"text-align: center;\">nic polskiego te\u017c nie by\u0142o.<\/p>\n<p style=\"text-align: center;\">*<\/p>\n<p style=\"text-align: center;\">Chocia\u017c to zbyt d\u0142ugo trwa\u0142o,<\/p>\n<p style=\"text-align: center;\">chocia\u017c armia si\u0119 tworzy\u0142a,<\/p>\n<p style=\"text-align: center;\">lecz nadszed\u0142 i dzie\u0144 wspania\u0142y,<\/p>\n<p style=\"text-align: center;\">Polska wreszcie wolna by\u0142a.<\/p>\n<p style=\"text-align: center;\">*<\/p>\n<p style=\"text-align: center;\">Armia dzielnie zawalczy\u0142a,<\/p>\n<p style=\"text-align: center;\">wodzem by\u0142 J\u00f3zef Pi\u0142sudski,<\/p>\n<p style=\"text-align: center;\">chocia\u017c nie by\u0142 on sam jeden,<\/p>\n<p style=\"text-align: center;\">byli inni rezolutni.<\/p>\n<p style=\"text-align: center;\">*<\/p>\n<p style=\"text-align: center;\">Ci\u0119\u017cko by\u0142o te\u017c zwyci\u0119\u017cy\u0107,<\/p>\n<p style=\"text-align: center;\">wiele os\u00f3b te\u017c zgin\u0119\u0142o,<\/p>\n<p style=\"text-align: center;\">ale Polska znowu wolna,<\/p>\n<p style=\"text-align: center;\">bohaterskie by\u0142o dzie\u0142o.<\/p>\n<p style=\"text-align: center;\">*<\/p>\n<p style=\"text-align: center;\">Ho\u0142d oddajmy pokoleniom<\/p>\n<p style=\"text-align: center;\">i tym, co w niewoli byli,<\/p>\n<p style=\"text-align: center;\">oni bowiem wiele przeszli,<\/p>\n<p style=\"text-align: center;\">o swe prawa te\u017c walczyli.<\/p>\n<p style=\"text-align: center;\">*<\/p>\n<p style=\"text-align: center;\">Schylmy czo\u0142o dzisiaj wszystkim,<\/p>\n<p style=\"text-align: center;\">bo dzi\u015b woln\u0105 Polsk\u0119 mamy,<\/p>\n<p style=\"text-align: center;\">cze\u015b\u0107 i chwa\u0142a bohaterom,<\/p>\n<p style=\"text-align: center;\">o nich zawsze pami\u0119tamy.<\/p>\n","protected":false},"excerpt":{"rendered":"<p>Jeszcze s\u0142\u00f3w kilka o tej znacz\u0105cej rocznicy, ale w wierszach p. El\u017cbiety S\u00f3wki.<\/p>\n","protected":false},"author":1,"featured_media":0,"comment_status":"closed","ping_status":"closed","sticky":false,"template":"","format":"standard","meta":{"footnotes":""},"categories":[5,48,6,108],"tags":[2731,2889,49],"class_list":["post-19526","post","type-post","status-publish","format-standard","hentry","category-newsy","category-kacik-literacki","category-kultura-rozrywka-edukacja","category-okienko-poetyckie","tag-elzbieta-sowka","tag-uroczyste-obchody-100-lecia-odzyskania-niepodleglosci","tag-wiersze"],"views":3280,"_links":{"self":[{"href":"https:\/\/info.sadowne.pl\/index.php?rest_route=\/wp\/v2\/posts\/19526","targetHints":{"allow":["GET"]}}],"collection":[{"href":"https:\/\/info.sadowne.pl\/index.php?rest_route=\/wp\/v2\/posts"}],"about":[{"href":"https:\/\/info.sadowne.pl\/index.php?rest_route=\/wp\/v2\/types\/post"}],"author":[{"embeddable":true,"href":"https:\/\/info.sadowne.pl\/index.php?rest_route=\/wp\/v2\/users\/1"}],"replies":[{"embeddable":true,"href":"https:\/\/info.sadowne.pl\/index.php?rest_route=%2Fwp%2Fv2%2Fcomments&post=19526"}],"version-history":[{"count":1,"href":"https:\/\/info.sadowne.pl\/index.php?rest_route=\/wp\/v2\/posts\/19526\/revisions"}],"predecessor-version":[{"id":19527,"href":"https:\/\/info.sadowne.pl\/index.php?rest_route=\/wp\/v2\/posts\/19526\/revisions\/19527"}],"wp:attachment":[{"href":"https:\/\/info.sadowne.pl\/index.php?rest_route=%2Fwp%2Fv2%2Fmedia&parent=19526"}],"wp:term":[{"taxonomy":"category","embeddable":true,"href":"https:\/\/info.sadowne.pl\/index.php?rest_route=%2Fwp%2Fv2%2Fcategories&post=19526"},{"taxonomy":"post_tag","embeddable":true,"href":"https:\/\/info.sadowne.pl\/index.php?rest_route=%2Fwp%2Fv2%2Ftags&post=19526"}],"curies":[{"name":"wp","href":"https:\/\/api.w.org\/{rel}","templated":true}]}}