{"id":19535,"date":"2018-11-22T15:18:53","date_gmt":"2018-11-22T14:18:53","guid":{"rendered":"http:\/\/info.sadowne.pl\/?p=19535"},"modified":"2018-11-22T15:18:53","modified_gmt":"2018-11-22T14:18:53","slug":"wojt-waldemar-cyran-i-radni-zlozyli-slubowanie","status":"publish","type":"post","link":"https:\/\/info.sadowne.pl\/?p=19535","title":{"rendered":"W\u00f3jt Waldemar Cyran i radni z\u0142o\u017cyli \u015blubowanie!"},"content":{"rendered":"<p><strong><img loading=\"lazy\" decoding=\"async\" class=\"alignleft size-thumbnail wp-image-19536\" src=\"http:\/\/info.sadowne.pl\/wp-content\/uploads\/2018\/11\/2018.11.22.12-1-180x130.jpg\" alt=\"\" width=\"180\" height=\"130\" \/>Inauguracyjna sesja Rady Gminy Sadowne odby\u0142a si\u0119 22 listopada. <\/strong><!--more--><\/p>\n<p>Sesj\u0119 rozpocz\u0119\u0142a Pani Irena D\u0119bkowska, kt\u00f3ra powita\u0142a wszystkich radnych, W\u00f3jta Gminy, Zast\u0119pc\u0119 W\u00f3jta, Pani\u0105 Skarbnik, Radn\u0105 Powiatow\u0105 Pani\u0105 Ma\u0142gorzat\u0119 Zy\u015bk, Komisarza Wyborczego Pana Mariusza Dybk\u0119, Przewodnicz\u0105cego Gminnej Komisji Wyborczej Pana Mieczys\u0142awa D\u0119bkowskiego, kierownik\u00f3w jednostek organizacyjnych z terenu gminy, so\u0142tys\u00f3w oraz wszystkich bior\u0105cych udzia\u0142 w sesji i\u00a0 przedstawi\u0142a porz\u0105dek obrad.<\/p>\n<p>Nast\u0119pnie Przewodnicz\u0105cy Gminnej Komisji Wyborczej Pan Mieczys\u0142aw D\u0119bkowski\u00a0wr\u0119czy\u0142 radnym za\u015bwiadczenia o ich wyborze na radnych gminnych. Pi\u0119tnastu radnych z\u0142o\u017cy\u0142o \u015blubowanie. P\u00f3\u017aniej radni przeszli do spraw zwi\u0105zanych z wyborem przewodnicz\u0105cego i wiceprzewodnicz\u0105cych rady. Przewodnicz\u0105cym rady zosta\u0142 Pan Tomasz Szymanik, za\u015b wiceprzewodnicz\u0105cymi: Pani Irena D\u0119bkowska oraz Pan Piotr Olkowski. Po ukonstytuowaniu si\u0119 prezydium rady W\u00f3jt Waldemar Cyran odebra\u0142 za\u015bwiadczenie o wyborze i z\u0142o\u017cy\u0142 \u015blubowanie. W\u00f3jt Gminy podzi\u0119kowa\u0142 wszystkim zebranym oraz mieszka\u0144com gminy i zaapelowa\u0142 o owocn\u0105 wsp\u00f3\u0142prac\u0119 z radnymi gminnymi oraz z Powiatem W\u0119growskim.<\/p>\n<p><span style=\"color: #0000ff;\"><a style=\"color: #0000ff;\" href=\"https:\/\/photos.app.goo.gl\/jpJkxe8gg1wsT2UX6\" target=\"_blank\" rel=\"noopener noreferrer\"><strong>Zdj\u0119cia w galerii Google&gt;&gt;&gt;<\/strong><\/a><\/span><\/p>\n<p><strong>Tekst\/foto:<\/strong> Urz\u0105d Gminy Sadowne<\/p>\n","protected":false},"excerpt":{"rendered":"<p>Inauguracyjna sesja Rady Gminy Sadowne odby\u0142a si\u0119 22 listopada.<\/p>\n","protected":false},"author":1,"featured_media":0,"comment_status":"closed","ping_status":"closed","sticky":false,"template":"","format":"standard","meta":{"footnotes":""},"categories":[5,41],"tags":[1058,541,2959,614],"class_list":["post-19535","post","type-post","status-publish","format-standard","hentry","category-newsy","category-wiesci-gminne","tag-i-sesja-rady-gminy-sadowne","tag-rada-gminy-sadowne","tag-slubowanie-radnych-i-wojta-gminy-sadowne","tag-wojt-gminy-sadowne"],"views":4322,"_links":{"self":[{"href":"https:\/\/info.sadowne.pl\/index.php?rest_route=\/wp\/v2\/posts\/19535","targetHints":{"allow":["GET"]}}],"collection":[{"href":"https:\/\/info.sadowne.pl\/index.php?rest_route=\/wp\/v2\/posts"}],"about":[{"href":"https:\/\/info.sadowne.pl\/index.php?rest_route=\/wp\/v2\/types\/post"}],"author":[{"embeddable":true,"href":"https:\/\/info.sadowne.pl\/index.php?rest_route=\/wp\/v2\/users\/1"}],"replies":[{"embeddable":true,"href":"https:\/\/info.sadowne.pl\/index.php?rest_route=%2Fwp%2Fv2%2Fcomments&post=19535"}],"version-history":[{"count":1,"href":"https:\/\/info.sadowne.pl\/index.php?rest_route=\/wp\/v2\/posts\/19535\/revisions"}],"predecessor-version":[{"id":19537,"href":"https:\/\/info.sadowne.pl\/index.php?rest_route=\/wp\/v2\/posts\/19535\/revisions\/19537"}],"wp:attachment":[{"href":"https:\/\/info.sadowne.pl\/index.php?rest_route=%2Fwp%2Fv2%2Fmedia&parent=19535"}],"wp:term":[{"taxonomy":"category","embeddable":true,"href":"https:\/\/info.sadowne.pl\/index.php?rest_route=%2Fwp%2Fv2%2Fcategories&post=19535"},{"taxonomy":"post_tag","embeddable":true,"href":"https:\/\/info.sadowne.pl\/index.php?rest_route=%2Fwp%2Fv2%2Ftags&post=19535"}],"curies":[{"name":"wp","href":"https:\/\/api.w.org\/{rel}","templated":true}]}}