{"id":19558,"date":"2018-11-24T18:04:36","date_gmt":"2018-11-24T17:04:36","guid":{"rendered":"http:\/\/info.sadowne.pl\/?p=19558"},"modified":"2018-11-24T18:08:16","modified_gmt":"2018-11-24T17:08:16","slug":"trasa-piesza-nr-2","status":"publish","type":"post","link":"https:\/\/info.sadowne.pl\/?p=19558","title":{"rendered":"Trasa piesza nr 2 w Sadownem"},"content":{"rendered":"<p><strong><a href=\"http:\/\/info.sadowne.pl\/wp-content\/uploads\/2018\/11\/2018.11.24.1.jpg\" target=\"_blank\" rel=\"noopener noreferrer\"><img loading=\"lazy\" decoding=\"async\" class=\"alignleft wp-image-19559 size-thumbnail\" src=\"http:\/\/info.sadowne.pl\/wp-content\/uploads\/2018\/11\/2018.11.24.1-180x130.jpg\" alt=\"\" width=\"180\" height=\"130\" \/><\/a>Dzi\u015b proponujemy Pa\u0144stwu spacerek, kt\u00f3ry tylko z pozoru wydaje si\u0119 kr\u00f3tki i mniej interesuj\u0105cy ni\u017c poprzedni. <\/strong><!--more--><\/p>\n<p>Trasa ma d\u0142ugo\u015b\u0107 zaledwie nieco ponad 2 km, ale\u2026. mo\u017cna j\u0105 \u201erozci\u0105gn\u0105\u0107 w przestrzeni i czasie\u201d. Na pocz\u0105tek tylko zdradzimy, \u017ce drugim (po opisanym w pierwszej trasie pieszej ko\u015bciele) elementem decyduj\u0105cym o tym, \u017ce Sadowne spo\u015br\u00f3d okolicznych osad rozwin\u0119\u0142o si\u0119 (wg nas) najbardziej, by\u0142a szko\u0142a. I do niej b\u0119dzie wiod\u0142a dzisiejsza trasa. I ju\u017c tak tradycyjnie, nie bezpo\u015brednio z GOK-u w lewo ulic\u0105 Tadeusza Ko\u015bciuszki, bo to zaledwie 200 m, a tak troch\u0119 \u201enaoko\u0142o\u201d. Na w\u0119dr\u00f3wk\u0119 za\u0142\u00f3\u017cmy nieco swobodniejszy (pozwalaj\u0105cy na nieskr\u0119powane ruchy) str\u00f3j i sportowe czy turystyczne obuwie.<\/p>\n<p><img loading=\"lazy\" decoding=\"async\" class=\"aligncenter size-full wp-image-19560\" src=\"http:\/\/info.sadowne.pl\/wp-content\/uploads\/2018\/11\/2018.11.24.10.jpg\" alt=\"\" width=\"479\" height=\"329\" srcset=\"https:\/\/info.sadowne.pl\/wp-content\/uploads\/2018\/11\/2018.11.24.10.jpg 479w, https:\/\/info.sadowne.pl\/wp-content\/uploads\/2018\/11\/2018.11.24.10-300x206.jpg 300w\" sizes=\"auto, (max-width: 479px) 100vw, 479px\" \/><\/p>\n<p><strong>Zobacz map\u0119 trasy na stronie <span style=\"color: #0000ff;\"><a style=\"color: #0000ff;\" href=\"https:\/\/www.mapfab.com\/map\/0lo\/Sadowne-trasa-piesza-nr-2\" target=\"_blank\" rel=\"noopener noreferrer\">https:\/\/www.MapFab.com\/map\/0lo\/Sadowne-trasa-piesza-nr-2<\/a><\/span><\/strong>.<\/p>\n<p>Spod GOK-u ruszmy naprzeciwko, w kr\u00f3tk\u0105 i w\u0105sk\u0105 uliczk\u0119 Piekarsk\u0105. Tu niestety pierwszy jej fragment s\u0105siaduje od strony piekarni z niewielk\u0105 dzia\u0142k\u0105, co jak profanum przy sacrum wygl\u0105da. Ci\u0105gle bowiem za\u015bmiecana jest przez nie tylko miejscowych \u201ekoneser\u00f3w\u201d, bez skr\u0119powania oddaj\u0105cych si\u0119 spo\u017cywaniu pod chmurk\u0105 i pozostawianiu na miejscu puszek, butelek itp. \u2013 <span style=\"color: #0000ff;\"><a style=\"color: #0000ff;\" href=\"https:\/\/photos.app.goo.gl\/KtF6Xnp2gcaKQ98A9\" target=\"_blank\" rel=\"noopener noreferrer\"><strong>wi\u0119cej&gt;&gt;&gt;<\/strong><\/a><\/span><\/p>\n<p><a href=\"http:\/\/info.sadowne.pl\/wp-content\/uploads\/2018\/11\/2018.11.24.2.jpg\" target=\"_blank\" rel=\"noopener noreferrer\"><img loading=\"lazy\" decoding=\"async\" class=\"alignright wp-image-19561 size-thumbnail\" src=\"http:\/\/info.sadowne.pl\/wp-content\/uploads\/2018\/11\/2018.11.24.2-180x130.jpg\" alt=\"\" width=\"180\" height=\"130\" \/><\/a>Z Piekarskiej zaraz skr\u0119\u0107my w lewo, w niewiele szersz\u0105 ul. Jana Kili\u0144skiego. Na rogu tych uliczek niewielki dom, gdzie niegdy\u015b mieszka\u0142 szkolny palacz K\u0105dziela, o kt\u00f3rym anegdoty do dzi\u015b kr\u0105\u017c\u0105 w\u015br\u00f3d miejscowych uczni\u00f3w.<\/p>\n<p>A na skr\u0119cie Kili\u0144skiego w prawo, po lewej, kolejna posesja zwi\u0105zana ze szko\u0142\u0105, tu wiele lat zamieszkiwa\u0142o ma\u0142\u017ce\u0144stwo Wrzosk\u00f3w \u2013 szkolni wo\u017ani. Dalej na tej uliczce miniemy myjni\u0119 i du\u017cy warsztat samochodowy i z pewno\u015bci\u0105 dojrzymy za podw\u00f3rkami sadowie\u0144ski stadion i hal\u0119 sportow\u0105. Tu ju\u017c zorientujecie si\u0119, \u017ce dzi\u015b kompleks szkolny \u201eokr\u0105\u017cymy\u201d zanim poznamy go z bliska. Niemal tu\u017c przed krajow\u0105 50. z lewej kolejna posesja, gdzie zamieszkiwali dyrektorzy szk\u00f3\u0142: Helena Pu\u015bcion i Bogus\u0142aw Ki\u0107, kt\u00f3remu zawdzi\u0119czmy istnienie Muzeum Ziemi Sadowie\u0144skiej \u2013 <span style=\"color: #0000ff;\"><a style=\"color: #0000ff;\" href=\"https:\/\/photos.app.goo.gl\/6WXtmp8gNevGErhD9\" target=\"_blank\" rel=\"noopener noreferrer\"><strong>wi\u0119cej&gt;&gt;&gt;<\/strong><\/a><\/span><\/p>\n<p><a href=\"http:\/\/info.sadowne.pl\/wp-content\/uploads\/2018\/11\/2018.11.24.3.jpg\" target=\"_blank\" rel=\"noopener noreferrer\"><img loading=\"lazy\" decoding=\"async\" class=\"alignleft wp-image-19562 size-thumbnail\" src=\"http:\/\/info.sadowne.pl\/wp-content\/uploads\/2018\/11\/2018.11.24.3-180x130.jpg\" alt=\"\" width=\"180\" height=\"130\" \/><\/a>A doszed\u0142szy do 50. skr\u0119\u0107my w lewo. Ta ruchliwa trasa przebiegaj\u0105c przez Sadowne nie ma jeszcze drogi dla ruchu lokalnego czy cho\u0107by chodnika. St\u0105d te\u017c musimy i\u015b\u0107 poboczem, do\u015bwiadczaj\u0105c na co nara\u017cani s\u0105 piesi codziennie zd\u0105\u017caj\u0105cy do pracy, szko\u0142y czy po zakupy na odcinku od Piaskowej G\u00f3rki do skrzy\u017cowania z ul. Wiejsk\u0105. Chyba jeszcze mocniejsze wra\u017cenia czekaj\u0105 tylko rowerzyst\u00f3w pr\u00f3buj\u0105cych bezpiecznie przejecha\u0107 ten odcinek. Z prawej miniemy stacj\u0119 paliw, a z lewej zn\u00f3w z oddali zobaczymy nasze szko\u0142y, hal\u0119 i boiska \u2013 <span style=\"color: #0000ff;\"><a style=\"color: #0000ff;\" href=\"https:\/\/photos.app.goo.gl\/8NywzEdUTEAyTR6x8\" target=\"_blank\" rel=\"noopener noreferrer\"><strong>wi\u0119cej&gt;&gt;&gt;<\/strong><\/a><\/span><\/p>\n<p><a href=\"http:\/\/info.sadowne.pl\/wp-content\/uploads\/2018\/11\/2018.11.24.4.jpg\" target=\"_blank\" rel=\"noopener noreferrer\"><img loading=\"lazy\" decoding=\"async\" class=\"alignright wp-image-19563 size-thumbnail\" src=\"http:\/\/info.sadowne.pl\/wp-content\/uploads\/2018\/11\/2018.11.24.4-180x130.jpg\" alt=\"\" width=\"180\" height=\"130\" \/><\/a>Odchodz\u0105ca w lewo uliczka nosi imi\u0119 Bohater\u00f3w 1939 r. Skr\u0119\u0107my w ni\u0105. Zauwa\u017cymy, \u017ce tu\u017c za posesjami z prawej jest las. To przed nim w 1939 r. nasze wojska mia\u0142y lini\u0119 obrony przed nacieraj\u0105cymi z p\u00f3\u0142nocy od Broku hitlerowcami. Przez trzy dni Sadowne by\u0142o \u015bwiadkiem zaci\u0119tych walk, a groby 50. poleg\u0142ych Polak\u00f3w z pewno\u015bci\u0105 odwiedzili\u015bcie na cmentarzu podczas poprzedniej w\u0119dr\u00f3wki. Wi\u0119kszo\u015b\u0107 z nich zgin\u0119\u0142a w\u0142a\u015bnie w pobli\u017cu naszego dzisiejszego szlaku. Na Bohater\u00f3w mijamy m.in. domki nauczycieli i os\u00f3b w szko\u0142ach pracuj\u0105cych i szybko dochodzimy do ul. Grunwaldzkiej. Po jej drugiej stronie, na prawo skos, ujrzymy dwa \u201edomy nauczyciela\u201d, a przed nami posesja po weterynaryjnej lecznicy \u2013 <span style=\"color: #0000ff;\"><a style=\"color: #0000ff;\" href=\"https:\/\/photos.app.goo.gl\/sf795yDmgkzvRjzF7\" target=\"_blank\" rel=\"noopener noreferrer\"><strong>wi\u0119cej&gt;&gt;&gt;<\/strong><\/a><\/span><\/p>\n<p><a href=\"http:\/\/info.sadowne.pl\/wp-content\/uploads\/2018\/11\/2018.11.24.5.jpg\" target=\"_blank\" rel=\"noopener noreferrer\"><img loading=\"lazy\" decoding=\"async\" class=\"alignleft wp-image-19564 size-thumbnail\" src=\"http:\/\/info.sadowne.pl\/wp-content\/uploads\/2018\/11\/2018.11.24.5-180x130.jpg\" alt=\"\" width=\"180\" height=\"130\" \/><\/a>Na Grunwaldzkiej skr\u0119\u0107my w lewo (tu te\u017c posesje po osobach niegdy\u015b pracuj\u0105cych w szko\u0142ach), by po kilkudziesi\u0119ciu metrach dojrze\u0107 dojazd do du\u017cej posesji w g\u0142\u0119bi z drewnianym domem zamieszkiwanym niegdy\u015b przez kolejnych dyrektor\u00f3w szk\u00f3\u0142: Halin\u0119 i Edwarda S\u00f3wk\u00f3w. Zapewne skrupulatni skojarz\u0105 z pierwszego spaceru, \u017ce nasz ko\u015bci\u00f3\u0142 zdobi\u0105 m.in. wspania\u0142e obrazy olejne z sygnatur\u0105 E. S\u00f3wki.<\/p>\n<p>A na rogu Grunwaldzkiej i Ko\u015bciuszki posesja z du\u017cym drewnianym domem po Klarze i Wincentym Sapielakach \u2013 kolejnych pedagogach, co do pracy mieli ledwie \u201eprzez p\u0142ot\u201d. Mijaj\u0105c t\u0119 posesj\u0119 znajdziemy si\u0119 ju\u017c na odcinku ulicy Ko\u015bciuszki bezpo\u015brednio przyleg\u0142ym do terenu szkolnego. Ale mo\u017ce chwilk\u0119 zatrzymajmy si\u0119 przy krzy\u017cu, co przed wojnami na rozstajach dr\u00f3g sta\u0142. Tu trakt od ko\u015bcio\u0142a rozdziela\u0142 si\u0119 na te: ku Krupi\u0144skiemu i ku Ko\u0142odzi\u0105\u017cowi. W okolicy krzy\u017ca zobaczymy cztery du\u017ce, drewniane, powojenne domy, jakie dziesi\u0105tki lat temu cie\u015ble budowali. Ka\u017cdy inny i ka\u017cdy kryj\u0105cy w sobie ciekawe historie pokole\u0144 rodzin w nich zamieszkuj\u0105cych \u2013 <span style=\"color: #0000ff;\"><a style=\"color: #0000ff;\" href=\"https:\/\/photos.app.goo.gl\/mqWPtWbt6AYL5js99\" target=\"_blank\" rel=\"noopener noreferrer\"><strong>wi\u0119cej&gt;&gt;&gt;<\/strong><\/a><\/span><\/p>\n<p><a href=\"http:\/\/info.sadowne.pl\/wp-content\/uploads\/2018\/11\/2018.11.24.6.jpg\" target=\"_blank\" rel=\"noopener noreferrer\"><img loading=\"lazy\" decoding=\"async\" class=\"alignright wp-image-19565 size-thumbnail\" src=\"http:\/\/info.sadowne.pl\/wp-content\/uploads\/2018\/11\/2018.11.24.6-180x130.jpg\" alt=\"\" width=\"180\" height=\"130\" \/><\/a>A id\u0105c ku szkolnej bramie najpierw ujrzymy internat ze sto\u0142\u00f3wk\u0105 i kuchni\u0105 na pierwszym planie. Dzi\u015b niemal \u201enieme\u201d, bo niezasiedlone dziesi\u0105tkami uczni\u00f3w mury. A ile\u017c kryj\u0105 w sobie m\u0142odzie\u0144czych wspomnie\u0144\u2026 My \u015bmia\u0142o wkroczmy przez furtk\u0119 lub bram\u0119 na teren szkolny, bo jest on do p\u00f3\u017anych godzin dost\u0119pny. Przed nami dwupi\u0119trowy budynek obecnie mieszcz\u0105cy i Szko\u0142\u0119 Podstawow\u0105 i Zesp\u00f3\u0142 Szk\u00f3\u0142 Ponadgimnazjalnych (jeszcze, bo nied\u0142ugo ta nazwa nie b\u0119dzie mia\u0142a sensu, gdy znikn\u0105 gimnazja). Bardzo ciekawe historie powstania szko\u0142y w tym miejscu, tego budynku, jego los\u00f3w i ucz\u0105cych w nim pedagog\u00f3w oraz ucz\u0105cych si\u0119 w nim od ponad o\u015bmiu dziesi\u0119cioleci uczni\u00f3w mo\u017cecie pozna\u0107 cho\u0107by zagl\u0105daj\u0105c na strony: <a href=\"http:\/\/www.spsadowne.pl\" target=\"_blank\" rel=\"noopener noreferrer\">www.spsadowne.pl<\/a>\u00a0czy <a href=\"http:\/\/www.liceumsadowne.pl\" target=\"_blank\" rel=\"noopener noreferrer\">www.liceumsadowne.pl<\/a>. Na naszym Info Sadowne tak\u017ce wielokrotnie o szko\u0142ach sadowie\u0144skich pisali\u015bmy, a w Gminnej Bibliotece znajdziecie publikacje ze szko\u0142ami zwi\u0105zane, szczeg\u00f3lnie polecamy histori\u0119 sadowie\u0144skiej o\u015bwiaty i nie tylko spisan\u0105 w 1970 r. przez Edwarda S\u00f3wk\u0119 w \u201e<strong>Sadowie\u0144skich Obrazach <\/strong><strong>\u00a0\u2013\u00a0<\/strong>Zebranych wspomnieniach z dawnego i bli\u017cszego \u017cycia Sadownego i okolic\u201d \u2013 <span style=\"color: #0000ff;\"><a style=\"color: #0000ff;\" href=\"https:\/\/photos.app.goo.gl\/yHWeKDgnFAzKs6ue6\" target=\"_blank\" rel=\"noopener noreferrer\"><strong>wi\u0119cej&gt;&gt;&gt;<\/strong><\/a><\/span><\/p>\n<p>Id\u0105c mi\u0119dzy budynkiem internatu i szkolnym miniemy boczne wej\u015bcie do internatu, a z prawej wej\u015bcie do mieszkania na pi\u0119trze, gdzie zamieszkiwa\u0142y rodziny dyrektor\u00f3w Liceum Og\u00f3lnokszta\u0142c\u0105cego im. W\u0142adys\u0142awa Orkana: Draganowie, Casseliusowie i Hermanowie.<\/p>\n<p>Je\u015bli towarzysz\u0105 Wam dzieci, to musicie wej\u015b\u0107 na lewo na plac zabaw, gdzie na kilku urz\u0105dzeniach czeka na nich zabawa. W tym miejscu jeszcze niedawno sta\u0142 drewniany barak szkolny, gdzie pocz\u0105tkowo te\u017c by\u0142 internat.<\/p>\n<p>Dalej, po lewej, skrzyd\u0142o budynku Gimnazjum, a w zasadzie to do budynku tego \u201eskrzyd\u0142a\u201d dobudowano nowy budynek Gimnazjum, kt\u00f3rego patronem jest b\u0142. E. Grzyma\u0142a. A w skrzydle Muzeum Ziemi Sadowie\u0144skiej im. B. Kicia z licznymi eksponatami, kt\u00f3re z pewno\u015bci\u0105 warto pozna\u0107, za nim dziedziniec przed Gimnazjum i \u0142\u0105cz\u0105c\u0105 si\u0119 z nim Gminn\u0105 Hal\u0105 Sportow\u0105 \u2013 <span style=\"color: #0000ff;\"><a style=\"color: #0000ff;\" href=\"https:\/\/photos.app.goo.gl\/mqt6NdeJ6dLK1kvM6\" target=\"_blank\" rel=\"noopener noreferrer\"><strong>wi\u0119cej&gt;&gt;&gt;<\/strong><\/a><\/span><\/p>\n<p><a href=\"http:\/\/info.sadowne.pl\/wp-content\/uploads\/2018\/11\/2018.11.24.7.jpg\" target=\"_blank\" rel=\"noopener noreferrer\"><img loading=\"lazy\" decoding=\"async\" class=\"alignleft wp-image-19566 size-thumbnail\" src=\"http:\/\/info.sadowne.pl\/wp-content\/uploads\/2018\/11\/2018.11.24.7-180x130.jpg\" alt=\"\" width=\"180\" height=\"130\" \/><\/a>Za hal\u0105 niewielkie boisko treningowe ze sztuczn\u0105 nawierzchni\u0105 i o\u015bwietleniem (jeszcze niedawno by\u0142a tu strzelnica), a przed hal\u0105 zewn\u0119trzna si\u0142ownia i przede wszystkim nasz stadion z tartanow\u0105 bie\u017cni\u0105 i super utrzymywan\u0105 naturaln\u0105 nawierzchni\u0105. Bli\u017cej starej szko\u0142y jeszcze sala gimnastyczna i boisko do koszyk\u00f3wki. Jest gdzie uprawia\u0107 r\u00f3\u017cne dyscypliny sportu, cho\u0107 wydaje si\u0119, \u017ce teren szkolny \u017cadnych rezerw ju\u017c nie posiada. Tymczasem przyda\u0142oby si\u0119 i pe\u0142nowymiarowe boisko treningowe dla pi\u0142karzy i wi\u0119cej miejsc parkingowych i\u2026<\/p>\n<p>O ka\u017cdym obiekcie tylko wzmiankujemy, ka\u017cdy ma swoj\u0105 niezwyk\u0142\u0105, niekt\u00f3re dziesi\u0105tki lat licz\u0105c\u0105 histori\u0119, bo pocz\u0105tki szko\u0142y w tym miejscu to po\u0142owa lat 30., liceum &#8211; lat 40., a stadionu &#8211; lat 50. ub. wieku. A przecie\u017c te miejsca to nie tylko obiekty i mury, ale przede wszystkim prze\u017cycia pokole\u0144 uczni\u00f3w i rodzic\u00f3w, setek nauczycieli, sportowc\u00f3w czy kibic\u00f3w. Nie ma to jednak jak samemu wszystko obejrze\u0107, pozna\u0107, a mo\u017ce\u2026 i skorzysta\u0107. Zapoznajmy si\u0119 z regulaminami korzystania z obiekt\u00f3w sportowych i spr\u00f3bujmy. Tu ju\u017c zorientowali\u015bcie si\u0119 \u201eco autor mia\u0142 na my\u015bli\u201d pisz\u0105c na wst\u0119pie o mo\u017cliwo\u015bci czasoprzestrzennego rozwini\u0119cia tego spaceru, bo pr\u00f3cz n\u00f3g, jakie g\u0142\u00f3wnie do tej pory w w\u0119dr\u00f3wce wykorzystywali\u015bmy, na rozgrzewk\u0119 i wi\u0119kszy wysi\u0142ek czekaj\u0105 pozosta\u0142e partie naszego cia\u0142a. Spr\u00f3bujcie \u0107wicze\u0144 na elementach zewn\u0119trznej si\u0142owni, mo\u017ce rozgrzejcie umys\u0142 przy stoliku z szachownic\u0105, a przede wszystkim najpierw spokojnie przejd\u017acie okr\u0105\u017cenie stadionu, a nast\u0119pne, mo\u017ce i kolejne i jeszcze jedno ju\u017c spr\u00f3bujcie przetruchta\u0107 swoim tempem. Poczujcie jak spr\u0119\u017cysto\u015b\u0107 tartanowej bie\u017cni to u\u0142atwia.<\/p>\n<p><a href=\"http:\/\/info.sadowne.pl\/wp-content\/uploads\/2018\/11\/2018.11.24.8.jpg\" target=\"_blank\" rel=\"noopener noreferrer\"><img loading=\"lazy\" decoding=\"async\" class=\"alignright wp-image-19567 size-thumbnail\" src=\"http:\/\/info.sadowne.pl\/wp-content\/uploads\/2018\/11\/2018.11.24.8-180x130.jpg\" alt=\"\" width=\"180\" height=\"130\" \/><\/a>A po wysi\u0142ku tylko \u201ekrok\u201d, by wyj\u015b\u0107 z terenu szkolnego i po drugiej stronie ul. Ko\u015bciuszki odpocz\u0105\u0107 i zregenerowa\u0107 si\u0142y, uzupe\u0142ni\u0107 p\u0142yny, czy \u201ebez wyrzut\u00f3w sumienia\u201d zje\u015b\u0107 s\u0142odko\u015bci w cukierni \u201eMarica\u201d \u2013 <span style=\"color: #0000ff;\"><a style=\"color: #0000ff;\" href=\"https:\/\/photos.app.goo.gl\/QicH2ixpsPTMBsmV8\" target=\"_blank\" rel=\"noopener noreferrer\"><strong>wi\u0119cej&gt;&gt;&gt;<\/strong><\/a><\/span><\/p>\n<p>Mo\u017ce uwierzyli\u015bcie ile dla Sadownego znaczy\u0142o postawienie tu ko\u015bcio\u0142a, co setki parafian \u015bci\u0105ga i ile rozw\u00f3j szkolnictwa, niebywa\u0142y jak na tak ma\u0142\u0105 wie\u015b. To g\u0142\u00f3wne czynniki osadotw\u00f3rcze. Nie mamy \u017cyznych gleb, bogactw naturalnych itp., ale przy ko\u015bciele i szko\u0142ach rozwija\u0142 si\u0119 drobny handel i us\u0142ugi, osiedla\u0142y si\u0119 nowe rodziny, bo mia\u0142y prac\u0119. Rozw\u00f3j szkolnictwa, \u015bci\u0105gni\u0119cie tu wybitnych pedagog\u00f3w, da\u0142o szans\u0119 pokoleniom m\u0142odzie\u017cy z ca\u0142ej okolicy na zdobycie naprawd\u0119 porz\u0105dnych podstaw wiedzy i umiej\u0119tno\u015bci w wielu dziedzinach oraz zdobycie wy\u017cszego wykszta\u0142cenia, a nawet tytu\u0142\u00f3w naukowych. Zaledwie niewielka cz\u0119\u015b\u0107 mog\u0142a po studiach znale\u017a\u0107 odpowiedni\u0105 prac\u0119 na miejscu. Za to jak wzbogacili\u015bmy wykszta\u0142conymi lud\u017ami inne okolice, nie tylko w kraju.<\/p>\n<p>Ale wolno wr\u00f3\u0107my dzi\u015b do pocz\u0105tku naszej w\u0119dr\u00f3wki &#8211; budynku GOK-u, co ju\u017c od kilku lat udowadnia jak jest niezb\u0119dny oraz pomocny w tworzeniu i przeprowadzaniu wszelkich kulturalnych, sportowych itp. przedsi\u0119wzi\u0119\u0107 gminnych, so\u0142eckich, klubowych\u2026 A o samym GOK-u, Bibliotece i Muzeum jeszcze napiszemy w czasie, gdy aura nie b\u0119dzie sprzyja\u0107 spacerom i pomy\u015blicie, co tu robi\u0107, jak pada, \u017ce psa nie wygonisz\u2026<\/p>\n<p><img loading=\"lazy\" decoding=\"async\" class=\"aligncenter size-full wp-image-19568\" src=\"http:\/\/info.sadowne.pl\/wp-content\/uploads\/2018\/11\/2018.11.24.9.jpg\" alt=\"\" width=\"250\" height=\"250\" \/><\/p>\n<p><strong>Tekst:<\/strong> RW<\/p>\n<p><strong>Foto:<\/strong> S\u0142awek Chyli\u0144ski<\/p>\n","protected":false},"excerpt":{"rendered":"<p>Dzi\u015b proponujemy Pa\u0144stwu spacerek, kt\u00f3ry tylko z pozoru wydaje si\u0119 kr\u00f3tki i mniej interesuj\u0105cy ni\u017c poprzedni.<\/p>\n","protected":false},"author":1,"featured_media":0,"comment_status":"closed","ping_status":"closed","sticky":false,"template":"","format":"standard","meta":{"footnotes":""},"categories":[5,906,7,2962],"tags":[2003,907,2940,25,2963],"class_list":["post-19558","post","type-post","status-publish","format-standard","hentry","category-newsy","category-rekreacja","category-sport","category-trasy-piesze","tag-miejski-i-gminny-osrodek-kultury-w-lochowie","tag-rekreacja-2","tag-sadowienskie-spacery","tag-sadowne","tag-trasa-piesza-nr-2-w-sadownem"],"views":3324,"_links":{"self":[{"href":"https:\/\/info.sadowne.pl\/index.php?rest_route=\/wp\/v2\/posts\/19558","targetHints":{"allow":["GET"]}}],"collection":[{"href":"https:\/\/info.sadowne.pl\/index.php?rest_route=\/wp\/v2\/posts"}],"about":[{"href":"https:\/\/info.sadowne.pl\/index.php?rest_route=\/wp\/v2\/types\/post"}],"author":[{"embeddable":true,"href":"https:\/\/info.sadowne.pl\/index.php?rest_route=\/wp\/v2\/users\/1"}],"replies":[{"embeddable":true,"href":"https:\/\/info.sadowne.pl\/index.php?rest_route=%2Fwp%2Fv2%2Fcomments&post=19558"}],"version-history":[{"count":2,"href":"https:\/\/info.sadowne.pl\/index.php?rest_route=\/wp\/v2\/posts\/19558\/revisions"}],"predecessor-version":[{"id":19570,"href":"https:\/\/info.sadowne.pl\/index.php?rest_route=\/wp\/v2\/posts\/19558\/revisions\/19570"}],"wp:attachment":[{"href":"https:\/\/info.sadowne.pl\/index.php?rest_route=%2Fwp%2Fv2%2Fmedia&parent=19558"}],"wp:term":[{"taxonomy":"category","embeddable":true,"href":"https:\/\/info.sadowne.pl\/index.php?rest_route=%2Fwp%2Fv2%2Fcategories&post=19558"},{"taxonomy":"post_tag","embeddable":true,"href":"https:\/\/info.sadowne.pl\/index.php?rest_route=%2Fwp%2Fv2%2Ftags&post=19558"}],"curies":[{"name":"wp","href":"https:\/\/api.w.org\/{rel}","templated":true}]}}