{"id":19583,"date":"2018-11-26T16:04:55","date_gmt":"2018-11-26T15:04:55","guid":{"rendered":"http:\/\/info.sadowne.pl\/?p=19583"},"modified":"2018-11-26T16:04:55","modified_gmt":"2018-11-26T15:04:55","slug":"dziecko-mozna-skrzywdzic-na-cale-zycie","status":"publish","type":"post","link":"https:\/\/info.sadowne.pl\/?p=19583","title":{"rendered":"Dziecko mo\u017cna skrzywdzi\u0107 na ca\u0142e \u017cycie,"},"content":{"rendered":"<p><strong><a href=\"http:\/\/info.sadowne.pl\/wp-content\/uploads\/2018\/08\/strefapociech.jpg\" target=\"_blank\" rel=\"noopener noreferrer\"><img loading=\"lazy\" decoding=\"async\" class=\"alignleft wp-image-19033 size-thumbnail\" src=\"http:\/\/info.sadowne.pl\/wp-content\/uploads\/2018\/08\/strefapociech-180x130.jpg\" alt=\"\" width=\"180\" height=\"130\" \/><\/a>nawet go nie dotykaj\u0105c.<\/strong><!--more--><\/p>\n<p>Przemoc wobec dzieci cz\u0119sto kojarzona jest wy\u0142\u0105cznie z agresj\u0105 fizyczn\u0105, kt\u00f3ra mo\u017ce uszkodzi\u0107 cia\u0142o. Cz\u0119sto zak\u0142ada si\u0119, \u017ce wyst\u0119puje ona tylko w rodzinach z marginesu spo\u0142ecznego, dotkni\u0119tych innych patologiami, takimi jak np. alkoholizm. Statystyki s\u0105 jednak nieub\u0142agane \u2013<strong>\u00a0<\/strong>dzieci rodzic\u00f3w ka\u017cdej klasy spo\u0142eczno-ekonomicznej padaj\u0105 ofiarami przemocy.\u00a0<strong>\u00a0<\/strong>\u00a0Krzywdzenie to nie tylko bicie, wykorzystywanie seksualne czy zaniedbanie. Paradoksalnie takie sytuacje naj\u0142atwiej rozpozna\u0107 i napi\u0119tnowa\u0107. Przemoc mo\u017ce te\u017c przyj\u0105\u0107 inne formy, z pozoru bardziej niewinne, cho\u0107 w rzeczywisto\u015bci r\u00f3wnie niszcz\u0105ce.<\/p>\n<p><em><img loading=\"lazy\" decoding=\"async\" class=\"alignright size-full wp-image-19034\" src=\"http:\/\/info.sadowne.pl\/wp-content\/uploads\/2018\/08\/MD.jpg\" alt=\"\" width=\"128\" height=\"149\" \/>Presja psychiczna wobec dzieci\u00a0przez d\u0142ugi czas by\u0142a zjawiskiem r\u00f3wnie powszechnym, co lekcewa\u017conym.\u00a0Surowe metody wychowawcze<strong>\u00a0<\/strong>uznawano za w\u0142a\u015bciwy spos\u00f3b kszta\u0142towania m\u0142odych ludzi. Tymczasem badania wsp\u00f3\u0142czesnych psycholog\u00f3w wykazuj\u0105, \u017ce werbalna agresja ma bardziej negatywny wp\u0142yw na rozw\u00f3j cz\u0142owieka ni\u017c u\u017cywanie si\u0142y fizycznej. Przemoc emocjonalna to zachowanie doros\u0142ych wobec dziecka prowadz\u0105ce do wyrz\u0105dzenia mu krzywdy psychicznej. Agresor wykorzystuje swoj\u0105 przewag\u0119 nad nim i jego zaufanie do siebie.<\/em><\/p>\n<p>Dziecko jest ca\u0142kowicie bezbronne i bezkrytyczne wobec obelg, gr\u00f3\u017ab, uczuciowego szanta\u017cu czy nadmiernego rygoryzmu. Rozwija si\u0119 w\u00a0nieustannym poczuciu zagro\u017cenia, winy, upokorzenia, w strachu, ucz\u0105c si\u0119 bez protestu spe\u0142nia\u0107 wszelkie oczekiwania opiekun\u00f3w. W konsekwencji wyrasta na osob\u0119 o\u00a0niskim poczuciu w\u0142asnej warto\u015bci, l\u0119kow\u0105, niezdoln\u0105 do podejmowania samodzielnych decyzji, przekonan\u0105, \u017ce niewarta jest mi\u0142o\u015bci.<\/p>\n<p><strong>Przemoc emocjonalna przyjmuje formy:<\/strong><\/p>\n<ul>\n<li>odrzucania dziecka,<\/li>\n<li>nieustannego krytykowania,<\/li>\n<li>wy\u015bmiewania,<\/li>\n<li>wyzywania,<\/li>\n<li>upokarzania,<\/li>\n<li>szanta\u017cu,<\/li>\n<li>gr\u00f3\u017ab,<\/li>\n<li>warunkowej mi\u0142o\u015bci,<\/li>\n<li>stawiania wymaga\u0144 przekraczaj\u0105cych wiek dziecka,<\/li>\n<li>nierespektowania potrzeb dziecka,<\/li>\n<li>nadopieku\u0144czo\u015bci,<\/li>\n<li>ok\u0142amywania.<\/li>\n<\/ul>\n<p>Stosowane przez rodzic\u00f3w wyzwiska, wulgarne s\u0142owa, podwa\u017canie zdolno\u015bci i umiej\u0119tno\u015bci, niesprawiedliwe traktowanie, ok\u0142amywanie czy niedotrzymywanie obietnic, a tak\u017ce zbyt wysokie wymagania, nie tylko rani\u0105 psychicznie dziecko, ale odbieraj\u0105 mu godno\u015b\u0107 i pozostawiaj\u0105 \u015blad w psychice na ca\u0142e \u017cycie, utrwalaj\u0105c sk\u0142onno\u015b\u0107 do odrzucania siebie. Przemoc psychiczna stosowana wobec dzieci mo\u017ce przes\u0105dzi\u0107 o ich podatno\u015bci do powa\u017cnych zaburze\u0144 psychicznych (nerwic, depresji, my\u015bli samob\u00f3jczych) lub kontynuowania w doros\u0142ym \u017cyciu wyuczonych w dzieci\u0144stwie zachowa\u0144 nacechowanych agresj\u0105.<\/p>\n<p><img loading=\"lazy\" decoding=\"async\" class=\"aligncenter size-full wp-image-18556\" src=\"http:\/\/info.sadowne.pl\/wp-content\/uploads\/2018\/05\/2018.05.24.2.jpg\" alt=\"\" width=\"250\" height=\"67\" \/><\/p>\n<p><strong>Jak unika\u0107 przemocy psychicznej w kontaktach z dzieckiem? (na podstawie wywiadu z Magd\u0105 Skwierowsk\u0105 z Fundacji Dzieci Niczyje)<\/strong><\/p>\n<p>&#8211;\u00a0\u00a0\u00a0\u00a0\u00a0\u00a0\u00a0\u00a0\u00a0\u00a0 Pomy\u015bl jak by\u015b si\u0119 poczu\u0142, gdyby\u015b b\u0119d\u0105c dzieckiem us\u0142ysza\u0142 \/ jak si\u0119 czu\u0142e\u015b, gdy b\u0119d\u0105c dzieckiem s\u0142ysza\u0142e\u015b to, co teraz sam chcesz powiedzie\u0107 swojemu dziecku.<\/p>\n<p>&#8211;\u00a0\u00a0\u00a0\u00a0\u00a0\u00a0\u00a0\u00a0\u00a0\u00a0 Nie zastraszaj, nie wymy\u015blaj nieprawdziwych zagro\u017ce\u0144 (czarna wo\u0142ga to legenda miejska, niegrzecznych dzieci nie porywa kominiarz, a rozbita szyba czy pomazana \u015bciana nie spowoduje, \u017ce osiwiejesz, zwariujesz i raczej nie wp\u0119dzi ci\u0119 do grobu).<\/p>\n<p>&#8211;\u00a0\u00a0\u00a0\u00a0\u00a0\u00a0\u00a0\u00a0\u00a0\u00a0 Je\u015bli nie mo\u017cesz powstrzyma\u0107 si\u0119 przed wyrzuceniem z siebie \u017calu czy gniewu, to unikaj przynajmniej takich sformu\u0142owa\u0144, jak \u201eZAWSZE robisz co\u015b \u017ale\u201d, \u201eNIGDY nie mo\u017cna na ciebie liczy\u0107\u201d, \u201eZNOWU co\u015b popsu\u0142e\u015b\u201d.<\/p>\n<p>&#8211;\u00a0\u00a0\u00a0\u00a0\u00a0\u00a0\u00a0\u00a0\u00a0\u00a0 M\u00f3w wprost o swoich emocjach i uczuciach<\/p>\n<p>&#8211;\u00a0\u00a0\u00a0\u00a0\u00a0\u00a0\u00a0\u00a0\u00a0\u00a0 Piel\u0119gnuj wi\u0119\u017a z dzieckiem, przytulaj, sp\u0119dzaj wsp\u00f3lnie czas<\/p>\n<p>&#8211;\u00a0\u00a0\u00a0\u00a0\u00a0\u00a0\u00a0\u00a0\u00a0\u00a0 Pami\u0119taj, \u017ce ka\u017cdy ma prawo do pope\u0142niania b\u0142\u0119d\u00f3w. Dzieci pope\u0142niaj\u0105 b\u0142\u0119dy cz\u0119sto, bo na tym polega proces zdobywania wiedzy o \u017cyciu i \u015bwiecie, a ich do\u015bwiadczenie \u017cyciowe nie jest jeszcze na tyle bogate lub tak silnie utrwalone, \u017ceby ich skutecznie unika\u0142y.<\/p>\n<p>&#8211;\u00a0\u00a0\u00a0\u00a0\u00a0\u00a0\u00a0\u00a0\u00a0\u00a0 Nie izoluj dzieci. Nie odmawiaj im prawa do zabaw w grupie dzieci i do przebywania w r\u00f3\u017cnych miejscach poza domem. Nie stwarzaj im \u201ebezpiecznego\u201d \u015brodowiska w czterech \u015bcianach mieszkania kosztem odci\u0119cia od przyjaci\u00f3\u0142.<\/p>\n<p>&#8211;\u00a0\u00a0\u00a0\u00a0\u00a0\u00a0\u00a0\u00a0\u00a0\u00a0 Ucz si\u0119 bycia dobrym rodzicem. Czytaj m\u0105dre ksi\u0105\u017cki o rodzicielstwie, korzystaj z warsztat\u00f3w rozwijaj\u0105cych umiej\u0119tno\u015bci interpersonalne oraz wychowawcze lub z warsztat\u00f3w radzenia sobie ze z\u0142o\u015bci\u0105.<\/p>\n<p style=\"text-align: center;\"><strong>Projekt &#8222;Bezpieczny Dom&#8221;\u00a0<\/strong><\/p>\n<p style=\"text-align: center;\"><strong>ZADANIE DOFINANSOWANE ZE \u015aRODK\u00d3W BUD\u017bETU WOJEW\u00d3DZTWA\u00a0\u00a0MAZOWIECKIEGO<\/strong><\/p>\n<p><strong>Monika Doktorska \u2013 Centrum Wspierania Rozwoju w W\u0119growie<\/strong><\/p>\n<p><img loading=\"lazy\" decoding=\"async\" class=\"aligncenter size-full wp-image-19035\" src=\"http:\/\/info.sadowne.pl\/wp-content\/uploads\/2018\/08\/cwr.jpg\" alt=\"\" width=\"594\" height=\"208\" srcset=\"https:\/\/info.sadowne.pl\/wp-content\/uploads\/2018\/08\/cwr.jpg 594w, https:\/\/info.sadowne.pl\/wp-content\/uploads\/2018\/08\/cwr-300x105.jpg 300w\" sizes=\"auto, (max-width: 594px) 100vw, 594px\" \/><\/p>\n","protected":false},"excerpt":{"rendered":"<p>nawet go nie dotykaj\u0105c.<\/p>\n","protected":false},"author":1,"featured_media":0,"comment_status":"closed","ping_status":"closed","sticky":false,"template":"","format":"standard","meta":{"footnotes":""},"categories":[5,1406,835],"tags":[2925,2877,2874,2883],"class_list":["post-19583","post","type-post","status-publish","format-standard","hentry","category-newsy","category-czy-wiesz","category-trudne-tematy","tag-fundacja-strefa-pociech","tag-monika-doktorska","tag-nppp-centrum-wspierania-rozwoju-w-wegrowie","tag-projekt-bezpieczny-dom"],"views":2671,"_links":{"self":[{"href":"https:\/\/info.sadowne.pl\/index.php?rest_route=\/wp\/v2\/posts\/19583","targetHints":{"allow":["GET"]}}],"collection":[{"href":"https:\/\/info.sadowne.pl\/index.php?rest_route=\/wp\/v2\/posts"}],"about":[{"href":"https:\/\/info.sadowne.pl\/index.php?rest_route=\/wp\/v2\/types\/post"}],"author":[{"embeddable":true,"href":"https:\/\/info.sadowne.pl\/index.php?rest_route=\/wp\/v2\/users\/1"}],"replies":[{"embeddable":true,"href":"https:\/\/info.sadowne.pl\/index.php?rest_route=%2Fwp%2Fv2%2Fcomments&post=19583"}],"version-history":[{"count":1,"href":"https:\/\/info.sadowne.pl\/index.php?rest_route=\/wp\/v2\/posts\/19583\/revisions"}],"predecessor-version":[{"id":19584,"href":"https:\/\/info.sadowne.pl\/index.php?rest_route=\/wp\/v2\/posts\/19583\/revisions\/19584"}],"wp:attachment":[{"href":"https:\/\/info.sadowne.pl\/index.php?rest_route=%2Fwp%2Fv2%2Fmedia&parent=19583"}],"wp:term":[{"taxonomy":"category","embeddable":true,"href":"https:\/\/info.sadowne.pl\/index.php?rest_route=%2Fwp%2Fv2%2Fcategories&post=19583"},{"taxonomy":"post_tag","embeddable":true,"href":"https:\/\/info.sadowne.pl\/index.php?rest_route=%2Fwp%2Fv2%2Ftags&post=19583"}],"curies":[{"name":"wp","href":"https:\/\/api.w.org\/{rel}","templated":true}]}}