{"id":19617,"date":"2018-11-30T19:26:05","date_gmt":"2018-11-30T18:26:05","guid":{"rendered":"http:\/\/info.sadowne.pl\/?p=19617"},"modified":"2018-11-30T19:26:05","modified_gmt":"2018-11-30T18:26:05","slug":"5-minut-o-10","status":"publish","type":"post","link":"https:\/\/info.sadowne.pl\/?p=19617","title":{"rendered":"5 minut o\u2026"},"content":{"rendered":"<p><strong><img loading=\"lazy\" decoding=\"async\" class=\"alignleft size-thumbnail wp-image-16974\" src=\"http:\/\/info.sadowne.pl\/wp-content\/uploads\/2017\/10\/wojt2-180x130.jpg\" alt=\"\" width=\"180\" height=\"130\" \/>\u2026kosztach odbioru odpad\u00f3w komunalnych od mieszka\u0144c\u00f3w gminy.<\/strong><!--more--><\/p>\n<p><em>Drodzy Mieszka\u0144cy Gminy Sadowne!<\/em><\/p>\n<p>W zwi\u0105zku ze zbli\u017caj\u0105cym si\u0119 terminem, kiedy wsp\u00f3lnie z Rad\u0105 b\u0119dziemy musieli ustali\u0107 nowe stawki za odbi\u00f3r odpad\u00f3w, chcia\u0142bym s\u0142owem wyja\u015bnienia przekaza\u0107 Pa\u0144stwu kilka zda\u0144 dotycz\u0105cych samego systemu.<\/p>\n<p>Od 1 lipca 2013 r. gminy s\u0105 odpowiedzialne za zorganizowanie systemu odbierania odpad\u00f3w komunalnych od mieszka\u0144c\u00f3w. Taki obowi\u0105zek nak\u0142ada na nas ustawa o utrzymaniu czysto\u015bci i porz\u0105dku w gminach (tj. Dz.U. z 2017 r. poz. 1289) i zgodnie z tymi zapisami musimy wy\u0142oni\u0107 firm\u0119, kt\u00f3rej zlecimy wyw\u00f3z \u015bmieci w gminie Sadowne.<\/p>\n<p>Od kilku lat, za odbi\u00f3r \u015bmieci w Sadownem, odpowiada\u0142 &#8211; wy\u0142oniony w trybie przetargu nieograniczonego (na podstawie art. 11 ust. 8 ustawy z dnia 29 stycznia 2004 r. Prawo zam\u00f3wie\u0144 publicznych) &#8211; Zak\u0142ad Gospodarki Komunalnej w Stoczku i r\u00f3wnie\u017c w tym roku w przetargu, kt\u00f3ry rozstrzygni\u0119to w dniu 14 listopada 2018 r., najkorzystniejsz\u0105 firm\u0105 okaza\u0142 si\u0119 ZGK w Stoczku z kwot\u0105 697\u00a0792,32. Nast\u0119pne oferty opiewa\u0142y na kwot\u0119 1\u00a0080\u00a0000 oraz 1\u00a0193\u00a0353,69.<\/p>\n<p>Z jednej strony cieszy fakt, \u017ce wygra\u0142a firma, kt\u00f3ra dotychczas obs\u0142ugiwa\u0142a nasz\u0105 Gmin\u0119, bo powoduje to mniej zamieszania przy odbiorze, ale te\u017c mocno martwi, \u017ce pieni\u0105dze za t\u0119 us\u0142ug\u0119 od momentu, kiedy ustalali\u015bmy stawki (obecnie 5 i 10 z\u0142otych) zwi\u0119kszy\u0142y si\u0119 ponad dwukrotnie.<\/p>\n<p>Ju\u017c w zesz\u0142ym roku kwota, kt\u00f3ra wygra\u0142a przetarg, ponad 365\u00a0000, by\u0142a wi\u0119ksza ni\u017c w 2016 roku, jednak pozostawili\u015bmy stawki na niezmienionym poziomie. Teraz jednak, gdy kwota jest ponad dwa razy wi\u0119ksza od pierwotnej, b\u0119dziemy musieli ponownie wszystko przeliczy\u0107 i z pewno\u015bci\u0105 b\u0119d\u0105 nowe, wi\u0119ksze stawki.<\/p>\n<p>Zgodnie z przepisami, system gospodarowania odpadami komunalnymi zorganizowany przez gmin\u0119 musi si\u0119 samofinansowa\u0107, co przek\u0142ada si\u0119 na obowi\u0105zek ustalania wysoko\u015bci ponoszonych przez mieszka\u0144c\u00f3w gminy op\u0142at na poziomie zabezpieczaj\u0105cym pokrycie koszt\u00f3w funkcjonowania systemu gospodarowania odpadami komunalnymi. W oparciu na wytycznych Regionalnej Izby Obrachunkowej, kt\u00f3ra nadzoruje finanse samorz\u0105d\u00f3w, gmina nie mo\u017ce dok\u0142ada\u0107 do systemu gospodarowania odpadami komunalnymi.<\/p>\n<p>Nie jest pocieszeniem informacja, \u017ce przetargi na \u015bmieci w s\u0105siednich gminach r\u00f3wnie\u017c wypad\u0142y bardzo drogo, bo to jedynie pokazuje, \u017ce koszty systemu odbioru odpad\u00f3w rosn\u0105 w ca\u0142ym kraju i to w bardzo szybkim tempie.<\/p>\n<p>Jako Urz\u0105d dok\u0142adamy wszelkich stara\u0144, aby wszyscy mieszka\u0144cy byli r\u00f3wni wobec prawa i za \u015bmieci p\u0142aci\u0142 ka\u017cdy zamieszkuj\u0105cy gmin\u0119, chocia\u017c, co jest nieuniknione, s\u0105 w tym obszarze zaleg\u0142o\u015bci. Do tych os\u00f3b, kt\u00f3re nie wywi\u0105zuj\u0105 si\u0119 ze swojego obowi\u0105zku, wysy\u0142amy ponaglenia, a je\u015bli jest taka konieczno\u015b\u0107, przekazujemy spraw\u0119 do komornika. Za odbi\u00f3r odpad\u00f3w musz\u0105 p\u0142aci\u0107 wszyscy i nie mo\u017cna w tym zakresie nikogo zwolni\u0107. P\u0142atno\u015b\u0107 uzale\u017cniona jest od z\u0142o\u017conej deklaracji w\u0142a\u015bciciela posesji od zamieszkiwanych os\u00f3b i na jej podstawie mamy mo\u017cliwo\u015b\u0107 \u017c\u0105da\u0107 zap\u0142aty. Je\u015bli kto\u015b nie z\u0142o\u017cy deklaracji, a mamy podejrzenie, \u017ce zamieszkuje teren naszej gminy, wzywamy do dope\u0142nienia tego obowi\u0105zku.<\/p>\n<p>Drodzy Pa\u0144stwo, pewnie \u017caden burmistrz czy w\u00f3jt nie lubi podnoszenia podatk\u00f3w i z pewno\u015bci\u0105 nie by\u0142o naszym zamiarem rozpoczyna\u0107 kadencj\u0119 Rady i W\u00f3jta od podwy\u017cek, ale w sytuacji \u015bmieci nie b\u0119dziemy mieli wyj\u015bcia. \u00a0Z analizy wynika, \u017ce zar\u00f3wno u nas, jak i w s\u0105siednich gminach, op\u0142ata za odbi\u00f3r odpad\u00f3w zwi\u0119kszy si\u0119 znacznie. A najgorsze, \u017ce jako w\u0142adze nie mo\u017cemy nic z tym zrobi\u0107, bo instytucje kontroluj\u0105ce samorz\u0105dy wyja\u015bniaj\u0105 nam, \u017ce system musi si\u0119 samofinansowa\u0107. Op\u0142ata za sk\u0142adki musi wystarczy\u0107 na obs\u0142ug\u0119 odbioru nieczysto\u015bci i to bez mo\u017cliwo\u015bci dop\u0142at ze strony gmin.<\/p>\n<p>Drodzy Mieszka\u0144cy, nowych stawek jeszcze nie znamy, ale do po\u0142owy grudnia b\u0119dziemy musieli je z Rad\u0105 ustali\u0107. Jeszcze przed tym faktem, chcia\u0142em Pa\u0144stwu pokaza\u0107, \u017ce w\u0142adze samorz\u0105dowe nie zawsze maj\u0105 mo\u017cliwo\u015b\u0107 samostanowienia tak, jakby chcia\u0142y. Pewne rzeczy, tak\u017ce te niepopularne i niewygodne, musimy robi\u0107 na podstawie wy\u017cszych przepis\u00f3w i dostosowa\u0107 si\u0119 do sytuacji niezale\u017cnej od W\u00f3jta czy Rady.<\/p>\n<p><strong>Z pozdrowieniami\u2026 <\/strong><\/p>\n<p><strong>W\u00f3jt Gminy Sadowne<\/strong><\/p>\n<p><strong><em>Waldemar Cyran<\/em><\/strong><\/p>\n","protected":false},"excerpt":{"rendered":"<p>\u2026kosztach odbioru odpad\u00f3w komunalnych od mieszka\u0144c\u00f3w gminy.<\/p>\n","protected":false},"author":1,"featured_media":0,"comment_status":"closed","ping_status":"closed","sticky":false,"template":"","format":"standard","meta":{"footnotes":""},"categories":[1204,5,41],"tags":[2967,1033,614],"class_list":["post-19617","post","type-post","status-publish","format-standard","hentry","category-5-minut-o","category-newsy","category-wiesci-gminne","tag-5-minut-o-kosztach-odbioru-odpadow-komunalnych-od-mieszkancow-gminy","tag-waldemar-cyran","tag-wojt-gminy-sadowne"],"views":3565,"_links":{"self":[{"href":"https:\/\/info.sadowne.pl\/index.php?rest_route=\/wp\/v2\/posts\/19617","targetHints":{"allow":["GET"]}}],"collection":[{"href":"https:\/\/info.sadowne.pl\/index.php?rest_route=\/wp\/v2\/posts"}],"about":[{"href":"https:\/\/info.sadowne.pl\/index.php?rest_route=\/wp\/v2\/types\/post"}],"author":[{"embeddable":true,"href":"https:\/\/info.sadowne.pl\/index.php?rest_route=\/wp\/v2\/users\/1"}],"replies":[{"embeddable":true,"href":"https:\/\/info.sadowne.pl\/index.php?rest_route=%2Fwp%2Fv2%2Fcomments&post=19617"}],"version-history":[{"count":1,"href":"https:\/\/info.sadowne.pl\/index.php?rest_route=\/wp\/v2\/posts\/19617\/revisions"}],"predecessor-version":[{"id":19618,"href":"https:\/\/info.sadowne.pl\/index.php?rest_route=\/wp\/v2\/posts\/19617\/revisions\/19618"}],"wp:attachment":[{"href":"https:\/\/info.sadowne.pl\/index.php?rest_route=%2Fwp%2Fv2%2Fmedia&parent=19617"}],"wp:term":[{"taxonomy":"category","embeddable":true,"href":"https:\/\/info.sadowne.pl\/index.php?rest_route=%2Fwp%2Fv2%2Fcategories&post=19617"},{"taxonomy":"post_tag","embeddable":true,"href":"https:\/\/info.sadowne.pl\/index.php?rest_route=%2Fwp%2Fv2%2Ftags&post=19617"}],"curies":[{"name":"wp","href":"https:\/\/api.w.org\/{rel}","templated":true}]}}