{"id":19619,"date":"2018-12-01T16:52:01","date_gmt":"2018-12-01T15:52:01","guid":{"rendered":"http:\/\/info.sadowne.pl\/?p=19619"},"modified":"2018-12-01T16:52:01","modified_gmt":"2018-12-01T15:52:01","slug":"swiateczna-paczka-2","status":"publish","type":"post","link":"https:\/\/info.sadowne.pl\/?p=19619","title":{"rendered":"\u015awi\u0105teczna Paczka\u2026"},"content":{"rendered":"<p><strong><img loading=\"lazy\" decoding=\"async\" class=\"alignleft size-thumbnail wp-image-19620\" src=\"http:\/\/info.sadowne.pl\/wp-content\/uploads\/2018\/12\/2018.12.01.1-180x130.jpg\" alt=\"\" width=\"180\" height=\"130\" \/>Szkolne Ko\u0142o Caritas dzia\u0142aj\u0105ce przy Zespole Szk\u00f3\u0142 Ponadgimnazjalnych w Sadownem wsp\u00f3lnie z Parafi\u0105 w Sadownem organizuje akcj\u0119 \u201e\u015awi\u0105teczna Paczka\u201d.<\/strong><!--more--><\/p>\n<p><img loading=\"lazy\" decoding=\"async\" class=\"aligncenter size-full wp-image-19620\" src=\"http:\/\/info.sadowne.pl\/wp-content\/uploads\/2018\/12\/2018.12.01.1.jpg\" alt=\"\" width=\"602\" height=\"849\" srcset=\"https:\/\/info.sadowne.pl\/wp-content\/uploads\/2018\/12\/2018.12.01.1.jpg 602w, https:\/\/info.sadowne.pl\/wp-content\/uploads\/2018\/12\/2018.12.01.1-213x300.jpg 213w\" sizes=\"auto, (max-width: 602px) 100vw, 602px\" \/><\/p>\n","protected":false},"excerpt":{"rendered":"<p>Szkolne Ko\u0142o Caritas dzia\u0142aj\u0105ce przy Zespole Szk\u00f3\u0142 Ponadgimnazjalnych w Sadownem wsp\u00f3lnie z Parafi\u0105 w Sadownem organizuje akcj\u0119 \u201e\u015awi\u0105teczna Paczka\u201d.<\/p>\n","protected":false},"author":1,"featured_media":0,"comment_status":"closed","ping_status":"closed","sticky":false,"template":"","format":"standard","meta":{"footnotes":""},"categories":[5,1752,1370,85],"tags":[1720,2968,182],"class_list":["post-19619","post","type-post","status-publish","format-standard","hentry","category-newsy","category-edukacja","category-wolontariat","category-zsp","tag-akcja-swiateczna-paczka","tag-szkolne-kolo-caritas-w-sadownem","tag-zespol-szkol-ponadgimnazjalnych-w-sadownem"],"views":3247,"_links":{"self":[{"href":"https:\/\/info.sadowne.pl\/index.php?rest_route=\/wp\/v2\/posts\/19619","targetHints":{"allow":["GET"]}}],"collection":[{"href":"https:\/\/info.sadowne.pl\/index.php?rest_route=\/wp\/v2\/posts"}],"about":[{"href":"https:\/\/info.sadowne.pl\/index.php?rest_route=\/wp\/v2\/types\/post"}],"author":[{"embeddable":true,"href":"https:\/\/info.sadowne.pl\/index.php?rest_route=\/wp\/v2\/users\/1"}],"replies":[{"embeddable":true,"href":"https:\/\/info.sadowne.pl\/index.php?rest_route=%2Fwp%2Fv2%2Fcomments&post=19619"}],"version-history":[{"count":1,"href":"https:\/\/info.sadowne.pl\/index.php?rest_route=\/wp\/v2\/posts\/19619\/revisions"}],"predecessor-version":[{"id":19621,"href":"https:\/\/info.sadowne.pl\/index.php?rest_route=\/wp\/v2\/posts\/19619\/revisions\/19621"}],"wp:attachment":[{"href":"https:\/\/info.sadowne.pl\/index.php?rest_route=%2Fwp%2Fv2%2Fmedia&parent=19619"}],"wp:term":[{"taxonomy":"category","embeddable":true,"href":"https:\/\/info.sadowne.pl\/index.php?rest_route=%2Fwp%2Fv2%2Fcategories&post=19619"},{"taxonomy":"post_tag","embeddable":true,"href":"https:\/\/info.sadowne.pl\/index.php?rest_route=%2Fwp%2Fv2%2Ftags&post=19619"}],"curies":[{"name":"wp","href":"https:\/\/api.w.org\/{rel}","templated":true}]}}