{"id":19633,"date":"2018-12-05T19:44:30","date_gmt":"2018-12-05T18:44:30","guid":{"rendered":"http:\/\/info.sadowne.pl\/?p=19633"},"modified":"2018-12-05T19:44:30","modified_gmt":"2018-12-05T18:44:30","slug":"fikcja-czy-rzeczywistosc","status":"publish","type":"post","link":"https:\/\/info.sadowne.pl\/?p=19633","title":{"rendered":"Fikcja czy rzeczywisto\u015b\u0107!"},"content":{"rendered":"<p><strong><img loading=\"lazy\" decoding=\"async\" class=\"alignleft size-thumbnail wp-image-19634\" src=\"http:\/\/info.sadowne.pl\/wp-content\/uploads\/2018\/12\/2018.12.05.2-180x130.jpg\" alt=\"\" width=\"180\" height=\"130\" \/>Akcja sensacyjnej powie\u015bci \u201eDziedzictwo\u201d jest osadzona w istniej\u0105cych miejscowo\u015bciach i ich historii. Jej autor twierdzi, i\u017c jest fikcj\u0105, ale czy na pewno? <\/strong><!--more--><\/p>\n<p>Autor powie\u015bci \u201eDziedzictwo\u201d, Grzegorz Go\u0142\u0119biowski jest doktorem habilitowanym, ekonomist\u0105, nauczycielem akademickim, urz\u0119dnikiem pa\u0144stwowym i pisarzem w jednej osobie (wi\u0119cej o autorze na stronie\u00a0<span style=\"color: #0000ff;\"><strong><a style=\"color: #0000ff;\" href=\"https:\/\/pl.wikipedia.org\/wiki\/Grzegorz_Go%C5%82%C4%99biowski\" target=\"_blank\" rel=\"noopener noreferrer\">https:\/\/pl.wikipedia.org\/wiki\/Grzegorz_Go%C5%82%C4%99biowski<\/a><\/strong><\/span>).<\/p>\n<p><strong>Na rynku wydawniczym w bie\u017c\u0105cym roku ukaza\u0142a si\u0119 pierwsza cz\u0119\u015b\u0107 jego powie\u015bci pod tajemniczym tytu\u0142em \u2013 \u201eCie\u0144 przesz\u0142o\u015bci\u201d.<\/strong>\u00a0Jej g\u0142\u00f3wnym bohaterem jest Adam Floria\u0144ski, m\u0142ody, zapalony genealog. Pewnego dnia odwiedza on Archiwum G\u0142\u00f3wne Akt Dawnych i przypadkiem spotyka staruszka przegl\u0105daj\u0105cego materia\u0142y z tej samej parafii, co on. Nie podejrzewa w\u00f3wczas, jak bardzo zawa\u017cy na jego \u017cyciu ten splot okoliczno\u015bci i dalsze wydarzenia \u2013 pozostawiona przez staruszka walizka ze starymi mapami wojennymi i\u2026 zaszyfrowany pendrive, na kt\u00f3re poluj\u0105 niebezpieczni ludzie. Dalej \u2013 niecodzienne zdarzenia i tajemnica Dolnego \u015al\u0105ska, a konkretnie ukrytych skarb\u00f3w przez opuszczaj\u0105cych tereny Polski pod koniec II wojny \u015bwiatowej nazist\u00f3w. \u00a0Fikcja??? Tak, ale poparta materia\u0142ami archiwalnymi, na kt\u00f3rych do dzisiaj bazuj\u0105 poszukiwacze skarb\u00f3w Dolnego \u015al\u0105ska.<\/p>\n<p><strong>W kontynuacji tej powie\u015bci o tytule \u201eDziedzictwo\u201d, kt\u00f3ra toczy si\u0119 w Sadownem oraz okolicznych miejscowo\u015bciach, a tak\u017ce w Ostrowi Mazowieckiej i Warszawie, ten sam bohater, Adam Floria\u0144ski przegl\u0105da ksi\u0119gi metrykalne w parafii Sadowne.<\/strong> Zosta\u0142 on poproszony o ustalenie powi\u0105za\u0144 rodzinnych i drzewa genealogicznego Anastazji Kalbarczyk zmar\u0142ej w USA. I w\u00f3wczas\u2026 nast\u0119puj\u0105 po sobie nowe, sensacyjne wydarzenia &#8211; rzekome samob\u00f3jstwo, zdarzenia zwi\u0105zane ze skrywan\u0105 tajemnic\u0105 pewnego szanowanego polityka i burzliwe dzieje Sadownego.<\/p>\n<p><strong>O tym i swojej przygodzie z pisarstwem, a tak\u017ce o osobistym zwi\u0105zku z okolicami Sadownego opowiedzia\u0142 5 grudnia autor przedstawionych krymina\u0142\u00f3w.<\/strong> Spotkanie autorskie w Gminnym O\u015brodku Kultury w Sadownem przyci\u0105gn\u0119\u0142o wielu mieszka\u0144c\u00f3w naszej gminy, kt\u00f3rych zaciekawi\u0142y losy g\u0142\u00f3wnego bohatera powie\u015bci, cho\u0107 p. Go\u0142\u0119biowski nadal upiera si\u0119, i\u017c jest to posta\u0107 fikcyjna. Da\u0142o si\u0119 jednak s\u0142ysze\u0107 te\u017c g\u0142osy, kt\u00f3re udowadniaj\u0105 wr\u0119cz odwrotn\u0105 tez\u0119, a nawet wskazuj\u0105 konkretne, znane wszystkim i \u201etubylcom\u201d osoby. Ka\u017cdy musi jednak sam oceni\u0107 fakty i dopasowa\u0107 je do swojego toku rozumowania\u2026 i ewentualnie typowanych os\u00f3b.<\/p>\n<p><strong>Aby sprosta\u0107 tym wymaganiom, konieczne jest osobiste zapoznanie si\u0119 z powie\u015bci\u0105 p. Grzegorza Go\u0142\u0119biowskiego \u2013 \u201eDziedzictwo\u201d.<\/strong> Obecni na spotkaniu autorskim mogli j\u0105 naby\u0107 w okazyjnej cenie, a tak\u017ce uzyska\u0107 autograf i dedykacj\u0119 autora. Powie\u015b\u0107 jest ju\u017c tak\u017ce dost\u0119pna w zbiorach Gminnej Biblioteki Publicznej w Sadownem. Serdecznie zapraszamy!<\/p>\n<p><span style=\"color: #0000ff;\"><a style=\"color: #0000ff;\" href=\"https:\/\/photos.app.goo.gl\/qnycd4yjBzAECErQ7\" target=\"_blank\" rel=\"noopener noreferrer\"><strong>Zdj\u0119cia w galerii Google&gt;&gt;&gt;<\/strong><\/a><\/span><\/p>\n<p><strong>Tekst\/foto:<\/strong> S\u0142awek Chyli\u0144ski<\/p>\n","protected":false},"excerpt":{"rendered":"<p>Akcja sensacyjnej powie\u015bci \u201eDziedzictwo\u201d jest osadzona w istniej\u0105cych miejscowo\u015bciach i ich historii. Jej autor twierdzi, i\u017c jest fikcj\u0105, ale czy na pewno?<\/p>\n","protected":false},"author":1,"featured_media":0,"comment_status":"closed","ping_status":"closed","sticky":false,"template":"","format":"standard","meta":{"footnotes":""},"categories":[5,2149,91,6],"tags":[2895,113,169,2894,966],"class_list":["post-19633","post","type-post","status-publish","format-standard","hentry","category-newsy","category-gminna-biblioteka-publiczna","category-gminny-osrodek-kultury","category-kultura-rozrywka-edukacja","tag-dziedzictwo","tag-gminna-biblioteka-publiczna-w-sadownem","tag-gminny-osrodek-kultury-w-sadownem","tag-grzegorz-golebiowski","tag-spotkanie-autorskie"],"views":2924,"_links":{"self":[{"href":"https:\/\/info.sadowne.pl\/index.php?rest_route=\/wp\/v2\/posts\/19633","targetHints":{"allow":["GET"]}}],"collection":[{"href":"https:\/\/info.sadowne.pl\/index.php?rest_route=\/wp\/v2\/posts"}],"about":[{"href":"https:\/\/info.sadowne.pl\/index.php?rest_route=\/wp\/v2\/types\/post"}],"author":[{"embeddable":true,"href":"https:\/\/info.sadowne.pl\/index.php?rest_route=\/wp\/v2\/users\/1"}],"replies":[{"embeddable":true,"href":"https:\/\/info.sadowne.pl\/index.php?rest_route=%2Fwp%2Fv2%2Fcomments&post=19633"}],"version-history":[{"count":1,"href":"https:\/\/info.sadowne.pl\/index.php?rest_route=\/wp\/v2\/posts\/19633\/revisions"}],"predecessor-version":[{"id":19635,"href":"https:\/\/info.sadowne.pl\/index.php?rest_route=\/wp\/v2\/posts\/19633\/revisions\/19635"}],"wp:attachment":[{"href":"https:\/\/info.sadowne.pl\/index.php?rest_route=%2Fwp%2Fv2%2Fmedia&parent=19633"}],"wp:term":[{"taxonomy":"category","embeddable":true,"href":"https:\/\/info.sadowne.pl\/index.php?rest_route=%2Fwp%2Fv2%2Fcategories&post=19633"},{"taxonomy":"post_tag","embeddable":true,"href":"https:\/\/info.sadowne.pl\/index.php?rest_route=%2Fwp%2Fv2%2Ftags&post=19633"}],"curies":[{"name":"wp","href":"https:\/\/api.w.org\/{rel}","templated":true}]}}