{"id":19636,"date":"2018-12-06T14:51:20","date_gmt":"2018-12-06T13:51:20","guid":{"rendered":"http:\/\/info.sadowne.pl\/?p=19636"},"modified":"2018-12-06T14:51:20","modified_gmt":"2018-12-06T13:51:20","slug":"mikolaj-byl-w-przedszkolu","status":"publish","type":"post","link":"https:\/\/info.sadowne.pl\/?p=19636","title":{"rendered":"Miko\u0142aj by\u0142 w przedszkolu\u2026"},"content":{"rendered":"<p><strong><img loading=\"lazy\" decoding=\"async\" class=\"alignleft size-thumbnail wp-image-19637\" src=\"http:\/\/info.sadowne.pl\/wp-content\/uploads\/2018\/12\/2018.12.06.1-180x130.jpg\" alt=\"\" width=\"180\" height=\"130\" \/>6 grudnia Przedszkole w Sadownem odwiedzi\u0142 Miko\u0142aj. Dotar\u0142 tu pomimo braku \u015bniegu na drogach \u2013 chyba za spraw\u0105 \u201efruwaj\u0105cych\u201d renifer\u00f3w. <\/strong><!--more--><\/p>\n<p><strong>Miko\u0142aj przyby\u0142 do przedszkolak\u00f3w zaraz po po\u0142udniu, gdy na dworze by\u0142o jeszcze widno<\/strong>. Wszystkie przedszkolaki czeka\u0142y na niego ju\u017c od samego rana, a kiedy go zobaczy\u0142y przez okno, serca zabi\u0142y im ra\u017aniej, a niekt\u00f3rych ogarn\u0105\u0142 troch\u0119 strach \u2013 czy\u017cby w obawie, \u017ce mog\u0105 otrzyma\u0107 r\u00f3zg\u0119? Chyba nie, przecie\u017c przedszkolaki s\u0105 zawsze grzeczne!<br \/>\n<strong>Dzieci gor\u0105co powita\u0142y Miko\u0142aja i przedstawi\u0142y mu cz\u0119\u015b\u0107 artystyczn\u0105, kt\u00f3r\u0105 dla niego przygotowa\u0142y. <\/strong>By\u0142y piosenki, wierszyki i wsp\u00f3lny taniec, po kt\u00f3rym Miko\u0142aj zaprosi\u0142 wszystkie dzieci na najprzyjemniejszy moment &#8211; wr\u0119czanie prezent\u00f3w. Dzieci by\u0142y szcz\u0119\u015bliwe odbieraj\u0105c kolejno \u201ezas\u0142u\u017cone\u201d podarki od Miko\u0142aja i \u201e\u015anie\u017cynki\u201d, w kt\u00f3r\u0105 tym razem wcieli\u0142a si\u0119 p. Dyrektor Agata S\u0119dek. Miko\u0142aj nie zapomnia\u0142 tak\u017ce o \u201eciociach\u201d opiekuj\u0105cych si\u0119 dzielnymi przedszkolakami. Ale\u2026 obecni tam rodzice nie doczekali si\u0119 na prezenty \u2013 chyba byli niegrzeczni, a z drugiej strony mo\u017cna rzec, \u017ce dobrze, i\u017c omin\u0119\u0142a ich tym razem r\u00f3zga.<br \/>\n<strong>Zabawa trwa\u0142aby d\u0142u\u017cej, ale na Miko\u0142aja czekaj\u0105 dzi\u015b tak\u017ce inne dzieci<\/strong> \u2013 przedszkolaki po\u017cegna\u0142y \u015awi\u0119tego z nadziej\u0105, \u017ce w przysz\u0142ym roku te\u017c pojawi si\u0119 z prezentami dla grzecznych dzieci.<\/p>\n<p><span style=\"color: #0000ff;\"><a style=\"color: #0000ff;\" href=\"https:\/\/photos.app.goo.gl\/8wCHfw2x2Rhn8LNZ6\" target=\"_blank\" rel=\"noopener noreferrer\"><strong>Zdj\u0119cia w galerii Google&gt;&gt;&gt;<\/strong><\/a><\/span><\/p>\n<p><strong>Tekst\/foto:<\/strong> S\u0142awek Chyli\u0144ski<\/p>\n","protected":false},"excerpt":{"rendered":"<p>6 grudnia Przedszkole w Sadownem odwiedzi\u0142 Miko\u0142aj. Dotar\u0142 tu pomimo braku \u015bniegu na drogach \u2013 chyba za spraw\u0105 \u201efruwaj\u0105cych\u201d renifer\u00f3w.<\/p>\n","protected":false},"author":1,"featured_media":0,"comment_status":"closed","ping_status":"closed","sticky":false,"template":"","format":"standard","meta":{"footnotes":""},"categories":[5,1752,561],"tags":[2286,1667],"class_list":["post-19636","post","type-post","status-publish","format-standard","hentry","category-newsy","category-edukacja","category-przedszkole-w-sadownem","tag-przedszkole-w-sadownem","tag-swiety-mikolaj-w-przedszkolu"],"views":2953,"_links":{"self":[{"href":"https:\/\/info.sadowne.pl\/index.php?rest_route=\/wp\/v2\/posts\/19636","targetHints":{"allow":["GET"]}}],"collection":[{"href":"https:\/\/info.sadowne.pl\/index.php?rest_route=\/wp\/v2\/posts"}],"about":[{"href":"https:\/\/info.sadowne.pl\/index.php?rest_route=\/wp\/v2\/types\/post"}],"author":[{"embeddable":true,"href":"https:\/\/info.sadowne.pl\/index.php?rest_route=\/wp\/v2\/users\/1"}],"replies":[{"embeddable":true,"href":"https:\/\/info.sadowne.pl\/index.php?rest_route=%2Fwp%2Fv2%2Fcomments&post=19636"}],"version-history":[{"count":1,"href":"https:\/\/info.sadowne.pl\/index.php?rest_route=\/wp\/v2\/posts\/19636\/revisions"}],"predecessor-version":[{"id":19638,"href":"https:\/\/info.sadowne.pl\/index.php?rest_route=\/wp\/v2\/posts\/19636\/revisions\/19638"}],"wp:attachment":[{"href":"https:\/\/info.sadowne.pl\/index.php?rest_route=%2Fwp%2Fv2%2Fmedia&parent=19636"}],"wp:term":[{"taxonomy":"category","embeddable":true,"href":"https:\/\/info.sadowne.pl\/index.php?rest_route=%2Fwp%2Fv2%2Fcategories&post=19636"},{"taxonomy":"post_tag","embeddable":true,"href":"https:\/\/info.sadowne.pl\/index.php?rest_route=%2Fwp%2Fv2%2Ftags&post=19636"}],"curies":[{"name":"wp","href":"https:\/\/api.w.org\/{rel}","templated":true}]}}