{"id":19639,"date":"2018-12-06T19:11:34","date_gmt":"2018-12-06T18:11:34","guid":{"rendered":"http:\/\/info.sadowne.pl\/?p=19639"},"modified":"2018-12-06T19:25:58","modified_gmt":"2018-12-06T18:25:58","slug":"rozpoczal-sie-swiateczny-czas","status":"publish","type":"post","link":"https:\/\/info.sadowne.pl\/?p=19639","title":{"rendered":"Rozpocz\u0105\u0142 si\u0119 \u015bwi\u0105teczny czas\u2026"},"content":{"rendered":"<p><strong><img loading=\"lazy\" decoding=\"async\" class=\"alignleft size-thumbnail wp-image-19640\" src=\"http:\/\/info.sadowne.pl\/wp-content\/uploads\/2018\/12\/2018.12.06.2-180x130.jpg\" alt=\"\" width=\"180\" height=\"130\" \/>Uroczystym w\u0142\u0105czeniem lampek na choince przy Urz\u0119dzie Gminy symbolicznie zainicjowano przygotowania do \u015awi\u0105t Bo\u017cego Narodzenia. <\/strong><!--more--><\/p>\n<p><strong>Organizatorami uroczysto\u015bci byli: W\u00f3jt Gminy Sadowne i Gminny O\u015brodek Kultury w Sadownem.<\/strong><\/p>\n<p>Tu\u017c po zmierzchu 6 grudnia na uroczystym spotkaniu, w zimowym ju\u017c nastroju, przy Urz\u0119dzie Gminy Sadowne powita\u0142a mieszka\u0144c\u00f3w p. Ewa Pi\u00f3rkowska \u2013 Dyrektor Gminnego O\u015brodka Kultury w Sadownem, zach\u0119caj\u0105c do wsp\u00f3lnego uzupe\u0142nienia wystroju choinki. Zaraz te\u017c lampki na choince bo\u017conarodzeniowej zapali\u0142 W\u00f3jt Gminy Sadowne p. Waldemar Cyran. Og\u0142oszono tu wszem i wobec symboliczne rozpocz\u0119cie okresu przygotowa\u0144 do nadchodz\u0105cych \u015awi\u0105t Bo\u017cego Narodzenia.<\/p>\n<p><strong>Ju\u017c w nastroju \u015bwi\u0105tecznym do zgromadzonych, \u201egrzecznych\u201d mieszka\u0144c\u00f3w Gminy Sadowne zd\u0105\u017cy\u0142 jeszcze zawita\u0107 \u015awi\u0119ty Miko\u0142aj. <\/strong>Zaskoczy\u0142 wszystkich niedowiark\u00f3w swoj\u0105 pomys\u0142owo\u015bci\u0105 i zwinno\u015bci\u0105, zeskakuj\u0105c do nich \u017cwawo z \u201egrzbietu\u201d wozu bojowego OSP Sadowne, na kt\u00f3rym przyby\u0142 \u2013 widocznie renifery ju\u017c si\u0119 zm\u0119czy\u0142y.<\/p>\n<p><strong>Wiersze i piosenki, a tak\u017ce rozmowa z Miko\u0142ajem, by\u0142y tylko dope\u0142nieniem \u015bwi\u0105tecznego spotkania, na kt\u00f3rym \u015awi\u0119ty razem ze swoimi elfami serwowa\u0142 wszystkim s\u0142odkie prezenty<\/strong>. Jego hojno\u015b\u0107 oraz wcze\u015bniej wspomniana i niespotykana sprawno\u015b\u0107 sportowca utwierdzi\u0142y tylko wszystkich w przekonaniu, \u017ce Miko\u0142aj naprawd\u0119 istnieje, a niedowiark\u00f3w nawr\u00f3ci\u0142y.<\/p>\n<p><strong>I jeszcze jedno<\/strong> \u2013 roz\u015bwietlona obok Urz\u0119du Gminy choinka \u015bwietnie prezentuje si\u0119 na tle o\u015bwietlonego ko\u015bcio\u0142a parafialnego oraz \u015bwiate\u0142 wystroju \u015bwi\u0105tecznego g\u0142\u00f3wnej ulicy Sadownego. Zapraszamy wszystkich do wieczorowych, przed\u015bwi\u0105tecznych spacer\u00f3w ulicami Sadownego.<\/p>\n<p><span style=\"color: #0000ff;\"><a style=\"color: #0000ff;\" href=\"https:\/\/photos.app.goo.gl\/7jCX6azgDDd1rNGz9\" target=\"_blank\" rel=\"noopener noreferrer\"><strong>Zdj\u0119cia w galerii Google&gt;&gt;&gt;<\/strong><\/a><\/span><\/p>\n<p><strong>Tekst\/foto:<\/strong> S\u0142awek Chyli\u0144ski<\/p>\n","protected":false},"excerpt":{"rendered":"<p>Uroczystym w\u0142\u0105czeniem lampek na choince przy Urz\u0119dzie Gminy symbolicznie zainicjowano przygotowania do \u015awi\u0105t Bo\u017cego Narodzenia.<\/p>\n","protected":false},"author":1,"featured_media":0,"comment_status":"closed","ping_status":"closed","sticky":false,"template":"","format":"standard","meta":{"footnotes":""},"categories":[5,91,6],"tags":[169,2966],"class_list":["post-19639","post","type-post","status-publish","format-standard","hentry","category-newsy","category-gminny-osrodek-kultury","category-kultura-rozrywka-edukacja","tag-gminny-osrodek-kultury-w-sadownem","tag-spotkanie-z-mikolajem"],"views":2518,"_links":{"self":[{"href":"https:\/\/info.sadowne.pl\/index.php?rest_route=\/wp\/v2\/posts\/19639","targetHints":{"allow":["GET"]}}],"collection":[{"href":"https:\/\/info.sadowne.pl\/index.php?rest_route=\/wp\/v2\/posts"}],"about":[{"href":"https:\/\/info.sadowne.pl\/index.php?rest_route=\/wp\/v2\/types\/post"}],"author":[{"embeddable":true,"href":"https:\/\/info.sadowne.pl\/index.php?rest_route=\/wp\/v2\/users\/1"}],"replies":[{"embeddable":true,"href":"https:\/\/info.sadowne.pl\/index.php?rest_route=%2Fwp%2Fv2%2Fcomments&post=19639"}],"version-history":[{"count":1,"href":"https:\/\/info.sadowne.pl\/index.php?rest_route=\/wp\/v2\/posts\/19639\/revisions"}],"predecessor-version":[{"id":19641,"href":"https:\/\/info.sadowne.pl\/index.php?rest_route=\/wp\/v2\/posts\/19639\/revisions\/19641"}],"wp:attachment":[{"href":"https:\/\/info.sadowne.pl\/index.php?rest_route=%2Fwp%2Fv2%2Fmedia&parent=19639"}],"wp:term":[{"taxonomy":"category","embeddable":true,"href":"https:\/\/info.sadowne.pl\/index.php?rest_route=%2Fwp%2Fv2%2Fcategories&post=19639"},{"taxonomy":"post_tag","embeddable":true,"href":"https:\/\/info.sadowne.pl\/index.php?rest_route=%2Fwp%2Fv2%2Ftags&post=19639"}],"curies":[{"name":"wp","href":"https:\/\/api.w.org\/{rel}","templated":true}]}}