{"id":19673,"date":"2018-12-11T11:51:28","date_gmt":"2018-12-11T10:51:28","guid":{"rendered":"http:\/\/info.sadowne.pl\/?p=19673"},"modified":"2018-12-11T11:51:28","modified_gmt":"2018-12-11T10:51:28","slug":"przedszkole-zaprasza-do-siebie","status":"publish","type":"post","link":"https:\/\/info.sadowne.pl\/?p=19673","title":{"rendered":"Przedszkole zaprasza do siebie\u2026"},"content":{"rendered":"<p><strong><img loading=\"lazy\" decoding=\"async\" class=\"alignleft size-thumbnail wp-image-19674\" src=\"http:\/\/info.sadowne.pl\/wp-content\/uploads\/2018\/12\/2018.12.11.1-180x130.jpg\" alt=\"\" width=\"180\" height=\"130\" \/>\u2026po wyj\u0105tkowe stroiki \u015bwi\u0105teczne.<\/strong><!--more--><\/p>\n<p>10 grudnia w sadowie\u0144skim Przedszkolu odby\u0142y si\u0119 warsztaty bo\u017conarodzeniowe, podczas kt\u00f3rych przedszkolaki (a g\u0142\u00f3wnie ich rodzice) wykonywa\u0142y stroiki \u015bwi\u0105teczne. Wsp\u00f3lna praca by\u0142a \u015bwietn\u0105 zabaw\u0105, ale i tw\u00f3rcz\u0105 \u2013 powsta\u0142o w ten spos\u00f3b mn\u00f3stwo ozd\u00f3b \u015bwi\u0105tecznych, a Rada Rodzic\u00f3w postanowi\u0142a zaprezentowa\u0107 je i wystawi\u0107 do sprzeda\u017cy na Kiermaszu Bo\u017conarodzeniowym, kt\u00f3ry natychmiast zorganizowano w Przedszkolu.<\/p>\n<p>\u015awietny pomys\u0142, gdy\u017c w okresie przed\u015bwi\u0105tecznym odnotowuje si\u0119 wzrastaj\u0105cy popyt na tego rodzaju ozdoby, a \u2013 prosz\u0119 zwr\u00f3ci\u0107 uwag\u0119 \u2013 s\u0105 one wyj\u0105tkowe, niepowtarzalne, dost\u0119pne od zaraz i w przyzwoitej cenie. Warto te\u017c doda\u0107, \u017ce doch\u00f3d ze sprzeda\u017cy stroik\u00f3w zasili konto Rady Rodzic\u00f3w Przedszkola w Sadownem.<\/p>\n<p><span style=\"color: #ff0000;\"><strong>Polecamy i zapraszamy na zakupy w godzinach pracy sadowie\u0144skiego Przedszkola!!!<\/strong><\/span><\/p>\n<p><span style=\"color: #0000ff;\"><a style=\"color: #0000ff;\" href=\"https:\/\/photos.app.goo.gl\/mCKddCGKBrFb7sMo8\" target=\"_blank\" rel=\"noopener noreferrer\"><strong>Zdj\u0119cia w galerii Google&gt;&gt;&gt;<\/strong><\/a><\/span><\/p>\n<p><strong>Tekst:<\/strong> Agata S\u0119dek\/S\u0142awek Chyli\u0144ski<\/p>\n<p><strong>Foto:<\/strong> Agata S\u0119dek<\/p>\n","protected":false},"excerpt":{"rendered":"<p>\u2026po wyj\u0105tkowe stroiki \u015bwi\u0105teczne.<\/p>\n","protected":false},"author":1,"featured_media":0,"comment_status":"closed","ping_status":"closed","sticky":false,"template":"","format":"standard","meta":{"footnotes":""},"categories":[5,1752,561],"tags":[2974,2286],"class_list":["post-19673","post","type-post","status-publish","format-standard","hentry","category-newsy","category-edukacja","category-przedszkole-w-sadownem","tag-kiermasz-bozonarodzeniowy-w-przedszkolu","tag-przedszkole-w-sadownem"],"views":2782,"_links":{"self":[{"href":"https:\/\/info.sadowne.pl\/index.php?rest_route=\/wp\/v2\/posts\/19673","targetHints":{"allow":["GET"]}}],"collection":[{"href":"https:\/\/info.sadowne.pl\/index.php?rest_route=\/wp\/v2\/posts"}],"about":[{"href":"https:\/\/info.sadowne.pl\/index.php?rest_route=\/wp\/v2\/types\/post"}],"author":[{"embeddable":true,"href":"https:\/\/info.sadowne.pl\/index.php?rest_route=\/wp\/v2\/users\/1"}],"replies":[{"embeddable":true,"href":"https:\/\/info.sadowne.pl\/index.php?rest_route=%2Fwp%2Fv2%2Fcomments&post=19673"}],"version-history":[{"count":1,"href":"https:\/\/info.sadowne.pl\/index.php?rest_route=\/wp\/v2\/posts\/19673\/revisions"}],"predecessor-version":[{"id":19675,"href":"https:\/\/info.sadowne.pl\/index.php?rest_route=\/wp\/v2\/posts\/19673\/revisions\/19675"}],"wp:attachment":[{"href":"https:\/\/info.sadowne.pl\/index.php?rest_route=%2Fwp%2Fv2%2Fmedia&parent=19673"}],"wp:term":[{"taxonomy":"category","embeddable":true,"href":"https:\/\/info.sadowne.pl\/index.php?rest_route=%2Fwp%2Fv2%2Fcategories&post=19673"},{"taxonomy":"post_tag","embeddable":true,"href":"https:\/\/info.sadowne.pl\/index.php?rest_route=%2Fwp%2Fv2%2Ftags&post=19673"}],"curies":[{"name":"wp","href":"https:\/\/api.w.org\/{rel}","templated":true}]}}