{"id":19677,"date":"2018-12-12T11:16:22","date_gmt":"2018-12-12T10:16:22","guid":{"rendered":"http:\/\/info.sadowne.pl\/?p=19677"},"modified":"2018-12-12T11:16:22","modified_gmt":"2018-12-12T10:16:22","slug":"zapraszamy-do-liceum-technikum-oraz-szkoly-branzowej-w-sadownem","status":"publish","type":"post","link":"https:\/\/info.sadowne.pl\/?p=19677","title":{"rendered":"Zapraszamy do Liceum, Technikum oraz Szko\u0142y Bran\u017cowej w Sadownem"},"content":{"rendered":"<p><strong><a href=\"http:\/\/info.sadowne.pl\/wp-content\/uploads\/2018\/12\/2018.12.12.1.jpg\" target=\"_blank\" rel=\"noopener noreferrer\"><img loading=\"lazy\" decoding=\"async\" class=\"alignleft wp-image-19678 size-thumbnail\" src=\"http:\/\/info.sadowne.pl\/wp-content\/uploads\/2018\/12\/2018.12.12.1-180x130.jpg\" alt=\"\" width=\"180\" height=\"130\" \/><\/a>&#8211; wywiad z p. S\u0142awomirem Ryszaw\u0105<em>.<\/em><\/strong><!--more--><\/p>\n<p>&#8211; <em>Spotkali\u015bmy si\u0119 dzi\u015b, \u017ceby zapyta\u0107 o nowo\u015bci w o\u015bwiacie, kt\u00f3re zostan\u0105 wdro\u017cone do szk\u00f3\u0142 od wrze\u015bnia 2019 roku. Rozmawiamy z p. S\u0142awomirem Ryszaw\u0105, dyrektorem sadowie\u0144skich szk\u00f3\u0142: Liceum Og\u00f3lnokszta\u0142c\u0105cego, Technikum \u017bywienia i Us\u0142ug Gastronomicznych i Szko\u0142y Bran\u017cowej. Do tej pory w systemie szkolnym by\u0142o tak: 6-letnia szko\u0142a podstawowa, 3-letnie gimnazjum, 3-letnie liceum og\u00f3lnokszta\u0142c\u0105ce, 4-letnie technikum, 3-letnia zasadnicza szko\u0142a zawodowa oraz szko\u0142y policealne. Zgodnie z reform\u0105, od wrze\u015bnia system b\u0119dzie wygl\u0105da\u0142 tak: 8-letnia szko\u0142a podstawowa, 4-letnie liceum og\u00f3lnokszta\u0142c\u0105ce, 5-letnie technikum, 3-letnia bran\u017cowa szko\u0142a pierwszego stopnia, 2-letnia bran\u017cowa szko\u0142a drugiego stopnia, 3-letnia szko\u0142a specjalna przysposabiaj\u0105ca do pracy. Podczas czerwcowych nabor\u00f3w 2019 r. jednocze\u015bnie b\u0119d\u0105 si\u0119 starali dosta\u0107 do szk\u00f3\u0142 \u015brednich pierwsi \u00f3smoklasi\u015bci ze zreformowanych podstaw\u00f3wek i ostatni rocznik gimnazjalist\u00f3w. Co nowego czeka uczni\u00f3w od nowego roku szkolnego w Pana szko\u0142ach?<\/em><\/p>\n<p>-Post\u0119powania rekrutacyjne b\u0119d\u0105 prowadzone w tym samym czasie, ale ka\u017cda szko\u0142a utworzy odr\u0119bne klasy dla absolwent\u00f3w szko\u0142y podstawowej i dla absolwent\u00f3w gimnazjum. Dyrektor Zespo\u0142u Szk\u00f3\u0142 Ponadgimnazjalnych w Sadownem powo\u0142a komisje rekrutacyjne, kt\u00f3re przeprowadz\u0105 post\u0119powanie rekrutacyjne oddzielnie dla uczni\u00f3w gimnazjum i dla o\u015bmioklasist\u00f3w. Rekrutacje b\u0119d\u0105 mia\u0142y takie same ustawowe kryteria, ale inny spos\u00f3b przeliczania na punkty wynik\u00f3w egzaminu gimnazjalnego i egzaminu \u00f3smoklasisty<u>.<\/u> Punktowane b\u0119d\u0105 r\u00f3wnie\u017c oceny z j\u0119zyka polskiego, matematyki i dw\u00f3ch wybranych obowi\u0105zkowych przedmiot\u00f3w. Dodatkowe punkty Komisja przyzna za uko\u0144czenie szko\u0142y z wyr\u00f3\u017cnieniem.<\/p>\n<p>&#8211;<em>Czy absolwenci gimnazjum b\u0119d\u0105 si\u0119 uczyli razem z absolwentami szk\u00f3\u0142 podstawowych w tych samych klasach?<\/em><\/p>\n<p>&#8211; Nauka prowadzona b\u0119dzie dla ka\u017cdej szko\u0142y oddzielnie. Absolwenci gimnazjum b\u0119d\u0105 kszta\u0142cili si\u0119 tak jak obecnie: w trzyletnim liceum, czteroletnim technikum i trzyletniej szkole bran\u017cowej I stopnia. Natomiast absolwenci szko\u0142y podstawowej b\u0119d\u0105 kszta\u0142ci\u0107 si\u0119 zgodnie z now\u0105 podstaw\u0105 programow\u0105, w oddzielnych klasach. Ich nauka b\u0119dzie roz\u0142o\u017cona odpowiednio na cztery lata w liceum, pi\u0119\u0107 lat w technikum i trzy lata w szkole bran\u017cowej I stopnia.<\/p>\n<p><em>-Czym b\u0119dzie si\u0119 r\u00f3\u017cni\u0142 program nauczania w \u015brednich szko\u0142ach pogimnazjalnych i popodstawowych?<\/em><\/p>\n<p>&#8211; Program nauczania b\u0119dzie inny dla absolwent\u00f3w gimnazjum i absolwent\u00f3w szk\u00f3\u0142 podstawowych &#8211; gimnazjali\u015bci b\u0119d\u0105 mieli za sob\u0105 dziewi\u0119\u0107 lat nauki, a szk\u00f3\u0142 podstawowych osiem.\u00a0 W obu przypadkach dalsza nauka b\u0119dzie kontynuacj\u0105 zdobytej wcze\u015bniej wiedzy na r\u00f3\u017cnych poziomach. Nale\u017cy zauwa\u017cy\u0107, \u017ce wszyscy uczniowie ko\u0144cz\u0105cy \u015bredni\u0105 szko\u0142\u0119, b\u0119d\u0105 mieli za sob\u0105 po tyle samo lat nauki niezale\u017cnie od tego czy wcze\u015bniej uko\u0144czyli gimnazjum czy szko\u0142\u0119 podstawow\u0105.<\/p>\n<p><em>-Czyli w ZSP w Sadownem b\u0119dzie nab\u00f3r podw\u00f3jny? B\u0119d\u0105 funkcjonowa\u0107 r\u00f3wnoleg\u0142e klasy pierwsze?<\/em><\/p>\n<p>&#8211; Tak jak ju\u017c wcze\u015bniej wspomnia\u0142em nasza szko\u0142a b\u0119dzie prowadzi\u0142a podw\u00f3jny nab\u00f3r. R\u00f3wnolegle w oddzielnych klasach b\u0119dzie kszta\u0142ci\u0142a si\u0119 m\u0142odzie\u017c po uko\u0144czeniu gimnazjum i szk\u00f3\u0142 podstawowych. Nasza szko\u0142a jest przygotowana sprosta\u0107 wyzwaniom jakie stawia przed nami reforma edukacji. Jeste\u015bmy gotowi przyj\u0105\u0107 do naszych szk\u00f3\u0142 podw\u00f3jny rocznik.<\/p>\n<p>&#8211;\u00a0<em>Jeste\u015bcie Pa\u0144stwo szko\u0142\u0105 wiejsk\u0105. Wed\u0142ug psycholog\u00f3w istnieje pewien k\u0142opot. W dotychczasowym systemie dziecko by\u0142o blisko domu przez 9 lat, teraz b\u0119dzie 8. O rok wcze\u015bniej p\u00f3jdzie do szko\u0142y, kt\u00f3ra mo\u017ce by\u0107 dalej od domu. To dodatkowy k\u0142opot wychowawczy i zmartwienie dla rodzic\u00f3w. Czy ma Pan jak\u0105\u015b rad\u0119 dla nich?<\/em><\/p>\n<p>&#8211; Tak to prawda, w tym roku absolwentami szk\u00f3\u0142 podstawowych b\u0119d\u0105 uczniowie nawet w wieku 14 lat, czyli o dwa lata m\u0142odsi od m\u0142odzie\u017cy ko\u0144cz\u0105cej dotychczas gimnazjum. Wielu z nich niech\u0119tnie opu\u015bci rodzinny dom i zmieni dotychczasowe \u015brodowisko, inni bez l\u0119ku \u201cwyrusz\u0105 w daleki \u015bwiat\u201d. Jednak moim zdaniem wys\u0142anie tak m\u0142odej osoby, podatnej na wp\u0142ywy starszych koleg\u00f3w jest dosy\u0107 ryzykowne i niesie ze sob\u0105 wiele w\u0105tpliwo\u015bci. Bezpieczniej jest zostawi\u0107 dziecko w znanym, lokalnym \u015brodowisku. A taka mo\u017cliwo\u015b\u0107 w przypadku Sadownego istnieje. W Zespole Szk\u00f3\u0142 Ponadgimnazjalnych oferujemy kontynuacj\u0119 nauki w Liceum Og\u00f3lnokszta\u0142c\u0105cym, Technikum Gastronomicznym i Bran\u017cowej Szkole I Stopnia &#8211; w dowolnym zawodzie. Wsp\u00f3\u0142pracujemy z wieloma pracodawcami, kt\u00f3rzy ch\u0119tnie przyjm\u0105 do nauki zawodu nowych uczni\u00f3w. Nasza szko\u0142a jest niewielka, nauczyciele znaj\u0105 tu ka\u017cdego ucznia, potrafi\u0105 si\u0119 nim zaopiekowa\u0107 i jednocze\u015bnie nauczy\u0107. Nie mam w\u0105tpliwo\u015bci, \u017ce nowi uczniowie na pewno szybko si\u0119 u nas odnajd\u0105 i zaaklimatyzuj\u0105.<\/p>\n<p><em>-Czym szko\u0142y \u015brednie w Sadownem mog\u0105 zach\u0119ci\u0107 absolwent\u00f3w gimnazjum i o\u015bmioklasist\u00f3w?<\/em><\/p>\n<p>&#8211; Bardzo interesuj\u0105ca jest nasza oferta edukacyjna dla absolwent\u00f3w gimnazjum i szko\u0142y podstawowej. Od pierwszego wrze\u015bnia 2019 r. b\u0119dziemy kszta\u0142ci\u0107 nowych uczni\u00f3w w Liceum Og\u00f3lnokszta\u0142c\u0105cym, Technikum \u017bywienia i Us\u0142ug Gastronomicznych i Bran\u017cowej Szkole I Stopnia. W naszej szkole s\u0105 ma\u0142o liczne klasy, \u0142atwo jest nauczycielowi dotrze\u0107 do ka\u017cdego ucznia i z ka\u017cdym indywidualnie pracowa\u0107, nikt nie jest anonimowy. Dlatego dobrze czuj\u0105 si\u0119 u nas zar\u00f3wno uczniowie bardzo zdolni, jak i ci, kt\u00f3rym nauka przychodzi troch\u0119 trudniej. Ponadto w naszym Zespole Szk\u00f3\u0142 m\u0142odzie\u017c mo\u017ce rozwija\u0107 swoje zdolno\u015bci, uczestnicz\u0105c w zaj\u0119ciach k\u00f3\u0142 zainteresowa\u0144 takich jak: Grupa Taneczna Sadowne, ko\u0142o wolontariatu Caritas, ko\u0142o muzyczne, ko\u0142o gastronomiczne \u201eMagia kuchni\u201d, ko\u0142o turystyczne \u201eBike Club\u201d. Uczniowie naszej szko\u0142y maj\u0105 mo\u017cliwo\u015b\u0107 nauki w ramach projekt\u00f3w krajowych i mi\u0119dzynarodowych realizowanych przez szko\u0142\u0119, takich jak Erasmus+, Rodzina Polonijna, Jeste\u015bmy Razem. Je\u017celi chodzi o poziom nauczania, to ZSP w Sadownem nie odbiega od s\u0105siednich szk\u00f3\u0142 \u015brednich, podobnie jak oni, mamy w tym zakresie raz wi\u0119ksze, raz mniejsze sukcesy. Naszym du\u017cym atutem jest sprawa bezpiecznych dojazd\u00f3w do szko\u0142y. S\u0105 one optymalnym rozwi\u0105zaniem dla ka\u017cdego ucznia z terenu Gminy Sadowne. Obecnie funkcjonuj\u0105cy dow\u00f3z uczni\u00f3w do szk\u00f3\u0142 z terenu naszej gminy prawdopodobnie b\u0119dzie funkcjonowa\u0142 tak samo w przysz\u0142o\u015bci. Uczniowie b\u0119d\u0105 mieli zapewnion\u0105 mo\u017cliwo\u015b\u0107 dojazdu autobusami gminnymi do szko\u0142y \u015bredniej, tak samo jak teraz.<\/p>\n<p>Zesp\u00f3\u0142 Szk\u00f3\u0142 Ponadgimnazjalnych w Sadownem to ma\u0142a, bezpieczna plac\u00f3wka, maj\u0105ca sw\u00f3j klimat i do\u015bwiadczenie w kszta\u0142ceniu oraz wychowywaniu m\u0142odych ludzi. Uczymy od przesz\u0142o 70 lat i mamy wielu wspania\u0142ych absolwent\u00f3w, a w\u015br\u00f3d nich najwi\u0119cej mieszka\u0144c\u00f3w Sadownego. Du\u017ce szko\u0142y \u015brednie w miastach maj\u0105 cz\u0119sto k\u0142opoty lokalowe i przy podw\u00f3jnym naborze, prawdopodobnie b\u0119d\u0105 zmuszone prowadzi\u0107 zaj\u0119cia w systemie dwuzmianowym. Szko\u0142a w Sadownem takiego problemu nie ma. Jeste\u015bmy w stanie przyj\u0105\u0107 w nasze progi podw\u00f3jn\u0105 liczb\u0119 uczni\u00f3w.<\/p>\n<p>W imieniu ca\u0142ej spo\u0142eczno\u015bci Zespo\u0142u Szk\u00f3\u0142 Ponadgimnazjalnych w Sadownem zapraszam przysz\u0142orocznych absolwent\u00f3w szk\u00f3\u0142 podstawowych i gimnazjum do skorzystania z naszej oferty edukacyjnej i nauki w naszych szko\u0142ach. Do zobaczenia we wrze\u015bniu!<\/p>\n<p>&#8211;<em>Dzi\u0119kujemy za rozmow\u0119.<\/em><\/p>\n","protected":false},"excerpt":{"rendered":"<p>&#8211; wywiad z p. S\u0142awomirem Ryszaw\u0105.<\/p>\n","protected":false},"author":1,"featured_media":0,"comment_status":"closed","ping_status":"closed","sticky":false,"template":"","format":"standard","meta":{"footnotes":""},"categories":[5,1752,85],"tags":[255,2975,182],"class_list":["post-19677","post","type-post","status-publish","format-standard","hentry","category-newsy","category-edukacja","category-zsp","tag-slawomir-ryszawa","tag-wywiad-z-dyrektorem-zsp-sadowne","tag-zespol-szkol-ponadgimnazjalnych-w-sadownem"],"views":4644,"_links":{"self":[{"href":"https:\/\/info.sadowne.pl\/index.php?rest_route=\/wp\/v2\/posts\/19677","targetHints":{"allow":["GET"]}}],"collection":[{"href":"https:\/\/info.sadowne.pl\/index.php?rest_route=\/wp\/v2\/posts"}],"about":[{"href":"https:\/\/info.sadowne.pl\/index.php?rest_route=\/wp\/v2\/types\/post"}],"author":[{"embeddable":true,"href":"https:\/\/info.sadowne.pl\/index.php?rest_route=\/wp\/v2\/users\/1"}],"replies":[{"embeddable":true,"href":"https:\/\/info.sadowne.pl\/index.php?rest_route=%2Fwp%2Fv2%2Fcomments&post=19677"}],"version-history":[{"count":1,"href":"https:\/\/info.sadowne.pl\/index.php?rest_route=\/wp\/v2\/posts\/19677\/revisions"}],"predecessor-version":[{"id":19679,"href":"https:\/\/info.sadowne.pl\/index.php?rest_route=\/wp\/v2\/posts\/19677\/revisions\/19679"}],"wp:attachment":[{"href":"https:\/\/info.sadowne.pl\/index.php?rest_route=%2Fwp%2Fv2%2Fmedia&parent=19677"}],"wp:term":[{"taxonomy":"category","embeddable":true,"href":"https:\/\/info.sadowne.pl\/index.php?rest_route=%2Fwp%2Fv2%2Fcategories&post=19677"},{"taxonomy":"post_tag","embeddable":true,"href":"https:\/\/info.sadowne.pl\/index.php?rest_route=%2Fwp%2Fv2%2Ftags&post=19677"}],"curies":[{"name":"wp","href":"https:\/\/api.w.org\/{rel}","templated":true}]}}