{"id":19691,"date":"2018-12-17T17:18:25","date_gmt":"2018-12-17T16:18:25","guid":{"rendered":"http:\/\/info.sadowne.pl\/?p=19691"},"modified":"2018-12-17T17:18:25","modified_gmt":"2018-12-17T16:18:25","slug":"swiateczna-paczka-3","status":"publish","type":"post","link":"https:\/\/info.sadowne.pl\/?p=19691","title":{"rendered":"\u015awi\u0105teczna Paczka"},"content":{"rendered":"<p><strong><img loading=\"lazy\" decoding=\"async\" class=\"alignleft size-thumbnail wp-image-19695\" src=\"http:\/\/info.sadowne.pl\/wp-content\/uploads\/2018\/12\/2018.12.17.3-180x130.jpg\" alt=\"\" width=\"180\" height=\"130\" \/>14 grudnia na terenie naszej gminy wolontariuszki ze Szkolnego Ko\u0142a Caritas dzia\u0142aj\u0105cego przy ZSP w Sadownem wr\u0119cza\u0142y \u015awi\u0105teczn\u0105 Paczk\u0119. <\/strong><!--more--><\/p>\n<p><img loading=\"lazy\" decoding=\"async\" class=\"aligncenter size-full wp-image-19692\" src=\"http:\/\/info.sadowne.pl\/wp-content\/uploads\/2018\/12\/2018.12.17.6.jpg\" alt=\"\" width=\"599\" height=\"848\" srcset=\"https:\/\/info.sadowne.pl\/wp-content\/uploads\/2018\/12\/2018.12.17.6.jpg 599w, https:\/\/info.sadowne.pl\/wp-content\/uploads\/2018\/12\/2018.12.17.6-212x300.jpg 212w\" sizes=\"auto, (max-width: 599px) 100vw, 599px\" \/><\/p>\n\n\t\t<style type=\"text\/css\">\n\t\t\t#gallery-1 {\n\t\t\t\tmargin: auto;\n\t\t\t}\n\t\t\t#gallery-1 .gallery-item {\n\t\t\t\tfloat: left;\n\t\t\t\tmargin-top: 10px;\n\t\t\t\ttext-align: center;\n\t\t\t\twidth: 33%;\n\t\t\t}\n\t\t\t#gallery-1 img {\n\t\t\t\tborder: 2px solid #cfcfcf;\n\t\t\t}\n\t\t\t#gallery-1 .gallery-caption {\n\t\t\t\tmargin-left: 0;\n\t\t\t}\n\t\t\t\/* see gallery_shortcode() in wp-includes\/media.php *\/\n\t\t<\/style>\n\t\t<div id='gallery-1' class='gallery galleryid-19691 gallery-columns-3 gallery-size-thumbnail'><dl class='gallery-item'>\n\t\t\t<dt class='gallery-icon portrait'>\n\t\t\t\t<a href='https:\/\/info.sadowne.pl\/?attachment_id=19693'><img loading=\"lazy\" decoding=\"async\" width=\"180\" height=\"130\" src=\"https:\/\/info.sadowne.pl\/wp-content\/uploads\/2018\/12\/2018.12.17.1-180x130.jpg\" class=\"attachment-thumbnail size-thumbnail\" alt=\"\" \/><\/a>\n\t\t\t<\/dt><\/dl><dl class='gallery-item'>\n\t\t\t<dt class='gallery-icon landscape'>\n\t\t\t\t<a href='https:\/\/info.sadowne.pl\/?attachment_id=19694'><img loading=\"lazy\" decoding=\"async\" width=\"180\" height=\"130\" src=\"https:\/\/info.sadowne.pl\/wp-content\/uploads\/2018\/12\/2018.12.17.2-180x130.jpg\" class=\"attachment-thumbnail size-thumbnail\" alt=\"\" \/><\/a>\n\t\t\t<\/dt><\/dl><dl class='gallery-item'>\n\t\t\t<dt class='gallery-icon landscape'>\n\t\t\t\t<a href='https:\/\/info.sadowne.pl\/?attachment_id=19695'><img loading=\"lazy\" decoding=\"async\" width=\"180\" height=\"130\" src=\"https:\/\/info.sadowne.pl\/wp-content\/uploads\/2018\/12\/2018.12.17.3-180x130.jpg\" class=\"attachment-thumbnail size-thumbnail\" alt=\"\" \/><\/a>\n\t\t\t<\/dt><\/dl><br style=\"clear: both\" \/><dl class='gallery-item'>\n\t\t\t<dt class='gallery-icon landscape'>\n\t\t\t\t<a href='https:\/\/info.sadowne.pl\/?attachment_id=19696'><img loading=\"lazy\" decoding=\"async\" width=\"180\" height=\"130\" src=\"https:\/\/info.sadowne.pl\/wp-content\/uploads\/2018\/12\/2018.12.17.4-180x130.jpg\" class=\"attachment-thumbnail size-thumbnail\" alt=\"\" \/><\/a>\n\t\t\t<\/dt><\/dl><dl class='gallery-item'>\n\t\t\t<dt class='gallery-icon landscape'>\n\t\t\t\t<a href='https:\/\/info.sadowne.pl\/?attachment_id=19697'><img loading=\"lazy\" decoding=\"async\" width=\"180\" height=\"130\" src=\"https:\/\/info.sadowne.pl\/wp-content\/uploads\/2018\/12\/2018.12.17.5-180x130.jpg\" class=\"attachment-thumbnail size-thumbnail\" alt=\"\" \/><\/a>\n\t\t\t<\/dt><\/dl>\n\t\t\t<br style='clear: both' \/>\n\t\t<\/div>\n\n","protected":false},"excerpt":{"rendered":"<p>14 grudnia na terenie naszej gminy wolontariuszki ze Szkolnego Ko\u0142a Caritas dzia\u0142aj\u0105cego przy ZSP w Sadownem wr\u0119cza\u0142y \u015awi\u0105teczn\u0105 Paczk\u0119.<\/p>\n","protected":false},"author":1,"featured_media":0,"comment_status":"closed","ping_status":"closed","sticky":false,"template":"","format":"standard","meta":{"footnotes":""},"categories":[5,1752,1370,85],"tags":[1720,2968,182],"class_list":["post-19691","post","type-post","status-publish","format-standard","hentry","category-newsy","category-edukacja","category-wolontariat","category-zsp","tag-akcja-swiateczna-paczka","tag-szkolne-kolo-caritas-w-sadownem","tag-zespol-szkol-ponadgimnazjalnych-w-sadownem"],"views":3255,"_links":{"self":[{"href":"https:\/\/info.sadowne.pl\/index.php?rest_route=\/wp\/v2\/posts\/19691","targetHints":{"allow":["GET"]}}],"collection":[{"href":"https:\/\/info.sadowne.pl\/index.php?rest_route=\/wp\/v2\/posts"}],"about":[{"href":"https:\/\/info.sadowne.pl\/index.php?rest_route=\/wp\/v2\/types\/post"}],"author":[{"embeddable":true,"href":"https:\/\/info.sadowne.pl\/index.php?rest_route=\/wp\/v2\/users\/1"}],"replies":[{"embeddable":true,"href":"https:\/\/info.sadowne.pl\/index.php?rest_route=%2Fwp%2Fv2%2Fcomments&post=19691"}],"version-history":[{"count":1,"href":"https:\/\/info.sadowne.pl\/index.php?rest_route=\/wp\/v2\/posts\/19691\/revisions"}],"predecessor-version":[{"id":19698,"href":"https:\/\/info.sadowne.pl\/index.php?rest_route=\/wp\/v2\/posts\/19691\/revisions\/19698"}],"wp:attachment":[{"href":"https:\/\/info.sadowne.pl\/index.php?rest_route=%2Fwp%2Fv2%2Fmedia&parent=19691"}],"wp:term":[{"taxonomy":"category","embeddable":true,"href":"https:\/\/info.sadowne.pl\/index.php?rest_route=%2Fwp%2Fv2%2Fcategories&post=19691"},{"taxonomy":"post_tag","embeddable":true,"href":"https:\/\/info.sadowne.pl\/index.php?rest_route=%2Fwp%2Fv2%2Ftags&post=19691"}],"curies":[{"name":"wp","href":"https:\/\/api.w.org\/{rel}","templated":true}]}}