{"id":19725,"date":"2018-12-27T11:40:37","date_gmt":"2018-12-27T10:40:37","guid":{"rendered":"http:\/\/info.sadowne.pl\/?p=19725"},"modified":"2018-12-27T11:40:37","modified_gmt":"2018-12-27T10:40:37","slug":"iv-sesja-rady-gminy","status":"publish","type":"post","link":"https:\/\/info.sadowne.pl\/?p=19725","title":{"rendered":"IV Sesja Rady Gminy"},"content":{"rendered":"<p><strong><img loading=\"lazy\" decoding=\"async\" class=\"alignleft size-thumbnail wp-image-12013\" src=\"http:\/\/info.sadowne.pl\/wp-content\/uploads\/2016\/04\/gmina11-180x130.jpg\" alt=\"\" width=\"180\" height=\"130\" \/>Uprzejmie informujemy, \u017ce 28 grudnia 2018 r. (pi\u0105tek) o godzinie 12:00 w Sali Konferencyjnej Urz\u0119du Gminy Sadowne odb\u0119dzie si\u0119 IV Sesja Rady Gminy Sadowne.<\/strong><!--more--><\/p>\n<p><strong>P o r z \u0105 d e k\u00a0\u00a0 o b r a d:<\/strong><\/p>\n<ol>\n<li>Otwarcie obrad i stwierdzenie quorum.<\/li>\n<\/ol>\n<p>2. Przedstawienie porz\u0105dku obrad.<\/p>\n<p>3. Informacja z dzia\u0142alno\u015bci W\u00f3jta w okresie mi\u0119dzy Sesjami.<\/p>\n<p>4. Interpelacje i zapytania radnych.<\/p>\n<p>5. Podj\u0119cie uchwa\u0142:<\/p>\n<p>a. w sprawie przyj\u0119cia 3 \u2013 letniego Gminnego Programu wspierania Rodziny dla Gminy Sadowne na lata 2019 \u2013 2021,<\/p>\n<p>b. w sprawie uchwalenia Gminnego Programu Profilaktyki i Rozwi\u0105zywania Problem\u00f3w Alkoholowych oraz Przeciwdzia\u0142ania Narkomanii w Gminie Sadowne na 2019 rok,<\/p>\n<p>c. w sprawie okre\u015blenia zasad zwrotu wydatk\u00f3w w zakresie do\u017cywiania w formie posi\u0142ku albo \u015bwiadczenia rzeczowego w postaci produkt\u00f3w \u017cywno\u015bciowych dla os\u00f3b obj\u0119tych wieloletnim rz\u0105dowym programem\u00a0 \u201ePosi\u0142ek w szkole i w domu\u201d 2019 \u2013 2023.<\/p>\n<p>d. w sprawie podwy\u017cszenia kryterium dochodowego uprawniaj\u0105cego do przyznania nieodp\u0142atnie pomocy w zakresie do\u017cywiania w formie \u015bwiadczenia pieni\u0119\u017cnego na zakup posi\u0142ku lub \u017cywno\u015bci dla os\u00f3b obj\u0119tych wieloletnim\u00a0 rz\u0105dowym programem \u201ePosi\u0142ek w szkole i w domu\u201d na lata 2019-2023,<\/p>\n<p>e. w sprawie przyj\u0119cia Regulaminu zbiorowego zaopatrzenia w wod\u0119 i odprowadzania \u015bciek\u00f3w,<\/p>\n<p>f. w sprawie trybu udzielania i rozliczania dotacji dla niepublicznych szk\u00f3\u0142, przedszkoli, innych form wychowywania przedszkolnego prowadzonych na terenie Gminy Sadowwne przez inny organ ni\u017c jednostka samorz\u0105du terytorialnego oraz trybu i zakresu kontroli prawid\u0142owo\u015bci pobierania i wykorzystywania dotacji,<\/p>\n<p>g. w prawie uchwalenia Wieloletniej Prognozy Finansowej Gminy Sadowne na lata 2019-2030<\/p>\n<p>h. w sprawie uchwalenia uchwa\u0142y bud\u017cetowej gminy na 2019 r.,<\/p>\n<p>i. w sprawie zmiany Wieloletniej Prognozy Finansowej Gminy Sadowne na lata 2018-2029,<\/p>\n<p>j. w sprawie zmian w uchwale bud\u017cetowej Gminy Sadowne na 2018 r.,<\/p>\n<p>6. Sprawy r\u00f3\u017cne \u2013 zapytania i wolne wnioski oraz odpowiedzi.<\/p>\n<p>7. Przyj\u0119cie protoko\u0142u z obrad III Sesji Rady Gminy.<\/p>\n<p><strong>\u0179r\u00f3d\u0142o:<\/strong> <a href=\"https:\/\/www.sadowne.pl\/\" target=\"_blank\" rel=\"noopener noreferrer\">https:\/\/www.sadowne.pl\/<\/a><\/p>\n","protected":false},"excerpt":{"rendered":"<p>Uprzejmie informujemy, \u017ce 28 grudnia 2018 r. (pi\u0105tek) o godzinie 12:00 w Sali Konferencyjnej Urz\u0119du Gminy Sadowne odb\u0119dzie si\u0119 IV Sesja Rady Gminy Sadowne.<\/p>\n","protected":false},"author":1,"featured_media":0,"comment_status":"closed","ping_status":"closed","sticky":false,"template":"","format":"standard","meta":{"footnotes":""},"categories":[5,41],"tags":[1112,541],"class_list":["post-19725","post","type-post","status-publish","format-standard","hentry","category-newsy","category-wiesci-gminne","tag-iv-sesja-rady-gminy-sadowne","tag-rada-gminy-sadowne"],"views":2683,"_links":{"self":[{"href":"https:\/\/info.sadowne.pl\/index.php?rest_route=\/wp\/v2\/posts\/19725","targetHints":{"allow":["GET"]}}],"collection":[{"href":"https:\/\/info.sadowne.pl\/index.php?rest_route=\/wp\/v2\/posts"}],"about":[{"href":"https:\/\/info.sadowne.pl\/index.php?rest_route=\/wp\/v2\/types\/post"}],"author":[{"embeddable":true,"href":"https:\/\/info.sadowne.pl\/index.php?rest_route=\/wp\/v2\/users\/1"}],"replies":[{"embeddable":true,"href":"https:\/\/info.sadowne.pl\/index.php?rest_route=%2Fwp%2Fv2%2Fcomments&post=19725"}],"version-history":[{"count":1,"href":"https:\/\/info.sadowne.pl\/index.php?rest_route=\/wp\/v2\/posts\/19725\/revisions"}],"predecessor-version":[{"id":19726,"href":"https:\/\/info.sadowne.pl\/index.php?rest_route=\/wp\/v2\/posts\/19725\/revisions\/19726"}],"wp:attachment":[{"href":"https:\/\/info.sadowne.pl\/index.php?rest_route=%2Fwp%2Fv2%2Fmedia&parent=19725"}],"wp:term":[{"taxonomy":"category","embeddable":true,"href":"https:\/\/info.sadowne.pl\/index.php?rest_route=%2Fwp%2Fv2%2Fcategories&post=19725"},{"taxonomy":"post_tag","embeddable":true,"href":"https:\/\/info.sadowne.pl\/index.php?rest_route=%2Fwp%2Fv2%2Ftags&post=19725"}],"curies":[{"name":"wp","href":"https:\/\/api.w.org\/{rel}","templated":true}]}}