{"id":19732,"date":"2019-12-13T10:01:21","date_gmt":"2019-12-13T09:01:21","guid":{"rendered":"http:\/\/info.sadowne.pl\/?p=19732"},"modified":"2019-12-13T10:43:40","modified_gmt":"2019-12-13T09:43:40","slug":"czy-czujecie-czym-oddychacie","status":"publish","type":"post","link":"https:\/\/info.sadowne.pl\/?p=19732","title":{"rendered":"Jest grudzie\u0144 i jest problem!"},"content":{"rendered":"<p><strong><img loading=\"lazy\" decoding=\"async\" class=\"alignleft size-thumbnail wp-image-19733\" src=\"http:\/\/info.sadowne.pl\/wp-content\/uploads\/2018\/12\/2018.12.28.1-180x130.jpg\" alt=\"\" width=\"180\" height=\"130\" \/><\/strong><\/p>\n<p><strong>Nadchodzi zima i znowu mamy problem z jako\u015bci\u0105 powietrza. Mo\u017ce nas to nie dotyczy? Czujniki nie k\u0142ami\u0105! U nas nie jest lepiej ni\u017c w Krakowie!<\/strong><!--more--><\/p>\n<p>Pisali\u015bmy ju\u017c o tym, ale to tylko s\u0142owa, kt\u00f3re nie docieraj\u0105 do wi\u0119kszo\u015bci &#8222;psuj\u0105cych&#8221; nam to powietrze. Z tym tematem \u0142\u0105czy si\u0119 inny&#8230; wycinka naszych las\u00f3w. Jak my\u015blicie, czy tak radykalne zmiany w drzewostanie mog\u0105 mie\u0107 wp\u0142yw na jako\u015b\u0107 powietrza, jego oczyszczanie, itp., itd.?<\/p>\n<p>Wychodz\u0105c np. o zmierzchu na spacer, gdy &#8222;startuj\u0105&#8221; wszystkie piece w okolicy, zastan\u00f3wmy si\u0119: czy dobrze oddychamy, czy nie odczuwamy zak\u0142\u00f3ce\u0144 w uk\u0142adzie oddechowym, czy dochodzi do tego z powodu przezi\u0119bienia? Co w tym momencie czujemy i kto nam zapewnia tak\u0105 sta\u0142\u0105, codzienn\u0105 &#8222;przyjemno\u015b\u0107&#8221;, po prostu: kto pali w piecu tymi \u015bmieciami i nas truje? Mamy na pewno wiele wi\u0119cej pyta\u0144 w tym temacie\u2026<\/p>\n<p>Pytania takie s\u0142yszymy coraz cz\u0119\u015bciej i to od os\u00f3b w r\u00f3\u017cnym wieku, a tak\u017ce w r\u00f3\u017cnej kondycji zdrowotnej. Coraz wi\u0119kszej liczbie mieszka\u0144c\u00f3w Sadownego, ale i pozosta\u0142ej cz\u0119\u015bci gminy, zaczyna przeszkadza\u0107 z\u0142a jako\u015b\u0107 powietrza, kt\u00f3rym musimy oddycha\u0107 i poszukuj\u0105 pomocy, wyra\u017caj\u0105c m.in. swoje niezadowolenie z tej sytuacji.<\/p>\n<p>Rok temu pisali\u015bmy:<\/p>\n<p><strong><a href=\"http:\/\/info.sadowne.pl\/wp-content\/uploads\/2018\/12\/2018.12.28.1.jpg\" target=\"_blank\" rel=\"noopener noreferrer\"><img loading=\"lazy\" decoding=\"async\" class=\"alignright wp-image-19733 size-medium\" src=\"http:\/\/info.sadowne.pl\/wp-content\/uploads\/2018\/12\/2018.12.28.1-150x300.jpg\" alt=\"\" width=\"150\" height=\"300\" srcset=\"https:\/\/info.sadowne.pl\/wp-content\/uploads\/2018\/12\/2018.12.28.1-150x300.jpg 150w, https:\/\/info.sadowne.pl\/wp-content\/uploads\/2018\/12\/2018.12.28.1.jpg 398w\" sizes=\"auto, (max-width: 150px) 100vw, 150px\" \/><\/a>Oto jedna z wypowiedzi i jedno z pyta\u0144, kt\u00f3re my tak\u017ce mo\u017cemy zada\u0107: <\/strong><\/p>\n<p><em>Od czasu, gdy na budynku Urz\u0119du Gminy zamontowano czujnik jako\u015bci powietrza, przera\u017ca mnie zachowanie pewnych obywateli naszej gminy. Chodzi mi o palenie \u015bmieci. Dzisiaj w naszej gminie powietrze by\u0142o 7 razy gorsze ni\u017c w centrum Warszawy &#8211; jeste\u015bmy czerwon\u0105 palm\u0105 na terenie Mazowsza. <\/em><\/p>\n<p><em><a href=\"http:\/\/info.sadowne.pl\/wp-content\/uploads\/2018\/12\/2018.12.28.2.jpg\" target=\"_blank\" rel=\"noopener noreferrer\"><img loading=\"lazy\" decoding=\"async\" class=\"alignleft wp-image-19734 size-medium\" src=\"http:\/\/info.sadowne.pl\/wp-content\/uploads\/2018\/12\/2018.12.28.2-150x300.jpg\" alt=\"\" width=\"150\" height=\"300\" srcset=\"https:\/\/info.sadowne.pl\/wp-content\/uploads\/2018\/12\/2018.12.28.2-150x300.jpg 150w, https:\/\/info.sadowne.pl\/wp-content\/uploads\/2018\/12\/2018.12.28.2.jpg 398w\" sizes=\"auto, (max-width: 150px) 100vw, 150px\" \/><\/a>Czy mieszka\u0144cy wiedz\u0105, \u017ce ten problem dotyczy te\u017c nas \u2013 trujemy siebie i innych. Dane pochodz\u0105 z Systemu Monitorowania Jako\u015bci Powietrza Airly, w kt\u00f3rym \u2013 opr\u00f3cz aktualnych wska\u017anik\u00f3w jako\u015bci powietrza \u2013 mo\u017cemy znale\u017a\u0107 informacje na temat walki ze smogiem i dot. te\u017c eliminacji \u017ar\u00f3de\u0142 zanieczyszcze\u0144, itp.<\/em><\/p>\n<p><strong>A co faktycznie wdychamy?<\/strong> Chyba czujemy w chwili, gdy w powietrzu znajdzie si\u0119 nadmiar niechcianych sk\u0142adnik\u00f3w pochodz\u0105cych z wypalanych \u015bmieci. Czy jeste\u015bmy \u015bwiadomi zagro\u017cenia? Wi\u0119kszo\u015b\u0107 chyba tak, ale\u2026 pomimo przypomnie\u0144, nakaz\u00f3w, zakaz\u00f3w, cz\u0119\u015b\u0107 z nas jest przyzwyczajona do eliminowania niepotrzebnych odpad\u00f3w \u201epoprzez komin\u201d, nie zwa\u017caj\u0105c na zagro\u017cenie dla siebie i ludzi w swoim otoczeniu.<\/p>\n<p><strong><a href=\"http:\/\/info.sadowne.pl\/wp-content\/uploads\/2018\/12\/2018.12.28.3.jpg\" target=\"_blank\" rel=\"noopener noreferrer\"><img loading=\"lazy\" decoding=\"async\" class=\"alignright wp-image-19735 size-medium\" src=\"http:\/\/info.sadowne.pl\/wp-content\/uploads\/2018\/12\/2018.12.28.3-150x300.jpg\" alt=\"\" width=\"150\" height=\"300\" srcset=\"https:\/\/info.sadowne.pl\/wp-content\/uploads\/2018\/12\/2018.12.28.3-150x300.jpg 150w, https:\/\/info.sadowne.pl\/wp-content\/uploads\/2018\/12\/2018.12.28.3.jpg 398w\" sizes=\"auto, (max-width: 150px) 100vw, 150px\" \/><\/a>Czy to si\u0119 zmieni?<\/strong> By\u0107 mo\u017ce \u2013 je\u017celi nie b\u0119dzie nam to oboj\u0119tne i nie b\u0119dziemy przemilcza\u0107 fakt\u00f3w podtruwania nas samych przez \u201enasze i s\u0105siedzkie kominy\u201d.<\/p>\n<p>Pomy\u015blmy nad tym, bo i jest o czym &#8211; nie czekajmy, a zadbajmy ju\u017c teraz o swoje i innych zdrowie!!! Nie b\u00f3jmy si\u0119 te\u017c zg\u0142asza\u0107 do odpowiednich s\u0142u\u017cb czy Urz\u0119du Gminy stwierdzonych fakt\u00f3w \u0142amania przepis\u00f3w w zakresie ochrony jako\u015bci powietrza!!!<\/p>\n<p><strong>Tekst:<\/strong> S\u0142awek Chyli\u0144ski<\/p>\n<p><strong>Foto:<\/strong> <a href=\"https:\/\/airly.eu\/pl\/\" target=\"_blank\" rel=\"noopener noreferrer\">https:\/\/airly.eu\/pl\/<\/a><\/p>\n","protected":false},"excerpt":{"rendered":"<p>Nadchodzi zima i znowu mamy problem z jako\u015bci\u0105 powietrza. Mo\u017ce nas to nie dotyczy? Czujniki nie k\u0142ami\u0105! U nas nie jest lepiej ni\u017c w Krakowie!<\/p>\n","protected":false},"author":1,"featured_media":0,"comment_status":"closed","ping_status":"closed","sticky":false,"template":"","format":"standard","meta":{"footnotes":""},"categories":[5,1,2449],"tags":[2982,2714,25],"class_list":["post-19732","post","type-post","status-publish","format-standard","hentry","category-newsy","category-inne","category-mieszkancy-pytaja","tag-ekologia","tag-pomiar-jakosci-powietrza","tag-sadowne"],"views":4142,"_links":{"self":[{"href":"https:\/\/info.sadowne.pl\/index.php?rest_route=\/wp\/v2\/posts\/19732","targetHints":{"allow":["GET"]}}],"collection":[{"href":"https:\/\/info.sadowne.pl\/index.php?rest_route=\/wp\/v2\/posts"}],"about":[{"href":"https:\/\/info.sadowne.pl\/index.php?rest_route=\/wp\/v2\/types\/post"}],"author":[{"embeddable":true,"href":"https:\/\/info.sadowne.pl\/index.php?rest_route=\/wp\/v2\/users\/1"}],"replies":[{"embeddable":true,"href":"https:\/\/info.sadowne.pl\/index.php?rest_route=%2Fwp%2Fv2%2Fcomments&post=19732"}],"version-history":[{"count":4,"href":"https:\/\/info.sadowne.pl\/index.php?rest_route=\/wp\/v2\/posts\/19732\/revisions"}],"predecessor-version":[{"id":21558,"href":"https:\/\/info.sadowne.pl\/index.php?rest_route=\/wp\/v2\/posts\/19732\/revisions\/21558"}],"wp:attachment":[{"href":"https:\/\/info.sadowne.pl\/index.php?rest_route=%2Fwp%2Fv2%2Fmedia&parent=19732"}],"wp:term":[{"taxonomy":"category","embeddable":true,"href":"https:\/\/info.sadowne.pl\/index.php?rest_route=%2Fwp%2Fv2%2Fcategories&post=19732"},{"taxonomy":"post_tag","embeddable":true,"href":"https:\/\/info.sadowne.pl\/index.php?rest_route=%2Fwp%2Fv2%2Ftags&post=19732"}],"curies":[{"name":"wp","href":"https:\/\/api.w.org\/{rel}","templated":true}]}}