{"id":19745,"date":"2018-12-30T16:32:10","date_gmt":"2018-12-30T15:32:10","guid":{"rendered":"http:\/\/info.sadowne.pl\/?p=19745"},"modified":"2018-12-30T16:32:10","modified_gmt":"2018-12-30T15:32:10","slug":"malenka-milosc","status":"publish","type":"post","link":"https:\/\/info.sadowne.pl\/?p=19745","title":{"rendered":"MALE\u0143KA MI\u0141O\u015a\u0106"},"content":{"rendered":"<p><strong><img loading=\"lazy\" decoding=\"async\" class=\"alignleft size-thumbnail wp-image-19746\" src=\"http:\/\/info.sadowne.pl\/wp-content\/uploads\/2018\/12\/2018.12.30.1-180x130.jpg\" alt=\"\" width=\"180\" height=\"130\" \/>Do naszych serc do wszystkich serc u\u015bpionych<\/strong><strong>. Dzi\u015b zabrzmia\u0142 dzwon, ju\u017c cz\u0142owiek obudzony.<\/strong><!--more--><\/p>\n<p style=\"text-align: center;\">\nBo nadszed\u0142 czas i dzieci\u0119 si\u0119 zrodzi\u0142o.<br \/>\nA razem z Nim, male\u0144ka przysz\u0142a mi\u0142o\u015b\u0107.<\/p>\n<p>Male\u0144ka mi\u0142o\u015b\u0107 w \u017c\u0142obie \u015bpi.<br \/>\nMale\u0144ka Mi\u0142o\u015b\u0107 przy Matce \u015awi\u0119tej.<br \/>\nDzi\u015b cala ziemia i niebo l\u015bni<br \/>\ndla tej Mi\u0142o\u015bci male\u0144kiej.<\/p>\n<p>Porzu\u0107my z\u0142o przesta\u0144my z\u0142em si\u0119 bawi\u0107.<br \/>\nI czyst\u0105 \u0142z\u0105 spr\u00f3bujmy serce zbawi\u0107.<br \/>\nJu\u017c nadszed\u0142 czas ju\u017c dzieci\u0119 si\u0119 zrodzi\u0142o.<br \/>\nA razem z Nim, male\u0144ka przysz\u0142a mi\u0142o\u015b\u0107.<\/p>\n<p>Male\u0144ka Mi\u0142o\u015b\u0107 zbawi \u015bwiat.<br \/>\nMale\u0144k\u0105 mi\u0142o\u015b\u0107 chro\u0144my z l\u0119kiem.<br \/>\nDzi\u015b ziemia dr\u017cy i niebo dr\u017cy<br \/>\nod tej Mi\u0142o\u015bci male\u0144kiej.<\/p>\n<p>T\u0119 i inne kol\u0119dy us\u0142yszeli, a nawet wsp\u00f3lnie za\u015bpiewali uczestnicy tradycyjnego \u201espotkania z kol\u0119d\u0105\u201d, kt\u00f3re odby\u0142o si\u0119 w po\u0142udnie 30 grudnia w Sali OSP Sadowne. Rodzinne, kol\u0119dowe spotkanie przygotowa\u0142 dla mieszka\u0144c\u00f3w Sadownego Zesp\u00f3\u0142 \u015apiewaczy \u201eSadowianki\u201d wraz z zaprzyja\u017anionymi m\u0142odymi artystami, kt\u00f3rzy wcielili si\u0119 w rol\u0119 \u015awi\u0119tej Rodziny, Anio\u0142\u00f3w, Pastuszk\u00f3w i w\u0119druj\u0105cych\u2026 Trzech Kr\u00f3li.<\/p>\n<p>\u015awietne spotkanie ukazuj\u0105ce tradycje \u015awi\u0105t Bo\u017cego Narodzenia i \u2013 jak zwykle \u2013 odpowiednio dobrany przez \u201eSadowianki\u201d repertuar oraz elementy inscenizacji s\u0142owno \u2013 muzycznej. Widzowie ch\u0119tnie w\u0142\u0105czyli si\u0119 w \u015bpiewanie znanych kol\u0119d, a na zako\u0144czenie spotkania przekazali wyrazy uznania artystom. Oby wi\u0119cej spotka\u0144 tego rodzaju organizowano dla naszej spo\u0142eczno\u015bci, a za to dzisiejsze \u2013 wielkie brawa!<\/p>\n<p><span style=\"color: #0000ff;\"><a style=\"color: #0000ff;\" href=\"https:\/\/photos.app.goo.gl\/WeGSuh5Bnr3SsDpx8\" target=\"_blank\" rel=\"noopener noreferrer\"><strong>Zdj\u0119cia w galerii Google&gt;&gt;&gt;<\/strong><\/a><\/span><\/p>\n<p><span style=\"color: #0000ff;\"><a style=\"color: #0000ff;\" href=\"https:\/\/youtu.be\/4bawG1vZh94\" target=\"_blank\" rel=\"noopener noreferrer\"><strong>Zobacz te\u017c film&gt;&gt;&gt;<\/strong><\/a><\/span><\/p>\n<p><strong>Tekst\/foto:<\/strong> S\u0142awek Chyli\u0144ski<\/p>\n","protected":false},"excerpt":{"rendered":"<p>Do naszych serc do wszystkich serc u\u015bpionych. Dzi\u015b zabrzmia\u0142 dzwon, ju\u017c cz\u0142owiek obudzony.<\/p>\n","protected":false},"author":1,"featured_media":0,"comment_status":"closed","ping_status":"closed","sticky":false,"template":"","format":"standard","meta":{"footnotes":""},"categories":[5,91,6],"tags":[25,2985,960],"class_list":["post-19745","post","type-post","status-publish","format-standard","hentry","category-newsy","category-gminny-osrodek-kultury","category-kultura-rozrywka-edukacja","tag-sadowne","tag-spotkanie-z-koleda","tag-zespol-spiewaczy-sadowianki"],"views":8847,"_links":{"self":[{"href":"https:\/\/info.sadowne.pl\/index.php?rest_route=\/wp\/v2\/posts\/19745","targetHints":{"allow":["GET"]}}],"collection":[{"href":"https:\/\/info.sadowne.pl\/index.php?rest_route=\/wp\/v2\/posts"}],"about":[{"href":"https:\/\/info.sadowne.pl\/index.php?rest_route=\/wp\/v2\/types\/post"}],"author":[{"embeddable":true,"href":"https:\/\/info.sadowne.pl\/index.php?rest_route=\/wp\/v2\/users\/1"}],"replies":[{"embeddable":true,"href":"https:\/\/info.sadowne.pl\/index.php?rest_route=%2Fwp%2Fv2%2Fcomments&post=19745"}],"version-history":[{"count":1,"href":"https:\/\/info.sadowne.pl\/index.php?rest_route=\/wp\/v2\/posts\/19745\/revisions"}],"predecessor-version":[{"id":19747,"href":"https:\/\/info.sadowne.pl\/index.php?rest_route=\/wp\/v2\/posts\/19745\/revisions\/19747"}],"wp:attachment":[{"href":"https:\/\/info.sadowne.pl\/index.php?rest_route=%2Fwp%2Fv2%2Fmedia&parent=19745"}],"wp:term":[{"taxonomy":"category","embeddable":true,"href":"https:\/\/info.sadowne.pl\/index.php?rest_route=%2Fwp%2Fv2%2Fcategories&post=19745"},{"taxonomy":"post_tag","embeddable":true,"href":"https:\/\/info.sadowne.pl\/index.php?rest_route=%2Fwp%2Fv2%2Ftags&post=19745"}],"curies":[{"name":"wp","href":"https:\/\/api.w.org\/{rel}","templated":true}]}}