{"id":19830,"date":"2019-01-12T09:59:12","date_gmt":"2019-01-12T08:59:12","guid":{"rendered":"http:\/\/info.sadowne.pl\/?p=19830"},"modified":"2019-01-12T09:59:12","modified_gmt":"2019-01-12T08:59:12","slug":"zmarl-dyrektor-edward-herman","status":"publish","type":"post","link":"https:\/\/info.sadowne.pl\/?p=19830","title":{"rendered":"Zmar\u0142 Dyrektor Edward Herman"},"content":{"rendered":"<p><strong><img loading=\"lazy\" decoding=\"async\" class=\"alignleft size-thumbnail wp-image-19831\" src=\"http:\/\/info.sadowne.pl\/wp-content\/uploads\/2019\/01\/2019.01.12.1-180x130.jpg\" alt=\"\" width=\"180\" height=\"130\" \/>Z wielkim \u017calem informujemy o \u015bmierci wieloletniego Dyrektora i Nauczyciela Liceum Og\u00f3lnokszta\u0142c\u0105cym im. W\u0142adys\u0142awa Orkana w Sadownem Pana Edwarda Hermana.<\/strong><!--more--><\/p>\n<p>Msza pogrzebowa odb\u0119dzie si\u0119 w poniedzia\u0142ek 14 stycznia 2019 r. o godz. 11.00 w ko\u015bciele parafialnym p.w. \u015aw. Jana Chrzciciela w Sadownem.<\/p>\n<p><img loading=\"lazy\" decoding=\"async\" class=\"aligncenter size-full wp-image-19831\" src=\"http:\/\/info.sadowne.pl\/wp-content\/uploads\/2019\/01\/2019.01.12.1.jpg\" alt=\"\" width=\"600\" height=\"483\" srcset=\"https:\/\/info.sadowne.pl\/wp-content\/uploads\/2019\/01\/2019.01.12.1.jpg 600w, https:\/\/info.sadowne.pl\/wp-content\/uploads\/2019\/01\/2019.01.12.1-300x242.jpg 300w\" sizes=\"auto, (max-width: 600px) 100vw, 600px\" \/><\/p>\n","protected":false},"excerpt":{"rendered":"<p>Z wielkim \u017calem informujemy o \u015bmierci wieloletniego Dyrektora i Nauczyciela Liceum Og\u00f3lnokszta\u0142c\u0105cym im. W\u0142adys\u0142awa Orkana w Sadownem Pana Edwarda Hermana.<\/p>\n","protected":false},"author":1,"featured_media":0,"comment_status":"closed","ping_status":"closed","sticky":false,"template":"","format":"standard","meta":{"footnotes":""},"categories":[5,1],"tags":[2997,182,2998],"class_list":["post-19830","post","type-post","status-publish","format-standard","hentry","category-newsy","category-inne","tag-edward-herman","tag-zespol-szkol-ponadgimnazjalnych-w-sadownem","tag-zmarl-edward-herman"],"views":4139,"_links":{"self":[{"href":"https:\/\/info.sadowne.pl\/index.php?rest_route=\/wp\/v2\/posts\/19830","targetHints":{"allow":["GET"]}}],"collection":[{"href":"https:\/\/info.sadowne.pl\/index.php?rest_route=\/wp\/v2\/posts"}],"about":[{"href":"https:\/\/info.sadowne.pl\/index.php?rest_route=\/wp\/v2\/types\/post"}],"author":[{"embeddable":true,"href":"https:\/\/info.sadowne.pl\/index.php?rest_route=\/wp\/v2\/users\/1"}],"replies":[{"embeddable":true,"href":"https:\/\/info.sadowne.pl\/index.php?rest_route=%2Fwp%2Fv2%2Fcomments&post=19830"}],"version-history":[{"count":1,"href":"https:\/\/info.sadowne.pl\/index.php?rest_route=\/wp\/v2\/posts\/19830\/revisions"}],"predecessor-version":[{"id":19833,"href":"https:\/\/info.sadowne.pl\/index.php?rest_route=\/wp\/v2\/posts\/19830\/revisions\/19833"}],"wp:attachment":[{"href":"https:\/\/info.sadowne.pl\/index.php?rest_route=%2Fwp%2Fv2%2Fmedia&parent=19830"}],"wp:term":[{"taxonomy":"category","embeddable":true,"href":"https:\/\/info.sadowne.pl\/index.php?rest_route=%2Fwp%2Fv2%2Fcategories&post=19830"},{"taxonomy":"post_tag","embeddable":true,"href":"https:\/\/info.sadowne.pl\/index.php?rest_route=%2Fwp%2Fv2%2Ftags&post=19830"}],"curies":[{"name":"wp","href":"https:\/\/api.w.org\/{rel}","templated":true}]}}