{"id":19869,"date":"2019-01-18T20:26:01","date_gmt":"2019-01-18T19:26:01","guid":{"rendered":"http:\/\/info.sadowne.pl\/?p=19869"},"modified":"2019-01-18T20:26:01","modified_gmt":"2019-01-18T19:26:01","slug":"agnieszka-lingas-loniewska-o-sobie","status":"publish","type":"post","link":"https:\/\/info.sadowne.pl\/?p=19869","title":{"rendered":"Agnieszka Lingas\u2013\u0141oniewska \u2013 o sobie\u2026"},"content":{"rendered":"<p><strong><img loading=\"lazy\" decoding=\"async\" class=\"alignleft size-thumbnail wp-image-19870\" src=\"http:\/\/info.sadowne.pl\/wp-content\/uploads\/2019\/01\/2019.01.18.1-180x130.jpg\" alt=\"\" width=\"180\" height=\"130\" \/>18 stycznia w Sadownem, w ramach obchod\u00f3w 70\u2014tej rocznicy utworzenia Gminnej Biblioteki Publicznej, odby\u0142o si\u0119 spotkanie autorskie z Agnieszk\u0105 Lingas-\u0141oniewsk\u0105.<\/strong><!--more--><\/p>\n<p>Jest to wroc\u0142awska autorka ksi\u0105\u017cek \u0142\u0105cz\u0105cych krymina\u0142 z romansem, laureatka konkursu na kryminalne opowiadanie z Dolnym \u015al\u0105skiem w tle, zwana przez swoich czytelnik\u00f3w Dilerk\u0105 Emocji. Autorka ponad 30. bestsellerowych powie\u015bci, stanowi\u0105cych elektryzuj\u0105cy miks gatunkowy romansu, dramatu i sensacji.<\/p>\n<p>O swojej tw\u00f3rczo\u015bci m\u00f3wi: <em>Jest trudna do sklasyfikowania w odpowiedniej kategorii i wydawnictwa maj\u0105 zawsze problemy z umieszczeniem moich ksi\u0105\u017cek na odpowiedniej p\u00f3\u0142ce. Najlepiej rozwi\u0105zano ten problem we Wroc\u0142awiu, bo przypisano tam moje ksi\u0105\u017cki do nazwiska a nie kategorii i, jak to si\u0119 m\u00f3wi, problem z g\u0142owy.<\/em><\/p>\n<p>Agnieszka Lingas-\u0141oniewska kocha zwierz\u0119ta, ma cztery koty i psa. Od lat prowadzi autorsk\u0105 akcj\u0119\u00a0<em>Karma zamiast Kwiatka<\/em>\u00a0i na licznych spotkaniach autorskich zbiera karm\u0119 dla zwierzak\u00f3w, kt\u00f3r\u0105 potem przekazuje do wroc\u0142awskich fundacji. W 2016 r. zaj\u0119\u0142a II miejsce w plebiscycie \u201eGazety Wroc\u0142awskiej\u201d\u00a0<em>Kobieta Wp\u0142ywowa<\/em>, a od 2017 r. jest cz\u0142onkini\u0105 Kapitu\u0142y Literackiego Debiutu Roku. W wolnym czasie, kiedy nie pisze (a zdarza si\u0119 to czasami), kocha czyta\u0107 i ogl\u0105da\u0107 seriale kryminalne, jej pasj\u0105 s\u0105 tak\u017ce: nordic walking i rob\u00f3tki r\u0119czne.<\/p>\n<p>Podczas spotkania w Gminnym O\u015brodku Kultury w Sadownem, kt\u00f3re rozpocz\u0119\u0142a p. Barbara Klimek z GBP w Sadownem, autorka zaprezentowa\u0142a sw\u00f3j dorobek pisarski i zwierzy\u0142a si\u0119, \u017ce pisanie jest jej pasj\u0105 oraz sposobem na \u017cycie. W swoich ksi\u0105\u017ckach \u015bwiadomie uprawia tzw. ,,mi\u0119dzygatunkowo\u015b\u0107\u201d i dlatego mo\u017cna w nich znale\u017a\u0107 troch\u0119 erotyki, akcji, humoru oraz krymina\u0142u i thrillera, co \u2013 jak m\u00f3wi &#8211; jest recept\u0105 na jej sukces.<\/p>\n<p>Pisarka opowiada\u0142a r\u00f3wnie\u017c o inspiracjach, swoim \u017cyciu zawodowym i prywatnym, zwierz\u0119tach, kt\u00f3re znalaz\u0142y miejsce w jej domu, a tak\u017ce tw\u00f3rczo\u015bci. Zwie\u0144czeniem spotkania by\u0142o odczytanie fragmentu jednej z powie\u015bci, informacja o nominowaniu do nagrody Z\u0142otego Ko\u015bcieja ksi\u0105\u017cki \u201eKlub niewiernych\u201d wydanej wsp\u00f3lnie z Danielem Koziarskim (mo\u017cna na ni\u0105 g\u0142osowa\u0107 na stronie Plebiscytu), ale te\u017c podpisywanie przez autork\u0119 zakupionych podczas spotkania lub przyniesionych ze sob\u0105 ksi\u0105\u017cek i rozmowy w cztery oczy z czytelnikami.<\/p>\n<p>Spotkanie by\u0142o te\u017c okazj\u0105 do uczczenia 70-rocznicy utworzenia Gminnej Biblioteki Publicznej w Sadownem. W\u015br\u00f3d odwiedzaj\u0105cych Bibliotek\u0119 16 stycznia br. rozlosowano 10 kalendarzy wydanych przez GBP. Na uczestnik\u00f3w spotkania z pisark\u0105 czeka\u0142 te\u017c tort okoliczno\u015bciowy i oczywi\u015bcie\u2026 kawa lub herbata.<\/p>\n<p><span style=\"color: #0000ff;\"><a style=\"color: #0000ff;\" href=\"https:\/\/photos.app.goo.gl\/4MzSC3dTNxjek4XK8\" target=\"_blank\" rel=\"noopener noreferrer\"><strong>Zdj\u0119cia w galerii Google&gt;&gt;&gt;<\/strong><\/a><\/span><\/p>\n<p><strong>Tekst\/foto:<\/strong> S\u0142awek Chyli\u0144ski<\/p>\n","protected":false},"excerpt":{"rendered":"<p>18 stycznia w Sadownem, w ramach obchod\u00f3w 70\u2014tej rocznicy utworzenia Gminnej Biblioteki Publicznej, odby\u0142o si\u0119 spotkanie autorskie z Agnieszk\u0105 Lingas-\u0141oniewsk\u0105.<\/p>\n","protected":false},"author":1,"featured_media":0,"comment_status":"closed","ping_status":"closed","sticky":false,"template":"","format":"standard","meta":{"footnotes":""},"categories":[5,2149,91,6],"tags":[3003,113,169,966],"class_list":["post-19869","post","type-post","status-publish","format-standard","hentry","category-newsy","category-gminna-biblioteka-publiczna","category-gminny-osrodek-kultury","category-kultura-rozrywka-edukacja","tag-agnieszka-lingas-loniewska","tag-gminna-biblioteka-publiczna-w-sadownem","tag-gminny-osrodek-kultury-w-sadownem","tag-spotkanie-autorskie"],"views":2356,"_links":{"self":[{"href":"https:\/\/info.sadowne.pl\/index.php?rest_route=\/wp\/v2\/posts\/19869","targetHints":{"allow":["GET"]}}],"collection":[{"href":"https:\/\/info.sadowne.pl\/index.php?rest_route=\/wp\/v2\/posts"}],"about":[{"href":"https:\/\/info.sadowne.pl\/index.php?rest_route=\/wp\/v2\/types\/post"}],"author":[{"embeddable":true,"href":"https:\/\/info.sadowne.pl\/index.php?rest_route=\/wp\/v2\/users\/1"}],"replies":[{"embeddable":true,"href":"https:\/\/info.sadowne.pl\/index.php?rest_route=%2Fwp%2Fv2%2Fcomments&post=19869"}],"version-history":[{"count":1,"href":"https:\/\/info.sadowne.pl\/index.php?rest_route=\/wp\/v2\/posts\/19869\/revisions"}],"predecessor-version":[{"id":19871,"href":"https:\/\/info.sadowne.pl\/index.php?rest_route=\/wp\/v2\/posts\/19869\/revisions\/19871"}],"wp:attachment":[{"href":"https:\/\/info.sadowne.pl\/index.php?rest_route=%2Fwp%2Fv2%2Fmedia&parent=19869"}],"wp:term":[{"taxonomy":"category","embeddable":true,"href":"https:\/\/info.sadowne.pl\/index.php?rest_route=%2Fwp%2Fv2%2Fcategories&post=19869"},{"taxonomy":"post_tag","embeddable":true,"href":"https:\/\/info.sadowne.pl\/index.php?rest_route=%2Fwp%2Fv2%2Ftags&post=19869"}],"curies":[{"name":"wp","href":"https:\/\/api.w.org\/{rel}","templated":true}]}}