{"id":19872,"date":"2019-01-20T19:55:31","date_gmt":"2019-01-20T18:55:31","guid":{"rendered":"http:\/\/info.sadowne.pl\/?p=19872"},"modified":"2023-12-07T15:47:31","modified_gmt":"2023-12-07T14:47:31","slug":"droga-babciu-drogi-dziadku-2","status":"publish","type":"post","link":"https:\/\/info.sadowne.pl\/?p=19872","title":{"rendered":"Droga Babciu, Drogi Dziadku\u2026"},"content":{"rendered":"<p><strong><img loading=\"lazy\" decoding=\"async\" class=\"alignleft size-thumbnail wp-image-19873\" src=\"http:\/\/info.sadowne.pl\/wp-content\/uploads\/2019\/01\/2019.01.20.1-180x130.jpg\" alt=\"\" width=\"180\" height=\"130\" \/>\u2026 dzisiaj Wasze \u015bwi\u0119to.<\/strong><!--more--><\/p>\n<p style=\"text-align: center;\">My, Wasze wnucz\u0119ta<\/p>\n<p style=\"text-align: center;\">\u017cyczenia Wam sk\u0142adamy.<\/p>\n<p style=\"text-align: center;\">Niech Wam zdrowie s\u0142u\u017cy<\/p>\n<p style=\"text-align: center;\">i cieszcie si\u0119 \u017cyciem<\/p>\n<p style=\"text-align: center;\">sto lat, albo d\u0142u\u017cej!<\/p>\n<p>21 stycznia obchodzimy Dzie\u0144 Babci, a 22 stycznia Dzie\u0144 Dziadka. Ko\u0142o Gospody\u0144 Wiejskich w Oci\u0119tem, przy wsp\u00f3\u0142udziale So\u0142ectwa Oci\u0119te i Gminnego O\u015brodka Kultury w Sadownem, postanowi\u0142o uczci\u0107 te \u015bwi\u0119ta nieco wcze\u015bniej.<\/p>\n<p>W niedzielne popo\u0142udnie 20 stycznia w \u015bwietlicy wiejskiej w Oci\u0119tem zorganizowano spotkanie senior\u00f3w. Przyby\u0142ych licznie go\u015bci powita\u0142 p. Piotr Olkowski \u2013 radny Gminy Sadowne, a prywatnie mieszkaniec Oci\u0119tego. Po czym \u201escen\u0105\u201d zaw\u0142adn\u0119li aktorzy Grupy Teatralnej BAJ, dzia\u0142aj\u0105cej w GOK-u w Sadownem. M\u0142odzi arty\u015bci zaprezentowali kilka scenek z \u017cycia bab\u0107 i dziadk\u00f3w. Brawa, u\u015bmiechy i komentarze widowni dowiod\u0142y, \u017ce repertuar by\u0142 trafnie dobrany.<\/p>\n<p>Gospodarze podzi\u0119kowali dzieciom i ich rodzicom za przybycie oraz zaprosili na pyszny pocz\u0119stunek. Dalsza cz\u0119\u015b\u0107 spotkania przebiega\u0142a w mi\u0142ej atmosferze, sprzyja\u0142a integracji pokole\u0144 poprzez wsp\u00f3ln\u0105 zabaw\u0119.<\/p>\n<p><strong><span style=\"color: #0000ff;\"><a style=\"color: #0000ff;\" href=\"https:\/\/photos.app.goo.gl\/yRH1TTfx3d39ge8K9\" target=\"_blank\" rel=\"noopener noreferrer\">Zdj\u0119cia w galerii Google&gt;&gt;&gt;\u00a0<\/a>\u00a0\u00a0\u00a0\u00a0\u00a0<\/span>\u00a0 <\/strong><\/p>\n<p><strong>Tekst:<\/strong> Danuta Chyli\u0144ska<\/p>\n<p><strong>Foto:<\/strong> S\u0142awek Chyli\u0144ski<\/p>\n","protected":false},"excerpt":{"rendered":"<p>\u2026 dzisiaj Wasze \u015bwi\u0119to.<\/p>\n","protected":false},"author":1,"featured_media":0,"comment_status":"closed","ping_status":"closed","sticky":false,"template":"","format":"standard","meta":{"footnotes":""},"categories":[5,4062,41],"tags":[3007,3005,3006],"class_list":["post-19872","post","type-post","status-publish","format-standard","hentry","category-newsy","category-kola-gospodyn-wiejskich","category-wiesci-gminne","tag-dzien-babci-i-dzien-dziadka-w-ocietem","tag-kolo-gospodyn-wiejskich-w-ocietem","tag-solectwo-ociete"],"views":3177,"_links":{"self":[{"href":"https:\/\/info.sadowne.pl\/index.php?rest_route=\/wp\/v2\/posts\/19872","targetHints":{"allow":["GET"]}}],"collection":[{"href":"https:\/\/info.sadowne.pl\/index.php?rest_route=\/wp\/v2\/posts"}],"about":[{"href":"https:\/\/info.sadowne.pl\/index.php?rest_route=\/wp\/v2\/types\/post"}],"author":[{"embeddable":true,"href":"https:\/\/info.sadowne.pl\/index.php?rest_route=\/wp\/v2\/users\/1"}],"replies":[{"embeddable":true,"href":"https:\/\/info.sadowne.pl\/index.php?rest_route=%2Fwp%2Fv2%2Fcomments&post=19872"}],"version-history":[{"count":2,"href":"https:\/\/info.sadowne.pl\/index.php?rest_route=\/wp\/v2\/posts\/19872\/revisions"}],"predecessor-version":[{"id":19875,"href":"https:\/\/info.sadowne.pl\/index.php?rest_route=\/wp\/v2\/posts\/19872\/revisions\/19875"}],"wp:attachment":[{"href":"https:\/\/info.sadowne.pl\/index.php?rest_route=%2Fwp%2Fv2%2Fmedia&parent=19872"}],"wp:term":[{"taxonomy":"category","embeddable":true,"href":"https:\/\/info.sadowne.pl\/index.php?rest_route=%2Fwp%2Fv2%2Fcategories&post=19872"},{"taxonomy":"post_tag","embeddable":true,"href":"https:\/\/info.sadowne.pl\/index.php?rest_route=%2Fwp%2Fv2%2Ftags&post=19872"}],"curies":[{"name":"wp","href":"https:\/\/api.w.org\/{rel}","templated":true}]}}