{"id":19878,"date":"2019-01-21T16:22:01","date_gmt":"2019-01-21T15:22:01","guid":{"rendered":"http:\/\/info.sadowne.pl\/?p=19878"},"modified":"2019-01-21T16:22:01","modified_gmt":"2019-01-21T15:22:01","slug":"pozwol-dziecku-poleniuchowac","status":"publish","type":"post","link":"https:\/\/info.sadowne.pl\/?p=19878","title":{"rendered":"Pozw\u00f3l dziecku poleniuchowa\u0107\u2026"},"content":{"rendered":"<p><strong><img loading=\"lazy\" decoding=\"async\" class=\"alignleft size-thumbnail wp-image-19879\" src=\"http:\/\/info.sadowne.pl\/wp-content\/uploads\/2019\/01\/2019.01.21.1-180x130.jpg\" alt=\"\" width=\"180\" height=\"130\" \/>\u2026i odpocz\u0105\u0107 od szko\u0142y.<\/strong><!--more--><\/p>\n<p><strong>Ferie zimowe to idealna pora, aby troch\u0119 odpocz\u0105\u0107 od szko\u0142y i poleniuchowa\u0107 oraz sp\u0119dzi\u0107 czas wsp\u00f3lnie z najbli\u017cszymi.<br \/>\n<\/strong><br \/>\nDzieci rozpoczynaj\u0105 ferie, a prawdziwa zimowa aura daje nam sygna\u0142, \u017ce warto celebrowa\u0107 ten wyj\u0105tkowy okres. To nie tylko dwa tygodnie odpoczynku od szko\u0142y, ale tak\u017ce okazja dla rodzic\u00f3w, aby troch\u0119 wi\u0119cej czasu sp\u0119dzi\u0107 ze swoimi dzie\u0107mi.<\/p>\n<p><img loading=\"lazy\" decoding=\"async\" class=\"alignright size-full wp-image-9793\" src=\"http:\/\/info.sadowne.pl\/wp-content\/uploads\/2015\/09\/AT1.jpg\" alt=\"\" width=\"115\" height=\"161\" \/><em>Jak wskazuj\u0105 wyniki ankiet, dzieci marz\u0105 o odpoczynku, d\u0142u\u017cszym spaniu, nieko\u0144cz\u0105cej si\u0119 zabawie i \u017cyciu bez po\u015bpiechu, ale te\u017c o\u2026 d\u0142u\u017cszych chwilach w domu razem z rodzicami i rodze\u0144stwem. Nie zapewniajmy im wtedy wyrafinowanych atrakcji &#8211; drogich oboz\u00f3w, czy kolonii, kt\u00f3re nie s\u0105 w zainteresowaniu dzieci, bo wynikiem tego b\u0119dzie to, \u017ce zar\u00f3wno ten wolny czas, jak i pieni\u0105dze zostan\u0105 zmarnowane, a obydwie strony pozostan\u0105 rozczarowane. <\/em><\/p>\n<p><em>Najlepszym wyj\u015bciem z tej sytuacji jest wcze\u015bniejsze, oczywi\u015bcie wsp\u00f3lnie z dzieckiem, zaplanowanie organizacji czasu zimowych ferii. Wa\u017cne jest, aby przy tej okazji koniecznie wzi\u0105\u0107 pod uwag\u0119 zainteresowania naszej pociechy, np. majsterkowanie, gotowanie, czytanie ksi\u0105\u017cek itp. Mo\u017cemy wtedy zaproponowa\u0107 np. wsp\u00f3lne pieczenie ulubionego ciasta, zbudowanie prostego karmnika, wsp\u00f3lne odwiedzenie biblioteki czy zorganizowanie zaj\u0119\u0107 maj\u0105cych na celu wsp\u00f3ln\u0105 zabaw\u0119, ale te\u017c roz\u0142adowania energii poprzez sport.<\/em><\/p>\n<p>Dzieci z ut\u0119sknieniem wyczekuj\u0105 na ferie zimowe. Nie musz\u0105 wstawa\u0107 wczesnym rankiem, kiedy na dworze jest jeszcze ciemno. Mog\u0105 zapomnie\u0107 o kartk\u00f3wkach, sprawdzianach, zadaniach domowych, a skupi\u0107 si\u0119 na zabawie i przyjemno\u015bciach. W tym okresie trzeba!!! dzieciom pozwoli\u0107 na szczeg\u00f3lne leniuchowanie i wypoczynek. Ale\u2026 \u00a0jest to rzeczywi\u015bcie czas, aby dziecko odpocz\u0119\u0142o od szko\u0142y, ale niekoniecznie od obowi\u0105zk\u00f3w domowych. Musi by\u0107 cho\u0107 troch\u0119 anga\u017cowane np. w sprz\u0105tanie domu, pokoju czy robienie zakup\u00f3w\u2026<\/p>\n<p>Ferie zimowe to r\u00f3wnie\u017c jest to idealny okres, kiedy mo\u017cna sp\u0119dzi\u0107 wi\u0119cej czasu razem, zw\u0142aszcza, je\u015bli rodzice maj\u0105, chocia\u017c kilka dni urlopu. W roku szkolnym wszystko jest w biegu, ale nie oczekujmy te\u017c od dziecka, \u017ce w czasie ferii nadrobi szkolne zaleg\u0142o\u015bci, bo zbuduje to w nim poczucie krzywdy i niesprawiedliwo\u015bci. Ale co robi\u0107, gdy dla dziecka jedyn\u0105 atrakcj\u0105 jest tablet lub komputer? Zastan\u00f3wmy si\u0119, z czego to wynika. Mo\u017ce dziecko nie zna innych form sp\u0119dzania wolnego czasu? Mo\u017ce nie umie bawi\u0107 si\u0119 z innymi dzie\u0107mi? Na spontaniczn\u0105 zabaw\u0119 z r\u00f3wie\u015bnikami cz\u0119sto brakuje czasu. Po szkole dziecko sp\u0119dza czas w \u015bwietlicy czy uczestniczy w zaj\u0119ciach dodatkowych. A kiedy ostatnio bawili\u015bmy si\u0119 z naszymi dzie\u0107mi w ciekawe i edukacyjne zabawy?<\/p>\n<p>Mo\u017ce tym razem zaplanujmy co\u015b wsp\u00f3lnie i zr\u00f3bmy to &#8211; razem. Poka\u017cmy dziecku inne, czasami proste w wykonaniu, ale bezpieczne i zdrowe formy sp\u0119dzania czasu. Wyjd\u017amy na sanki, lodowisko, ulepmy ba\u0142wana, a mo\u017ce zjedzmy po kie\u0142basce upieczonej na przygotowanym wsp\u00f3lnie ognisku. A w domu\u2026 siadajmy na dywanie i np. zagrajmy wsp\u00f3lnie w plansz\u00f3wki. Pomys\u0142y na zabawy mo\u017cemy zaczerpn\u0105\u0107 z Internetu, a b\u0119d\u0105 one czasami wymaga\u0142y od nas tylko drobnych przygotowa\u0144 \u2013 postaramy si\u0119, aby zachowa\u0107 jednocze\u015bnie wyj\u0105tkowy, zabawowy charakter ferii zimowych. Prawda, \u017ce niewiele? Mo\u017ce to jednak w spos\u00f3b znacz\u0105cy pom\u00f3c dziecku w przysz\u0142o\u015bci dokona\u0107 w\u0142a\u015bciwego wyboru post\u0119powania.<\/p>\n<p>Nie zapomnijmy te\u017c, \u017ce dziecko musi mie\u0107 czas na regeneracj\u0119 si\u0142 i energii, kt\u00f3ry mo\u017ce przeznaczy\u0107 wy\u0142\u0105cznie dla siebie, na swoje pasje, zainteresowania. Takie momenty z jednej strony pozwalaj\u0105 mu na \u015bwie\u017cy start w nowy semestr szkolny, z odnowionymi zapasami si\u0142, a z drugiej &#8211; buduj\u0105 pozytywne wra\u017cenia i wspomnienia, kt\u00f3re w pod\u015bwiadomo\u015bci towarzysz\u0105 dzieciom w ich \u015br\u00f3drocznych zmaganiach szkolnych.<\/p>\n<p>Pami\u0119tajmy te\u017c, \u017ce gdy rodzice pracuj\u0105, a dziecko jeszcze nie zostaje w domu samo, koniecznie musi mie\u0107\u00a0<strong>zapewnion\u0105 opiek\u0119<\/strong>. Sprawdzonym rozwi\u0105zaniem s\u0105 dy\u017curuj\u0105ce w ferie\u00a0<strong>\u015bwietlice szkolne<\/strong><strong>\u00a0<\/strong>czy udzia\u0142 w zaj\u0119ciach o\u015brodka kultury lub np. pomoc ze strony babci i dziadka. Mo\u017cna te\u017c poszuka\u0107 znajomych maj\u0105cych podobny problem i wsp\u00f3lnie zadba\u0107, aby maluchy sp\u0119dza\u0142y wolny czas pod czujnym okiem opiekun\u00f3w.<\/p>\n<p><strong>\u017bycz\u0119 powodzenia i udanych, rodzinnych ferii zimowych.<\/strong><\/p>\n<p><strong>Agata Tabor \u2013 piel\u0119gniarka szkolna<\/strong><\/p>\n","protected":false},"excerpt":{"rendered":"<p>\u2026i odpocz\u0105\u0107 od szko\u0142y.<\/p>\n","protected":false},"author":1,"featured_media":0,"comment_status":"closed","ping_status":"closed","sticky":false,"template":"","format":"standard","meta":{"footnotes":""},"categories":[5,1406,1408],"tags":[1410,3008,1666],"class_list":["post-19878","post","type-post","status-publish","format-standard","hentry","category-newsy","category-czy-wiesz","category-zdrowie","tag-agata-tabor","tag-ferie-zimowe-2019","tag-zdrowie-dzieci"],"views":2558,"_links":{"self":[{"href":"https:\/\/info.sadowne.pl\/index.php?rest_route=\/wp\/v2\/posts\/19878","targetHints":{"allow":["GET"]}}],"collection":[{"href":"https:\/\/info.sadowne.pl\/index.php?rest_route=\/wp\/v2\/posts"}],"about":[{"href":"https:\/\/info.sadowne.pl\/index.php?rest_route=\/wp\/v2\/types\/post"}],"author":[{"embeddable":true,"href":"https:\/\/info.sadowne.pl\/index.php?rest_route=\/wp\/v2\/users\/1"}],"replies":[{"embeddable":true,"href":"https:\/\/info.sadowne.pl\/index.php?rest_route=%2Fwp%2Fv2%2Fcomments&post=19878"}],"version-history":[{"count":1,"href":"https:\/\/info.sadowne.pl\/index.php?rest_route=\/wp\/v2\/posts\/19878\/revisions"}],"predecessor-version":[{"id":19880,"href":"https:\/\/info.sadowne.pl\/index.php?rest_route=\/wp\/v2\/posts\/19878\/revisions\/19880"}],"wp:attachment":[{"href":"https:\/\/info.sadowne.pl\/index.php?rest_route=%2Fwp%2Fv2%2Fmedia&parent=19878"}],"wp:term":[{"taxonomy":"category","embeddable":true,"href":"https:\/\/info.sadowne.pl\/index.php?rest_route=%2Fwp%2Fv2%2Fcategories&post=19878"},{"taxonomy":"post_tag","embeddable":true,"href":"https:\/\/info.sadowne.pl\/index.php?rest_route=%2Fwp%2Fv2%2Ftags&post=19878"}],"curies":[{"name":"wp","href":"https:\/\/api.w.org\/{rel}","templated":true}]}}