{"id":19882,"date":"2019-01-22T11:47:05","date_gmt":"2019-01-22T10:47:05","guid":{"rendered":"http:\/\/info.sadowne.pl\/?p=19882"},"modified":"2019-01-22T11:47:05","modified_gmt":"2019-01-22T10:47:05","slug":"o-25-szans-wiecej","status":"publish","type":"post","link":"https:\/\/info.sadowne.pl\/?p=19882","title":{"rendered":"O 25 szans wi\u0119cej!!!"},"content":{"rendered":"<p><strong><img loading=\"lazy\" decoding=\"async\" class=\"alignleft size-thumbnail wp-image-19883\" src=\"http:\/\/info.sadowne.pl\/wp-content\/uploads\/2019\/01\/2019.01.22.1-180x130.jpg\" alt=\"\" width=\"180\" height=\"130\" \/>Szkolne Ko\u0142o Caritas dzi\u0119kuje mieszka\u0144com Gminy Sadowne, kt\u00f3rzy czynnie w\u0142\u0105czyli si\u0119 w Rekrutacj\u0119 Dawc\u00f3w Fundacji DKMS.<\/strong><!--more--><\/p>\n\n\t\t<style type=\"text\/css\">\n\t\t\t#gallery-1 {\n\t\t\t\tmargin: auto;\n\t\t\t}\n\t\t\t#gallery-1 .gallery-item {\n\t\t\t\tfloat: left;\n\t\t\t\tmargin-top: 10px;\n\t\t\t\ttext-align: center;\n\t\t\t\twidth: 33%;\n\t\t\t}\n\t\t\t#gallery-1 img {\n\t\t\t\tborder: 2px solid #cfcfcf;\n\t\t\t}\n\t\t\t#gallery-1 .gallery-caption {\n\t\t\t\tmargin-left: 0;\n\t\t\t}\n\t\t\t\/* see gallery_shortcode() in wp-includes\/media.php *\/\n\t\t<\/style>\n\t\t<div id='gallery-1' class='gallery galleryid-19882 gallery-columns-3 gallery-size-thumbnail'><dl class='gallery-item'>\n\t\t\t<dt class='gallery-icon landscape'>\n\t\t\t\t<a href='https:\/\/info.sadowne.pl\/?attachment_id=19883'><img loading=\"lazy\" decoding=\"async\" width=\"180\" height=\"130\" src=\"https:\/\/info.sadowne.pl\/wp-content\/uploads\/2019\/01\/2019.01.22.1-180x130.jpg\" class=\"attachment-thumbnail size-thumbnail\" alt=\"\" \/><\/a>\n\t\t\t<\/dt><\/dl><dl class='gallery-item'>\n\t\t\t<dt class='gallery-icon landscape'>\n\t\t\t\t<a href='https:\/\/info.sadowne.pl\/?attachment_id=19884'><img loading=\"lazy\" decoding=\"async\" width=\"180\" height=\"130\" src=\"https:\/\/info.sadowne.pl\/wp-content\/uploads\/2019\/01\/2019.01.22.2-180x130.jpg\" class=\"attachment-thumbnail size-thumbnail\" alt=\"\" \/><\/a>\n\t\t\t<\/dt><\/dl><dl class='gallery-item'>\n\t\t\t<dt class='gallery-icon landscape'>\n\t\t\t\t<a href='https:\/\/info.sadowne.pl\/?attachment_id=19885'><img loading=\"lazy\" decoding=\"async\" width=\"180\" height=\"130\" src=\"https:\/\/info.sadowne.pl\/wp-content\/uploads\/2019\/01\/2019.01.22.3-180x130.jpg\" class=\"attachment-thumbnail size-thumbnail\" alt=\"\" \/><\/a>\n\t\t\t<\/dt><\/dl><br style=\"clear: both\" \/>\n\t\t<\/div>\n\n<p><img loading=\"lazy\" decoding=\"async\" class=\"aligncenter size-full wp-image-19886\" src=\"http:\/\/info.sadowne.pl\/wp-content\/uploads\/2019\/01\/2019.01.22.5.jpg\" alt=\"\" width=\"601\" height=\"851\" srcset=\"https:\/\/info.sadowne.pl\/wp-content\/uploads\/2019\/01\/2019.01.22.5.jpg 601w, https:\/\/info.sadowne.pl\/wp-content\/uploads\/2019\/01\/2019.01.22.5-212x300.jpg 212w\" sizes=\"auto, (max-width: 601px) 100vw, 601px\" \/><\/p>\n<p>&nbsp;<\/p>\n<p><img loading=\"lazy\" decoding=\"async\" class=\"aligncenter size-full wp-image-19890\" src=\"http:\/\/info.sadowne.pl\/wp-content\/uploads\/2019\/01\/2019.01.22.8.jpg\" alt=\"\" width=\"595\" height=\"677\" srcset=\"https:\/\/info.sadowne.pl\/wp-content\/uploads\/2019\/01\/2019.01.22.8.jpg 595w, https:\/\/info.sadowne.pl\/wp-content\/uploads\/2019\/01\/2019.01.22.8-264x300.jpg 264w\" sizes=\"auto, (max-width: 595px) 100vw, 595px\" \/><\/p>\n","protected":false},"excerpt":{"rendered":"<p>Szkolne Ko\u0142o Caritas dzi\u0119kuje mieszka\u0144com Gminy Sadowne, kt\u00f3rzy czynnie w\u0142\u0105czyli si\u0119 w Rekrutacj\u0119 Dawc\u00f3w Fundacji DKMS.<\/p>\n","protected":false},"author":1,"featured_media":0,"comment_status":"closed","ping_status":"closed","sticky":false,"template":"","format":"standard","meta":{"footnotes":""},"categories":[5,1752,1370,85],"tags":[2755,2968,1768,182],"class_list":["post-19882","post","type-post","status-publish","format-standard","hentry","category-newsy","category-edukacja","category-wolontariat","category-zsp","tag-marta-osman","tag-szkolne-kolo-caritas-w-sadownem","tag-wolontariat","tag-zespol-szkol-ponadgimnazjalnych-w-sadownem"],"views":2840,"_links":{"self":[{"href":"https:\/\/info.sadowne.pl\/index.php?rest_route=\/wp\/v2\/posts\/19882","targetHints":{"allow":["GET"]}}],"collection":[{"href":"https:\/\/info.sadowne.pl\/index.php?rest_route=\/wp\/v2\/posts"}],"about":[{"href":"https:\/\/info.sadowne.pl\/index.php?rest_route=\/wp\/v2\/types\/post"}],"author":[{"embeddable":true,"href":"https:\/\/info.sadowne.pl\/index.php?rest_route=\/wp\/v2\/users\/1"}],"replies":[{"embeddable":true,"href":"https:\/\/info.sadowne.pl\/index.php?rest_route=%2Fwp%2Fv2%2Fcomments&post=19882"}],"version-history":[{"count":1,"href":"https:\/\/info.sadowne.pl\/index.php?rest_route=\/wp\/v2\/posts\/19882\/revisions"}],"predecessor-version":[{"id":19891,"href":"https:\/\/info.sadowne.pl\/index.php?rest_route=\/wp\/v2\/posts\/19882\/revisions\/19891"}],"wp:attachment":[{"href":"https:\/\/info.sadowne.pl\/index.php?rest_route=%2Fwp%2Fv2%2Fmedia&parent=19882"}],"wp:term":[{"taxonomy":"category","embeddable":true,"href":"https:\/\/info.sadowne.pl\/index.php?rest_route=%2Fwp%2Fv2%2Fcategories&post=19882"},{"taxonomy":"post_tag","embeddable":true,"href":"https:\/\/info.sadowne.pl\/index.php?rest_route=%2Fwp%2Fv2%2Ftags&post=19882"}],"curies":[{"name":"wp","href":"https:\/\/api.w.org\/{rel}","templated":true}]}}