{"id":19901,"date":"2019-01-24T15:19:06","date_gmt":"2019-01-24T14:19:06","guid":{"rendered":"http:\/\/info.sadowne.pl\/?p=19901"},"modified":"2019-01-24T15:19:06","modified_gmt":"2019-01-24T14:19:06","slug":"zabawa-choinkowa-w-grabinach","status":"publish","type":"post","link":"https:\/\/info.sadowne.pl\/?p=19901","title":{"rendered":"Zabawa choinkowa w Grabinach"},"content":{"rendered":"<p><strong><img loading=\"lazy\" decoding=\"async\" class=\"alignleft size-thumbnail wp-image-19902\" src=\"http:\/\/info.sadowne.pl\/wp-content\/uploads\/2019\/01\/2019.01.24.1-180x130.jpg\" alt=\"\" width=\"180\" height=\"130\" \/>24 stycznia w Grabinach zorganizowano zabaw\u0119 choinkow\u0105.<\/strong><!--more--><\/p>\n<p>Zesp\u00f3\u0142 Szkolno \u2013 Przedszkolny w Grabinach postanowi\u0142 jeszcze przed feriami zimowymi zorganizowa\u0107 dla swoich dzieciak\u00f3w zabaw\u0119 choinkow\u0105. Nie po\u015bwi\u0119cono na ten cel ca\u0142ego dnia, ale po trzech pierwszych lekcjach uczniowie Szko\u0142y, ich rodzice i przybyli go\u015bcie zebrali si\u0119 w sali gimnastycznej. Przyby\u0142ych powita\u0142a p. Dyrektor Alina Lipka \u2013 Chudzik, zapowiadaj\u0105c rozpoczynaj\u0105c\u0105 si\u0119 cz\u0119\u015b\u0107 artystyczn\u0105, po czym z przygotowanymi scenkami s\u0142owno \u2013 muzycznymi o tematyce zimowej wyst\u0105pi\u0142y dzieciaki ze wszystkich klas Szko\u0142y.<\/p>\n<p>Wyst\u0119puj\u0105cy prezentowali wysoki poziom artystyczny, co zosta\u0142o zauwa\u017cone przez publiczno\u015b\u0107 i nagrodzone g\u0142o\u015bnymi brawami. Po wyst\u0119pie dzieci uda\u0142y si\u0119 na s\u0142odki pocz\u0119stunek, by za chwil\u0119 ponownie powr\u00f3ci\u0107 na zabaw\u0119 taneczn\u0105, kt\u00f3r\u0105 poprowadzi\u0142 DJ Artur.<\/p>\n<p>By\u0142o czasami powa\u017cnie, ale g\u0142\u00f3wnie &#8211; weso\u0142o. Choinka, jak to ocenia\u0142y dzieciaki, by\u0142a super.<\/p>\n<p><span style=\"color: #0000ff;\"><a style=\"color: #0000ff;\" href=\"https:\/\/photos.app.goo.gl\/obn22H7s1wxY6UwE7\" target=\"_blank\" rel=\"noopener noreferrer\"><strong>Zdj\u0119cia w galerii Google&gt;&gt;&gt;<\/strong><\/a><\/span><\/p>\n<p><strong>Tekst\/foto: <\/strong>S\u0142awek Chyli\u0144ski<\/p>\n","protected":false},"excerpt":{"rendered":"<p>24 stycznia w Grabinach zorganizowano zabaw\u0119 choinkow\u0105.<\/p>\n","protected":false},"author":1,"featured_media":0,"comment_status":"closed","ping_status":"closed","sticky":false,"template":"","format":"standard","meta":{"footnotes":""},"categories":[5,1752,1120],"tags":[2810,3011,2289],"class_list":["post-19901","post","type-post","status-publish","format-standard","hentry","category-newsy","category-edukacja","category-zespol-szkolno-przedszkolny-w-grabinach","tag-alina-lipka-chudzik","tag-zabawa-choinkowa-w-grabinach","tag-zespol-szkolno-przedszkolny-w-grabinach"],"views":3245,"_links":{"self":[{"href":"https:\/\/info.sadowne.pl\/index.php?rest_route=\/wp\/v2\/posts\/19901","targetHints":{"allow":["GET"]}}],"collection":[{"href":"https:\/\/info.sadowne.pl\/index.php?rest_route=\/wp\/v2\/posts"}],"about":[{"href":"https:\/\/info.sadowne.pl\/index.php?rest_route=\/wp\/v2\/types\/post"}],"author":[{"embeddable":true,"href":"https:\/\/info.sadowne.pl\/index.php?rest_route=\/wp\/v2\/users\/1"}],"replies":[{"embeddable":true,"href":"https:\/\/info.sadowne.pl\/index.php?rest_route=%2Fwp%2Fv2%2Fcomments&post=19901"}],"version-history":[{"count":1,"href":"https:\/\/info.sadowne.pl\/index.php?rest_route=\/wp\/v2\/posts\/19901\/revisions"}],"predecessor-version":[{"id":19903,"href":"https:\/\/info.sadowne.pl\/index.php?rest_route=\/wp\/v2\/posts\/19901\/revisions\/19903"}],"wp:attachment":[{"href":"https:\/\/info.sadowne.pl\/index.php?rest_route=%2Fwp%2Fv2%2Fmedia&parent=19901"}],"wp:term":[{"taxonomy":"category","embeddable":true,"href":"https:\/\/info.sadowne.pl\/index.php?rest_route=%2Fwp%2Fv2%2Fcategories&post=19901"},{"taxonomy":"post_tag","embeddable":true,"href":"https:\/\/info.sadowne.pl\/index.php?rest_route=%2Fwp%2Fv2%2Ftags&post=19901"}],"curies":[{"name":"wp","href":"https:\/\/api.w.org\/{rel}","templated":true}]}}