{"id":19911,"date":"2019-01-25T10:53:55","date_gmt":"2019-01-25T09:53:55","guid":{"rendered":"http:\/\/info.sadowne.pl\/?p=19911"},"modified":"2019-01-25T10:53:55","modified_gmt":"2019-01-25T09:53:55","slug":"spotkanie-z-policjantem-2","status":"publish","type":"post","link":"https:\/\/info.sadowne.pl\/?p=19911","title":{"rendered":"Spotkanie z policjantem"},"content":{"rendered":"<p><strong><img loading=\"lazy\" decoding=\"async\" class=\"alignleft size-thumbnail wp-image-19912\" src=\"http:\/\/info.sadowne.pl\/wp-content\/uploads\/2019\/01\/2019.01.25-1-180x130.jpg\" alt=\"\" width=\"180\" height=\"130\" \/>We wtorek 22 stycznia 2019 roku w Szkole Podstawowej w Sadownem odby\u0142o si\u0119 spotkanie m\u0142odzie\u017cy z przedstawicielem Komisariatu Policji w \u0141ochowie asp. szt. Waldemarem Siwieckim.<\/strong><!--more--><\/p>\n<p><strong>Celem wizyty by\u0142o przypomnienie zasad bezpiecze\u0144stwa podczas zimowego wypoczynku. <\/strong><\/p>\n<p>Podczas prelekcji uczniowie zostali poinformowani jakie niebezpiecze\u0144stwa nios\u0105 ze sob\u0105 zabawy na powietrzu w okresie zimowym (odmro\u017cenie, wych\u0142odzenie, zabawy na \u015bniegu w pobli\u017cu dr\u00f3g oraz przy zbiornikach wodnych). Dzieci i m\u0142odzie\u017c z naszej szko\u0142y zosta\u0142a poinstruowana jak udziela\u0107 pomocy osobie, kt\u00f3ra uleg\u0142a wypadkowi na skutek za\u0142amania si\u0119 powierzchni lodu. Om\u00f3wione zosta\u0142y zasady zachowania si\u0119 w przypadku kontaktu z osobami obcymi. Poruszono r\u00f3wnie\u017c tematy bezpiecze\u0144stwa w sieci oraz zjawiska przemocy. Z du\u017cym zainteresowaniem m\u0142odzie\u017c obejrza\u0142a ciekawe, tematyczne filmy.<\/p>\n<p>Ferie zbli\u017caj\u0105 si\u0119 wielkimi krokami. Jest to okres odpoczynku i beztroskiej zabawy dla naszych dzieci, ale pami\u0119tajmy, by sp\u0119dzi\u0107 je bezpiecznie \u2026.<\/p>\n<p>Dzi\u0119kujemy panu dzielnicowemu za po\u015bwi\u0119cony czas, a m\u0142odzie\u017cy naszej szko\u0142y \u017cyczymy udanych i bezpiecznych ferii 2019.<\/p>\n<p><strong>Rada Pedagogiczna Szko\u0142y Podstawowej w Sadownem<\/strong><\/p>\n\n\t\t<style type=\"text\/css\">\n\t\t\t#gallery-1 {\n\t\t\t\tmargin: auto;\n\t\t\t}\n\t\t\t#gallery-1 .gallery-item {\n\t\t\t\tfloat: left;\n\t\t\t\tmargin-top: 10px;\n\t\t\t\ttext-align: center;\n\t\t\t\twidth: 33%;\n\t\t\t}\n\t\t\t#gallery-1 img {\n\t\t\t\tborder: 2px solid #cfcfcf;\n\t\t\t}\n\t\t\t#gallery-1 .gallery-caption {\n\t\t\t\tmargin-left: 0;\n\t\t\t}\n\t\t\t\/* see gallery_shortcode() in wp-includes\/media.php *\/\n\t\t<\/style>\n\t\t<div id='gallery-1' class='gallery galleryid-19911 gallery-columns-3 gallery-size-thumbnail'><dl class='gallery-item'>\n\t\t\t<dt class='gallery-icon landscape'>\n\t\t\t\t<a href='https:\/\/info.sadowne.pl\/?attachment_id=19912'><img loading=\"lazy\" decoding=\"async\" width=\"180\" height=\"130\" src=\"https:\/\/info.sadowne.pl\/wp-content\/uploads\/2019\/01\/2019.01.25-1-180x130.jpg\" class=\"attachment-thumbnail size-thumbnail\" alt=\"\" \/><\/a>\n\t\t\t<\/dt><\/dl><dl class='gallery-item'>\n\t\t\t<dt class='gallery-icon landscape'>\n\t\t\t\t<a href='https:\/\/info.sadowne.pl\/?attachment_id=19913'><img loading=\"lazy\" decoding=\"async\" width=\"180\" height=\"130\" src=\"https:\/\/info.sadowne.pl\/wp-content\/uploads\/2019\/01\/2019.01.25-2-180x130.jpg\" class=\"attachment-thumbnail size-thumbnail\" alt=\"\" \/><\/a>\n\t\t\t<\/dt><\/dl><dl class='gallery-item'>\n\t\t\t<dt class='gallery-icon landscape'>\n\t\t\t\t<a href='https:\/\/info.sadowne.pl\/?attachment_id=19914'><img loading=\"lazy\" decoding=\"async\" width=\"180\" height=\"130\" src=\"https:\/\/info.sadowne.pl\/wp-content\/uploads\/2019\/01\/2019.01.25-3-180x130.jpg\" class=\"attachment-thumbnail size-thumbnail\" alt=\"\" \/><\/a>\n\t\t\t<\/dt><\/dl><br style=\"clear: both\" \/><dl class='gallery-item'>\n\t\t\t<dt class='gallery-icon landscape'>\n\t\t\t\t<a href='https:\/\/info.sadowne.pl\/?attachment_id=19915'><img loading=\"lazy\" decoding=\"async\" width=\"180\" height=\"130\" src=\"https:\/\/info.sadowne.pl\/wp-content\/uploads\/2019\/01\/2019.01.25-4-180x130.jpg\" class=\"attachment-thumbnail size-thumbnail\" alt=\"\" \/><\/a>\n\t\t\t<\/dt><\/dl><dl class='gallery-item'>\n\t\t\t<dt class='gallery-icon landscape'>\n\t\t\t\t<a href='https:\/\/info.sadowne.pl\/?attachment_id=19916'><img loading=\"lazy\" decoding=\"async\" width=\"180\" height=\"130\" src=\"https:\/\/info.sadowne.pl\/wp-content\/uploads\/2019\/01\/2019.01.25-5-180x130.jpg\" class=\"attachment-thumbnail size-thumbnail\" alt=\"\" \/><\/a>\n\t\t\t<\/dt><\/dl>\n\t\t\t<br style='clear: both' \/>\n\t\t<\/div>\n\n<p><strong>\u00a0\u00a0\u00a0\u00a0\u00a0\u00a0\u00a0\u00a0\u00a0\u00a0\u00a0\u00a0\u00a0\u00a0\u00a0\u00a0\u00a0\u00a0\u00a0\u00a0\u00a0\u00a0\u00a0\u00a0\u00a0\u00a0\u00a0\u00a0\u00a0\u00a0 <\/strong><\/p>\n","protected":false},"excerpt":{"rendered":"<p>We wtorek 22 stycznia 2019 roku w Szkole Podstawowej w Sadownem odby\u0142o si\u0119 spotkanie m\u0142odzie\u017cy z przedstawicielem Komisariatu Policji w \u0141ochowie asp. szt. Waldemarem Siwieckim.<\/p>\n","protected":false},"author":1,"featured_media":0,"comment_status":"closed","ping_status":"closed","sticky":false,"template":"","format":"standard","meta":{"footnotes":""},"categories":[5,1752,84],"tags":[284,16,3012],"class_list":["post-19911","post","type-post","status-publish","format-standard","hentry","category-newsy","category-edukacja","category-szkola-podstawowa-im-cz-wycecha","tag-spotkanie-z-policjantem","tag-szkola-podstawowa-w-sadownem","tag-waldemar-siwiecki"],"views":3152,"_links":{"self":[{"href":"https:\/\/info.sadowne.pl\/index.php?rest_route=\/wp\/v2\/posts\/19911","targetHints":{"allow":["GET"]}}],"collection":[{"href":"https:\/\/info.sadowne.pl\/index.php?rest_route=\/wp\/v2\/posts"}],"about":[{"href":"https:\/\/info.sadowne.pl\/index.php?rest_route=\/wp\/v2\/types\/post"}],"author":[{"embeddable":true,"href":"https:\/\/info.sadowne.pl\/index.php?rest_route=\/wp\/v2\/users\/1"}],"replies":[{"embeddable":true,"href":"https:\/\/info.sadowne.pl\/index.php?rest_route=%2Fwp%2Fv2%2Fcomments&post=19911"}],"version-history":[{"count":1,"href":"https:\/\/info.sadowne.pl\/index.php?rest_route=\/wp\/v2\/posts\/19911\/revisions"}],"predecessor-version":[{"id":19917,"href":"https:\/\/info.sadowne.pl\/index.php?rest_route=\/wp\/v2\/posts\/19911\/revisions\/19917"}],"wp:attachment":[{"href":"https:\/\/info.sadowne.pl\/index.php?rest_route=%2Fwp%2Fv2%2Fmedia&parent=19911"}],"wp:term":[{"taxonomy":"category","embeddable":true,"href":"https:\/\/info.sadowne.pl\/index.php?rest_route=%2Fwp%2Fv2%2Fcategories&post=19911"},{"taxonomy":"post_tag","embeddable":true,"href":"https:\/\/info.sadowne.pl\/index.php?rest_route=%2Fwp%2Fv2%2Ftags&post=19911"}],"curies":[{"name":"wp","href":"https:\/\/api.w.org\/{rel}","templated":true}]}}