{"id":19936,"date":"2019-01-29T17:20:40","date_gmt":"2019-01-29T16:20:40","guid":{"rendered":"http:\/\/info.sadowne.pl\/?p=19936"},"modified":"2019-01-29T17:20:40","modified_gmt":"2019-01-29T16:20:40","slug":"trasa-piesza-nr-3-w-sadownem","status":"publish","type":"post","link":"https:\/\/info.sadowne.pl\/?p=19936","title":{"rendered":"Trasa piesza nr 3 w Sadownem"},"content":{"rendered":"<p><strong><img loading=\"lazy\" decoding=\"async\" class=\"alignleft size-thumbnail wp-image-16320\" src=\"http:\/\/info.sadowne.pl\/wp-content\/uploads\/2017\/07\/2017.07.24.2-180x130.jpg\" alt=\"\" width=\"180\" height=\"130\" \/>Trzeci spacer musi by\u0107 do \u201ekorzeni\u201d Sadownego, tam gdzie by\u0142 pocz\u0105tek &#8211; czyli na ul. Wiejsk\u0105.<\/strong><!--more--><\/p>\n<p>W 1514 r. Warszawska Kapitu\u0142a \u015bw. Jana Chrzciciela da\u0142a w\u00f3jtowi dwie w\u0142\u00f3ki ziemi (ok. 36 ha) i 20 lat \u201ewolnizny\u201d, by tu w\u0142a\u015bnie powsta\u0142a wie\u015b \u201ena surowym korzeniu\u201d.<\/p>\n<p>Ten \u015bci\u0105gn\u0105\u0142 ze sob\u0105 jeszcze 10. osadnik\u00f3w i w miejscu dogodnym do \u201esadowienia\u201d przez lata \u201ewolnizny\u201d puszcz\u0119 zmienili na ok. 400. ha kompleks p\u00f3l i \u0142\u0105k. Jak si\u0119 nazywali pierwsi osadnicy, czy ich nazwiska i dzi\u015b s\u0105 tu znane i czy wcze\u015bniej na terenie Sadownego by\u0142o jakie\u015b osadnictwo? \u2013 trudno stwierdzi\u0107. Nawet, je\u015bli w innych miejscach osadnictwo by\u0142o, to niewielkie, mo\u017ce gdzie\u015b na Ku\u017anicy, Majdanie czy Draku, bo tam wylewy Bugu nie dochodzi\u0142y?<\/p>\n<p><img loading=\"lazy\" decoding=\"async\" class=\"aligncenter size-full wp-image-19937\" src=\"http:\/\/info.sadowne.pl\/wp-content\/uploads\/2019\/01\/2019.01.27-10.jpg\" alt=\"\" width=\"480\" height=\"327\" srcset=\"https:\/\/info.sadowne.pl\/wp-content\/uploads\/2019\/01\/2019.01.27-10.jpg 480w, https:\/\/info.sadowne.pl\/wp-content\/uploads\/2019\/01\/2019.01.27-10-300x204.jpg 300w\" sizes=\"auto, (max-width: 480px) 100vw, 480px\" \/><\/p>\n<p><strong>Mapa na stronie <\/strong><span style=\"color: #0000ff;\"><strong><a style=\"color: #0000ff;\" href=\"https:\/\/www.mapfab.com\/map\/25U\/Sadowne-trasa-piesza-nr-3\" target=\"_blank\" rel=\"noopener noreferrer\">https:\/\/www.MapFab.com\/map\/25U\/Sadowne-trasa-piesza-nr-3<\/a><\/strong><\/span><\/p>\n<p><a href=\"http:\/\/info.sadowne.pl\/wp-content\/uploads\/2019\/01\/2019.01.27-1.jpg\" target=\"_blank\" rel=\"noopener noreferrer\"><img loading=\"lazy\" decoding=\"async\" class=\"alignright wp-image-19938 size-thumbnail\" src=\"http:\/\/info.sadowne.pl\/wp-content\/uploads\/2019\/01\/2019.01.27-1-180x130.jpg\" alt=\"\" width=\"180\" height=\"130\" \/><\/a>Ale nim dojdziemy \u201ena Wie\u015b\u201d, najpierw z GOK-u przejd\u017amy ostro\u017cnie na drug\u0105 stron\u0119 ul. Ko\u015bciuszki i udajmy si\u0119 ni\u0105 w prawo ku p\u00f3\u0142nocy. Szybko zorientujemy si\u0119, \u017ce to centrum nie tylko osady, ale ca\u0142ej gminy. Niemal bowiem we wszystkich budynkach s\u0105 jakie\u015b sklepiki, punkty us\u0142ugowe czy instytucje. Ju\u017c na rogu z Piekarsk\u0105, w podw\u00f3rku, salon kosmetyczny, dalej du\u017cy spo\u017cywczy market \u201eRobert\u201d z obszernym parkingiem. Do niego Gosia z Robertem \u015bci\u0105gaj\u0105 m.in. \u015bwietne w\u0119dliny, \u015bwie\u017ce warzywa, owoce, ciasta itp. A po drugiej stronie ulicy samoobs\u0142ugowy sklep spo\u017cywczy p. Rysia m.in. z cukierni\u0105, w\u0142asnymi wypiekami i lodami.<\/p>\n<p>Zaledwie dwa budynki dalej \u201eSAD-POL 2\u201d ze wszystkimi drobiazgami co do domu potrzebne. Za nim mi\u0119sny sklep Z. M. \u201dJad\u00f3w\u201d, a obok ciuszki dla dzieci i nie tylko. A naprzeciwko kolejny \u201espo\u017cywczak\u201d, pod patronatem JBB \u0141yse, tam dawniej by\u0142a piekarnia, za nim Poczta, gdzie kiedy\u015b by\u0142 sklep \u201e\u017celazny\u201d.<\/p>\n<p>Tak doszli\u015bmy do skrzy\u017cowania z Sosnow\u0105 i Targow\u0105. Nim przejdziemy ostro\u017cnie ulic\u0119 Sosnow\u0105 (starsi pami\u0119taj\u0105 wiekowe sosny, co na \u015brodku niej porasta\u0142y sobie i ust\u0105pi\u0107 musia\u0142y pola asfaltowi), zwr\u00f3\u0107my uwag\u0119 nieco w g\u0142\u0105b na sklepik z r\u00f3\u017cno\u015bciami (\u201ewszystko po 5 z\u0142 i nie tylko\u201d), w kt\u00f3rym mo\u017cna te\u017c wykupi\u0107 zezwolenia w\u0119dkarskie.<\/p>\n<p><a href=\"http:\/\/info.sadowne.pl\/wp-content\/uploads\/2019\/01\/2019.01.27-2.jpg\" target=\"_blank\" rel=\"noopener noreferrer\"><img loading=\"lazy\" decoding=\"async\" class=\"alignleft wp-image-19939 size-thumbnail\" src=\"http:\/\/info.sadowne.pl\/wp-content\/uploads\/2019\/01\/2019.01.27-2-180x130.jpg\" alt=\"\" width=\"180\" height=\"130\" \/><\/a>A naprzeciwko Sosnowej w\u0105ska Targowa, w kt\u00f3r\u0105 ledwie mieszcz\u0105 si\u0119 auta zmierzaj\u0105ce do\u201d SAD-POLU\u201d po wszelkie budowlane i przemys\u0142owe artyku\u0142y. Na rogu Ko\u015bciuszki i Targowej kolejne delikatesy mi\u0119sne Z.M. \u201eSomianka\u201e. Za nimi sklep z artyku\u0142ami motoryzacyjnymi i pusty plac po piekarni Cie\u015bli\u0144skich.<\/p>\n<p>A my ju\u017c przechodzimy przy sklepiku \u201eKarinka\u201d, gdzie g\u0142\u00f3wnie bielizna. Na du\u017cym podw\u00f3rku, w g\u0142\u0119bi przy granicy dzia\u0142ek, niewielki domek szczytem ustawiony do ulicy. Tam kilkadziesi\u0105t lat temu, przed II wojn\u0105, by\u0142a kawiarnia, a jeszcze po wojnie lodziarnia.<\/p>\n<p>Nast\u0119pnie mijamy kolejne mi\u0119sne delikatesy \u201eGETMOR\u201d i dochodzimy chyba do najlepiej zachowanego w Sadownem domu z drewna, obecnie kwiaciarni, a poprzednio gospody, geesowskiej \u201ePodlasianki\u201d, a jeszcze wcze\u015bniej restauracji Che\u0142chowskich. Naprzeciwko niej w dawnej \u201eAgronom\u00f3wce\u201d kolejny spo\u017cywczak \u201eGroszek\u201d, w kt\u00f3rym m.in. w\u0119dliny jak swojskie.<\/p>\n<p>Za nim Bank Sp\u00f3\u0142dzielczy i Urz\u0105d Gminy. My miniemy jeszcze sklep z drobiazgami, zabawkami i pras\u0105, dojdziemy do zadbanego Zajazdu \u201eZa\u015bcianek Nowy Styl\u201d z ofert\u0105 kulinarn\u0105 i sypialn\u0105, po\u0142o\u017conego przed nim kolejnego sklepu motoryzacyjnego, gdzie niegdy\u015b by\u0142y biura GS-u. Za nim \u201eCiuchland\u201d, myjnia samochodowa i kolejny du\u017cy market \u201eTopaz\u201d z parkingiem.<\/p>\n<p><a href=\"http:\/\/info.sadowne.pl\/wp-content\/uploads\/2019\/01\/2019.01.27-3.jpg\" target=\"_blank\" rel=\"noopener noreferrer\"><img loading=\"lazy\" decoding=\"async\" class=\"alignright wp-image-19940 size-thumbnail\" src=\"http:\/\/info.sadowne.pl\/wp-content\/uploads\/2019\/01\/2019.01.27-3-180x130.jpg\" alt=\"\" width=\"180\" height=\"130\" \/><\/a>Po drugiej stronie ulicy, ju\u017c za Gmin\u0105 ujrzymy nasz Ko\u015bci\u00f3\u0142, skwer przed nim i parking. Jeszcze w ub. roku parking we wtorki i pi\u0105tki przeistacza\u0142 si\u0119 w wiejskie targowisko, teraz te dni obwo\u017any handel odbywa si\u0119 na \u201enowym rynku\u201d za Ko\u015bcio\u0142em. Przy ko\u0144cu skwerku zauwa\u017cymy jeszcze odrestaurowany pomnik Tadeusza Ko\u015bciuszki \u2013 <span style=\"color: #0000ff;\"><a style=\"color: #0000ff;\" href=\"https:\/\/photos.app.goo.gl\/mqwqSqFXzivXDDFF6\" target=\"_blank\" rel=\"noopener noreferrer\"><strong>wi\u0119cej&gt;&gt;&gt;<\/strong><\/a><\/span><\/p>\n<p>Skr\u0119camy w lewo i lekko pod g\u00f3rk\u0119 dochodzimy do ruchliwej krajowej trasy nr 50. Tu pulsuj\u0105ce \u015bwiat\u0142o i pasy pozwalaj\u0105 w ko\u0144cu na bezpieczne jej przej\u015bcie.<\/p>\n<p><a href=\"http:\/\/info.sadowne.pl\/wp-content\/uploads\/2019\/01\/2019.01.27-4.jpg\" target=\"_blank\" rel=\"noopener noreferrer\"><img loading=\"lazy\" decoding=\"async\" class=\"alignleft wp-image-19941 size-thumbnail\" src=\"http:\/\/info.sadowne.pl\/wp-content\/uploads\/2019\/01\/2019.01.27-4-180x130.jpg\" alt=\"\" width=\"180\" height=\"130\" \/><\/a>Ale zr\u00f3bmy to ostro\u017cnie, bo wypadk\u00f3w drogowych w tym miejscu by\u0142o mn\u00f3stwo. Po przej\u015bciu pasami te\u017c nie tra\u0107my uwagi, bo chodnika tu ju\u017c nie u\u015bwiadczysz. Uwaga: chodzimy \u201elewa stron\u0105\u201d, bo tu tylko pobocze jezdni.<\/p>\n<p>Schodz\u0105c nieco w d\u00f3\u0142 ul. Wiejsk\u0105 po lewej miniemy mieszcz\u0105cy si\u0119 w podpiwniczeniu domu jedyny sklep \u201eMetalowy\u201d, gdzie m.in. mn\u00f3stwo cz\u0119\u015bci do wszelakich rower\u00f3w i ju\u017c spr\u00f3bujmy w\u015br\u00f3d dziesi\u0105tk\u00f3w mijanych domostw odnale\u017a\u0107 \u015blady rolniczego charakteru ulicy. Parafrazuj\u0105c mo\u017cna rzec, \u017ce sprawd\u017amy \u201eile wsi jest jeszcze na Wiejskiej\u201d. Przez ponad 400 lat nieprzerwanie zamieszkiwa\u0142y tu rodziny utrzymuj\u0105ce si\u0119 wy\u0142\u0105cznie z rolnictwa. Nie by\u0142o tu sklep\u00f3w, punkt\u00f3w us\u0142ugowych, urz\u0119du \u2013 pr\u00f3cz So\u0142tysa, co zawsze w Sadownem by\u0142 z Wiejskiej. Za to by\u0142a tradycja, zwyczaje, przekazywane z pokolenia na pokolenie opowie\u015bci. I &#8211; jak to na wsi, \u017cycie toczy\u0142o si\u0119 zgodnie z rytmem przyrody, za to okazji do wsp\u00f3lnej pracy, spotka\u0144 i zabawy by\u0142o co niemiara: t\u0142\u00f3ki, m\u0142ocki, kopanie, prz\u0119dzenie owczej we\u0142ny czy tkanie p\u0142\u00f3cien z lnu skupia\u0142o rodziny i s\u0105siad\u00f3w. A po wsp\u00f3lnej pracy obowi\u0105zkowo by\u0142 pocz\u0119stunek i zabawa, a potem odrobek\u2026.<\/p>\n<p><a href=\"http:\/\/info.sadowne.pl\/wp-content\/uploads\/2019\/01\/2019.01.27-5.jpg\" target=\"_blank\" rel=\"noopener noreferrer\"><img loading=\"lazy\" decoding=\"async\" class=\"alignright wp-image-19942 size-thumbnail\" src=\"http:\/\/info.sadowne.pl\/wp-content\/uploads\/2019\/01\/2019.01.27-5-180x130.jpg\" alt=\"\" width=\"180\" height=\"130\" \/><\/a>Ile z tego zosta\u0142o? Trudno powiedzie\u0107, ale je\u015bli co\u015b z tradycji zosta\u0142o w Sadownem, to g\u0142\u00f3wnie na Wiejskiej. Tylko tu jakby \u201edzieci gorszego boga\u201d mieszka\u0142y, bo dom przy domu, wszystkie zamieszka\u0142e, a i po prawej stronie ulicy te\u017c domostwa, du\u017co ledwie zasiedlonych, nic \u201ena sprzeda\u017c\u201d. A spacerowa\u0107 troch\u0119 ci\u0119\u017cko, chce si\u0119 i\u015b\u0107 po r\u00f3wnym, utwardzonym bruku, a tu wyboiste pobocza po ledwie sko\u0144czonej kanalizacji, na asfalcie ruch pojazd\u00f3w du\u017cy, blisko p\u0142oty za przydro\u017cnym rowem. Przeje\u017cd\u017caj\u0105cy autami te\u017c nie zwa\u017caj\u0105, \u017ce tu jeszcze pr\u0119dko\u015bci rozwija\u0107 nie mo\u017cna, tylko p\u0119dz\u0105 to \u015bpiesz\u0105c si\u0119 \u201edo Sadownego\u201d, to z niego wracaj\u0105c ze sprawunkami. Za to za p\u0142otkami zadbane posesje, wi\u0119kszo\u015b\u0107 taka jakby jeszcze rolnicza, bo za parterowymi domami z niewielkimi ogr\u00f3dkami, obszerniejsze podw\u00f3rza z lini\u0105 stod\u00f3\u0142 od po\u0142udniowych p\u00f3l, co ci\u0105gn\u0105 si\u0119 a\u017c do lasu, kryj\u0105cego domostwa ul. Gaj.<\/p>\n<p><a href=\"http:\/\/info.sadowne.pl\/wp-content\/uploads\/2019\/01\/2019.01.27-6.jpg\" target=\"_blank\" rel=\"noopener noreferrer\"><img loading=\"lazy\" decoding=\"async\" class=\"alignleft wp-image-19943 size-thumbnail\" src=\"http:\/\/info.sadowne.pl\/wp-content\/uploads\/2019\/01\/2019.01.27-6-180x130.jpg\" alt=\"\" width=\"180\" height=\"130\" \/><\/a>Ale \u201ekonia z rz\u0119dem\u201d temu, co na tych podw\u00f3rkach dojrzy konia, cho\u0107by krow\u0119, czy nawet dr\u00f3b. Za to \u201ekoni mechanicznych\u201d \u2013 tych osobowych, r\u00f3\u017cnych marek, jak wsz\u0119dzie pe\u0142no. Bo \u201eWiejska\u201d nie wymiera, ci\u0105gle przybywaj\u0105 nowe domy, teraz g\u0142\u00f3wnie po prawej, nieco ni\u017cej po\u0142o\u017conej stronie ulicy, albo na \u201ezastodolu\u201d, bo dogodnego miejsca przy samej drodze brak. Opr\u00f3cz stod\u00f3\u0142 zachowane murowane chlewy, szopy, gara\u017ce. Jednak gdzieniegdzie tylko rolniczy ci\u0105gnik, a w\u0105sko\u015b\u0107 dzia\u0142ek, co po kilometr d\u0142ugo\u015bci maj\u0105, \u015bwiadczy o du\u017cym rozdrobnieniu gospodarstw, bo w\u0142\u00f3ki dzielili na morgi, miedze by\u0142y coraz g\u0119\u015bciej, a nowych p\u00f3l nie przybywa\u0142o.<\/p>\n<p><a href=\"http:\/\/info.sadowne.pl\/wp-content\/uploads\/2019\/01\/2019.01.27-7.jpg\" target=\"_blank\" rel=\"noopener noreferrer\"><img loading=\"lazy\" decoding=\"async\" class=\"alignright wp-image-19944 size-thumbnail\" src=\"http:\/\/info.sadowne.pl\/wp-content\/uploads\/2019\/01\/2019.01.27-7-180x130.jpg\" alt=\"\" width=\"180\" height=\"130\" \/><\/a>W\u015br\u00f3d mijanych posesji z pewno\u015bci\u0105 dostrze\u017cemy i te \u201enierolnicze\u201d, gdzie tylko g\u0142\u00f3wnie nowe, parterowe domki i gara\u017ce, ale spr\u00f3bujmy odnale\u017a\u0107 pozosta\u0142e jeszcze miejscami oddzielne, obszerne piwnice, kt\u00f3rych tylko p\u00f3\u0142okr\u0105g\u0142e czapy wystaj\u0105 ponad grunt, mo\u017ce studnie z czerpan\u0105 wod\u0105, urokliw\u0105 kapliczk\u0119, no i drewniane jeszcze, g\u0142\u00f3wnie ju\u017c powojenne domki, kt\u00f3rych kilka ocala\u0142o. Tak po oko\u0142o kilometrze sko\u0144czy nam si\u0119 Wiejska. Mimo i\u017c ci\u0105g\u0142o\u015b\u0107 zabudowa\u0144 jest nadal nieprzerwana, to znaki przy drodze poinformuj\u0105, \u017ce dalej z jednej strony ju\u017c Oci\u0119te, a z prawej Sojk\u00f3wek \u2013 <span style=\"color: #0000ff;\"><a style=\"color: #0000ff;\" href=\"https:\/\/photos.app.goo.gl\/rvSWAMrBDErF5kJh6\" target=\"_blank\" rel=\"noopener noreferrer\"><strong>wi\u0119cej&gt;&gt;&gt;<\/strong><\/a><\/span><\/p>\n<p><a href=\"http:\/\/info.sadowne.pl\/wp-content\/uploads\/2019\/01\/2019.01.27-8.jpg\" target=\"_blank\" rel=\"noopener noreferrer\"><img loading=\"lazy\" decoding=\"async\" class=\"alignleft wp-image-19945 size-thumbnail\" src=\"http:\/\/info.sadowne.pl\/wp-content\/uploads\/2019\/01\/2019.01.27-8-180x130.jpg\" alt=\"\" width=\"180\" height=\"130\" \/><\/a>Zawr\u00f3\u0107my wi\u0119c w tym &#8222;miejscu&#8221;, przechodz\u0105c przez jezdni\u0119, by zn\u00f3w lew\u0105 jej stron\u0105 wraca\u0107 \u201epod Ko\u015bci\u00f3\u0142\u201d. Musimy wr\u00f3ci\u0107 t\u0105 tras\u0105, bo brak jest dogodnych dla spacer\u00f3w po\u0142\u0105cze\u0144 drogowych np. z biegn\u0105cym do Wilczog\u0105b na p\u00f3\u0142nocy asfaltem czy ulic\u0105 Gaj o nawierzchni gruntowej na po\u0142udniu.<\/p>\n<p>Ju\u017c po chwili nasz\u0105 uwag\u0119 zwr\u00f3ci drewniany wynios\u0142y, przydro\u017cny krzy\u017c z p\u0142askorze\u017ab\u0105 Ukrzy\u017cowanego i ni\u017cej stopy. Id\u0105c dalej spr\u00f3bujmy odnale\u017a\u0107 gdzie\u015b \u201estrzech\u0119\u201d, dach jakiegokolwiek zabudowania pokryty s\u0142om\u0105. Wyniku poszukiwa\u0144 nie zdradzamy. A wracaj\u0105c zauwa\u017cymy z lewej, \u017ce kilka mijanych posesji ma jeszcze rolniczy charakter z zabudowaniami gospodarczymi, a dalej nowe zabudowania zamieszkuj\u0105 osoby nieutrzymuj\u0105ce si\u0119 z pracy w rolnictwie. Dostrze\u017cemy te\u017c, \u017ce ta p\u00f3\u0142nocna strona Wiejskiej le\u017cy nieco ni\u017cej, st\u0105d \u201eparowy\u201d poro\u015bni\u0119te olszyn\u0105, poprzecinane niewysokimi groblami umo\u017cliwiaj\u0105cymi przejazd do p\u00f3l ci\u0105gn\u0105cych si\u0119 nad Bojewk\u0119 i \u201eKlin\u201d przy drodze do Wilczog\u0105b. \u00a0Wiosn\u0105 \u201ekwitn\u0105\u201d biel\u0105 zawilc\u00f3w i \u017c\u00f3\u0142ci\u0105 kacze\u0144cy, jesieni\u0105 stoi w nich woda.<\/p>\n<p>Wracaj\u0105c do \u201eszosy\u201d \u2013 krajowej \u201e50\u201d pomy\u015blimy, \u017ce poznali\u015bmy ca\u0142\u0105 Wiejsk\u0105, tymczasem do niej nale\u017c\u0105 i zabudowania przy wspomnianej drodze do Wilczog\u0105b i na K\u0119pie przy I-szym mo\u015bcie i za Placem Ko\u015bcielnym a\u017c do mostku na Bojewce za cmentarzem, bo Sadowne przy Wiejskiej powsta\u0142o. Teraz to droga powiatowa, niech wi\u0119c b\u0119dzie takim \u201epapierkiem lakmusowym\u201d, co wyka\u017ce jak dobra jest wsp\u00f3\u0142praca Powiatu i Gminy, kt\u00f3rej wynikiem b\u0119dzie szybkie powstanie ci\u0105gu pieszo-rowerowego z jednej strony ulicy Wiejskiej i w\u0119\u017cszego chodnika z drugiej jej strony. Paradoksem jest bowiem, \u017ce najbezpieczniej tu porusza\u0107 si\u0119 samochodem, cho\u0107 st\u0105d zaledwie kilkaset metr\u00f3w do ko\u015bcio\u0142a, sklep\u00f3w czy szk\u00f3\u0142, to najlepiej jecha\u0107, mo\u017ce i najwygodniej, ale nie najzdrowiej.<\/p>\n<p>Przekraczaj\u0105c 50. zn\u00f3w wzm\u00f3\u017cmy uwag\u0119. Zach\u0119ciliby\u015bmy Was do kolejnego przej\u015bcia kawa\u0142ka spaceru wzd\u0142u\u017c tej krajowej trasy, tak do Sosnowej czy Mazowieckiej, bo z wysoko\u015bci nasypu widok na centrum wsi pe\u0142niejszy, ale tu, mimo i\u017c pobocze szersze, to ruch pojazd\u00f3w zwielokrotniony i nara\u017ca\u0107 na kolejne niebezpiecze\u0144stwa nie wypada. St\u0105d spokojniej, wolno zejd\u017amy ku ul. Ko\u015bciuszki. Po lewej, za skrzy\u017cowaniem zabudowania Probostwa, co nied\u0142ugo te\u017c ju\u017c 500 lat historii mie\u0107 b\u0119dzie, a my przejd\u017amy ku pomnikowi Tadeusza Ko\u015bciuszki, wejd\u017amy na skwerek i si\u0105d\u017amy na jeden z \u0142awek, by w spokoju utrwali\u0107 kr\u00f3tki, ale chyba te\u017c ciekawy spacerek &#8211; <span style=\"color: #0000ff;\"><a style=\"color: #0000ff;\" href=\"https:\/\/photos.google.com\/share\/AF1QipNidkY_7YL48FFCB2JIa6InMfmdp_Hg8ej2gTJQ8ebAU-6DbhL9SHrZb38OyV2IgA?key=Y1hfaWN3X2hNeGhscm95RVJnVGFFb1BhdHlqdjZn\" target=\"_blank\" rel=\"noopener noreferrer\"><strong>wi\u0119cej&gt;&gt;&gt;<\/strong><\/a><\/span><\/p>\n<p>Po odpoczynku ruszmy przez parking, obok Remizy, Gminy, Banku, sklep\u00f3w ku GOK-owi. Przeszli\u015bmy tylko nieco ponad 3 kilometry, ale chyba refleksji nazbiera\u0142o si\u0119 tyle, jakby\u015bmy przew\u0119drowali du\u017co, du\u017co wi\u0119cej\u2026..<\/p>\n<p><img loading=\"lazy\" decoding=\"async\" class=\"aligncenter size-full wp-image-19946\" src=\"http:\/\/info.sadowne.pl\/wp-content\/uploads\/2019\/01\/2019.01.27-9.jpg\" alt=\"\" width=\"250\" height=\"250\" \/><\/p>\n<p><strong>Tekst:<\/strong> RW<\/p>\n<p><strong>Foto: <\/strong>S\u0142awek Chyli\u0144ski\/Ewa Pi\u00f3rkowska<\/p>\n","protected":false},"excerpt":{"rendered":"<p>Trzeci spacer musi by\u0107 do \u201ekorzeni\u201d Sadownego, tam gdzie by\u0142 pocz\u0105tek &#8211; czyli na ul. Wiejsk\u0105.<\/p>\n","protected":false},"author":1,"featured_media":0,"comment_status":"closed","ping_status":"closed","sticky":false,"template":"","format":"standard","meta":{"footnotes":""},"categories":[5,906,7,2962],"tags":[907,2940,3017,2939],"class_list":["post-19936","post","type-post","status-publish","format-standard","hentry","category-newsy","category-rekreacja","category-sport","category-trasy-piesze","tag-rekreacja-2","tag-sadowienskie-spacery","tag-trasa-piesza-nr-3-w-sadownem","tag-trasy-piesze-sadownego"],"views":3175,"_links":{"self":[{"href":"https:\/\/info.sadowne.pl\/index.php?rest_route=\/wp\/v2\/posts\/19936","targetHints":{"allow":["GET"]}}],"collection":[{"href":"https:\/\/info.sadowne.pl\/index.php?rest_route=\/wp\/v2\/posts"}],"about":[{"href":"https:\/\/info.sadowne.pl\/index.php?rest_route=\/wp\/v2\/types\/post"}],"author":[{"embeddable":true,"href":"https:\/\/info.sadowne.pl\/index.php?rest_route=\/wp\/v2\/users\/1"}],"replies":[{"embeddable":true,"href":"https:\/\/info.sadowne.pl\/index.php?rest_route=%2Fwp%2Fv2%2Fcomments&post=19936"}],"version-history":[{"count":1,"href":"https:\/\/info.sadowne.pl\/index.php?rest_route=\/wp\/v2\/posts\/19936\/revisions"}],"predecessor-version":[{"id":19947,"href":"https:\/\/info.sadowne.pl\/index.php?rest_route=\/wp\/v2\/posts\/19936\/revisions\/19947"}],"wp:attachment":[{"href":"https:\/\/info.sadowne.pl\/index.php?rest_route=%2Fwp%2Fv2%2Fmedia&parent=19936"}],"wp:term":[{"taxonomy":"category","embeddable":true,"href":"https:\/\/info.sadowne.pl\/index.php?rest_route=%2Fwp%2Fv2%2Fcategories&post=19936"},{"taxonomy":"post_tag","embeddable":true,"href":"https:\/\/info.sadowne.pl\/index.php?rest_route=%2Fwp%2Fv2%2Ftags&post=19936"}],"curies":[{"name":"wp","href":"https:\/\/api.w.org\/{rel}","templated":true}]}}