{"id":19973,"date":"2019-02-03T17:49:24","date_gmt":"2019-02-03T16:49:24","guid":{"rendered":"http:\/\/info.sadowne.pl\/?p=19973"},"modified":"2019-02-03T17:49:24","modified_gmt":"2019-02-03T16:49:24","slug":"ania-wywalczyla-torcik-wedla-smacznego","status":"publish","type":"post","link":"https:\/\/info.sadowne.pl\/?p=19973","title":{"rendered":"Ania wywalczy\u0142a Torcik Wedla! Smacznego!"},"content":{"rendered":"<p><strong><img loading=\"lazy\" decoding=\"async\" class=\"alignleft size-thumbnail wp-image-19980\" src=\"http:\/\/info.sadowne.pl\/wp-content\/uploads\/2019\/02\/2019.02.03.27-180x130.jpg\" alt=\"\" width=\"180\" height=\"130\" \/>14. Bieg Wedla odby\u0142 si\u0119 w sobot\u0119 3 lutego w warszawskim Parku Skaryszewskim. R\u0119cznie dekorowany firmowy torcik za I miejsce w\u015br\u00f3d kobiet trafi\u0142 do Ani Szyszki.<\/strong><!--more--><\/p>\n<p>Jak podaje Portal Festiwal Biegowy, 14. Bieg Wedla na dystansie 9 km zaliczany jest do Ligi Festiwalu Bieg\u00f3w w klasyfikacji Najlepszy Biegacz \u201e5-10-15. W biegu tym 3 lutego w Warszawie w\u015br\u00f3d pa\u0144 na 9 km najlepsza okaza\u0142a si\u0119\u00a0Anna Szyszka, kompletuj\u0105c klasycznego hattricka w imprezie. Maratonka od pocz\u0105tku utrzymywa\u0142a si\u0119 na czwartej pozycji open i jak przyzna\u0142a, chcia\u0142a bardzo awansowa\u0107 o jedno miejsce. Zabrak\u0142o jednak 13 sekund. Met\u0119 min\u0119\u0142a z czasem 32:57, co jest jej najlepszym wynikiem uzyskanym w Biegu Wedla.<\/p>\n<p><em>\u2013 Trzecia wygrana i zn\u00f3w du\u017co s\u0142odyczy! To na pewno jest jeden z powod\u00f3w, dla kt\u00f3rego tu biegam. Przez tydzie\u0144 b\u0119d\u0119 co\u015b przynosi\u0142a do pracy!<\/em> (\u015bmiech) \u2013 promienia\u0142a optymizmem Anna Szyszka. \u2013 <em>Troch\u0119 ba\u0142am si\u0119, \u017ce b\u0119dzie zimno i \u015blisko, ale by\u0142o super. Minusem by\u0142y tylko dwa ostatnie okr\u0105\u017cenia, gdy by\u0142y problemy z dublowaniem, ale tak to poza tym nie ma si\u0119 do czego przyczepi\u0107. Zreszt\u0105 ludzie stoj\u0105cy obok krzyczeli zr\u00f3bcie miejsce, bo pani biegnie. To by\u0142o mi\u0142e&#8230; Chcia\u0142am dogoni\u0107 pana, kt\u00f3ry by\u0142 trzeci, ale si\u0119 nie uda\u0142o. Straci\u0142am go te\u017c troch\u0119 z oczu w t\u0142umie&#8230;<\/em> \u2013 relacjonowa\u0142a biegaczka.<\/p>\n<p>Anna nie wyklucza, \u017ce w tym roku wreszcie wystartuje w Krynicy-Zdroju, w \u017byciowej Dziesi\u0105tce. Pakiet startowy ju\u017c ma. P\u00f3ki co jednak przygotowuje si\u0119 do wiosennego maratonu, ale nie chce zdradzi\u0107 lokalizacji biegu. Wyklucza jednak udzia\u0142 w Mistrzostwach Polski w D\u0119bnie.<\/p>\n<p><em>\u2013 Mam nadziej\u0119, \u017ce w ko\u0144cu uda mi si\u0119 wystartowa\u0107 w \u017byciowej Dziesi\u0105tce, bo wiele os\u00f3b poleca mi ten bieg. Zobaczymy jak u\u0142o\u017c\u0105 si\u0119 starty we wrze\u015bniu. P\u00f3ki co my\u015bl\u0119 o wio\u015bnie. Nie chc\u0119 \u017ale zabrzmie\u0107, ale mam ju\u017c dwa medale mistrzostw Polski i to mi wystarczy. Celuje teraz w wynik<\/em> \u2013 podkre\u015bli\u0142a wicemistrzyni Polski w maratonie i p\u00f3\u0142maratonie.<\/p>\n<p><strong>Tak pokr\u00f3tce o tym Biegu. Gratulujemy Pani Ani kolejnego sukcesu i czekamy na wi\u0119cej, \u00a0a relacja z tej imprezy sportowej dost\u0119pna jest na stronie <span style=\"color: #0000ff;\"><a style=\"color: #0000ff;\" href=\"http:\/\/www.festiwalbiegowy.pl\/biegajacy-swiat\/14-bieg-wedla-szyszka-i-kopec-lasuchy-z-monopolem-na-wygrywanie-duzo-zdjec#.XFcOAFVKjIW\" target=\"_blank\" rel=\"noopener noreferrer\">http:\/\/www.festiwalbiegowy.pl\/biegajacy-swiat\/14-bieg-wedla-szyszka-i-kopec-lasuchy-z-monopolem-na-wygrywanie-duzo-zdjec#.XFcOAFVKjIW<\/a>. <span style=\"color: #000000;\">Polecamy!<\/span><\/span><\/strong><\/p>\n\n\t\t<style type=\"text\/css\">\n\t\t\t#gallery-1 {\n\t\t\t\tmargin: auto;\n\t\t\t}\n\t\t\t#gallery-1 .gallery-item {\n\t\t\t\tfloat: left;\n\t\t\t\tmargin-top: 10px;\n\t\t\t\ttext-align: center;\n\t\t\t\twidth: 33%;\n\t\t\t}\n\t\t\t#gallery-1 img {\n\t\t\t\tborder: 2px solid #cfcfcf;\n\t\t\t}\n\t\t\t#gallery-1 .gallery-caption {\n\t\t\t\tmargin-left: 0;\n\t\t\t}\n\t\t\t\/* see gallery_shortcode() in wp-includes\/media.php *\/\n\t\t<\/style>\n\t\t<div id='gallery-1' class='gallery galleryid-19973 gallery-columns-3 gallery-size-thumbnail'><dl class='gallery-item'>\n\t\t\t<dt class='gallery-icon landscape'>\n\t\t\t\t<a href='https:\/\/info.sadowne.pl\/?attachment_id=19974'><img loading=\"lazy\" decoding=\"async\" width=\"180\" height=\"130\" src=\"https:\/\/info.sadowne.pl\/wp-content\/uploads\/2019\/02\/2019.02.03.21-180x130.jpg\" class=\"attachment-thumbnail size-thumbnail\" alt=\"\" \/><\/a>\n\t\t\t<\/dt><\/dl><dl class='gallery-item'>\n\t\t\t<dt class='gallery-icon landscape'>\n\t\t\t\t<a href='https:\/\/info.sadowne.pl\/?attachment_id=19975'><img loading=\"lazy\" decoding=\"async\" width=\"180\" height=\"130\" src=\"https:\/\/info.sadowne.pl\/wp-content\/uploads\/2019\/02\/2019.02.03.22-180x130.jpg\" class=\"attachment-thumbnail size-thumbnail\" alt=\"\" \/><\/a>\n\t\t\t<\/dt><\/dl><dl class='gallery-item'>\n\t\t\t<dt class='gallery-icon landscape'>\n\t\t\t\t<a href='https:\/\/info.sadowne.pl\/?attachment_id=19976'><img loading=\"lazy\" decoding=\"async\" width=\"180\" height=\"130\" src=\"https:\/\/info.sadowne.pl\/wp-content\/uploads\/2019\/02\/2019.02.03.23-180x130.jpg\" class=\"attachment-thumbnail size-thumbnail\" alt=\"\" \/><\/a>\n\t\t\t<\/dt><\/dl><br style=\"clear: both\" \/><dl class='gallery-item'>\n\t\t\t<dt class='gallery-icon landscape'>\n\t\t\t\t<a href='https:\/\/info.sadowne.pl\/?attachment_id=19977'><img loading=\"lazy\" decoding=\"async\" width=\"180\" height=\"130\" src=\"https:\/\/info.sadowne.pl\/wp-content\/uploads\/2019\/02\/2019.02.03.24-180x130.jpg\" class=\"attachment-thumbnail size-thumbnail\" alt=\"\" \/><\/a>\n\t\t\t<\/dt><\/dl><dl class='gallery-item'>\n\t\t\t<dt class='gallery-icon landscape'>\n\t\t\t\t<a href='https:\/\/info.sadowne.pl\/?attachment_id=19978'><img loading=\"lazy\" decoding=\"async\" width=\"180\" height=\"130\" src=\"https:\/\/info.sadowne.pl\/wp-content\/uploads\/2019\/02\/2019.02.03.25-180x130.jpg\" class=\"attachment-thumbnail size-thumbnail\" alt=\"\" \/><\/a>\n\t\t\t<\/dt><\/dl><dl class='gallery-item'>\n\t\t\t<dt class='gallery-icon landscape'>\n\t\t\t\t<a href='https:\/\/info.sadowne.pl\/?attachment_id=19979'><img loading=\"lazy\" decoding=\"async\" width=\"180\" height=\"130\" src=\"https:\/\/info.sadowne.pl\/wp-content\/uploads\/2019\/02\/2019.02.03.26-180x130.jpg\" class=\"attachment-thumbnail size-thumbnail\" alt=\"\" \/><\/a>\n\t\t\t<\/dt><\/dl><br style=\"clear: both\" \/><dl class='gallery-item'>\n\t\t\t<dt class='gallery-icon landscape'>\n\t\t\t\t<a href='https:\/\/info.sadowne.pl\/?attachment_id=19980'><img loading=\"lazy\" decoding=\"async\" width=\"180\" height=\"130\" src=\"https:\/\/info.sadowne.pl\/wp-content\/uploads\/2019\/02\/2019.02.03.27-180x130.jpg\" class=\"attachment-thumbnail size-thumbnail\" alt=\"\" \/><\/a>\n\t\t\t<\/dt><\/dl>\n\t\t\t<br style='clear: both' \/>\n\t\t<\/div>\n\n<p><strong>Tekst: <\/strong>S\u0142awek Chyli\u0144ski<\/p>\n<p><strong>Foto:<\/strong> Anna Szyszka\/<a href=\"http:\/\/www.festiwalbiegowy.pl\" target=\"_blank\" rel=\"noopener noreferrer\">www.festiwalbiegowy.pl<\/a><\/p>\n<p><strong>\u0179r\u00f3d\u0142o: <\/strong><a href=\"http:\/\/www.festiwalbiegowy.pl\" target=\"_blank\" rel=\"noopener noreferrer\">www.festiwalbiegowy.pl<\/a><\/p>\n","protected":false},"excerpt":{"rendered":"<p>14. Bieg Wedla odby\u0142 si\u0119 w sobot\u0119 3 lutego w warszawskim Parku Skaryszewskim. R\u0119cznie dekorowany firmowy torcik za I miejsce w\u015br\u00f3d kobiet trafi\u0142 do Ani Szyszki.<\/p>\n","protected":false},"author":1,"featured_media":0,"comment_status":"closed","ping_status":"closed","sticky":false,"template":"","format":"standard","meta":{"footnotes":""},"categories":[5,2135,7],"tags":[3022,734,1590],"class_list":["post-19973","post","type-post","status-publish","format-standard","hentry","category-newsy","category-bieganie","category-sport","tag-14-bieg-wedla-w-warszawie","tag-anna-szyszka","tag-bieganie"],"views":2968,"_links":{"self":[{"href":"https:\/\/info.sadowne.pl\/index.php?rest_route=\/wp\/v2\/posts\/19973","targetHints":{"allow":["GET"]}}],"collection":[{"href":"https:\/\/info.sadowne.pl\/index.php?rest_route=\/wp\/v2\/posts"}],"about":[{"href":"https:\/\/info.sadowne.pl\/index.php?rest_route=\/wp\/v2\/types\/post"}],"author":[{"embeddable":true,"href":"https:\/\/info.sadowne.pl\/index.php?rest_route=\/wp\/v2\/users\/1"}],"replies":[{"embeddable":true,"href":"https:\/\/info.sadowne.pl\/index.php?rest_route=%2Fwp%2Fv2%2Fcomments&post=19973"}],"version-history":[{"count":1,"href":"https:\/\/info.sadowne.pl\/index.php?rest_route=\/wp\/v2\/posts\/19973\/revisions"}],"predecessor-version":[{"id":19981,"href":"https:\/\/info.sadowne.pl\/index.php?rest_route=\/wp\/v2\/posts\/19973\/revisions\/19981"}],"wp:attachment":[{"href":"https:\/\/info.sadowne.pl\/index.php?rest_route=%2Fwp%2Fv2%2Fmedia&parent=19973"}],"wp:term":[{"taxonomy":"category","embeddable":true,"href":"https:\/\/info.sadowne.pl\/index.php?rest_route=%2Fwp%2Fv2%2Fcategories&post=19973"},{"taxonomy":"post_tag","embeddable":true,"href":"https:\/\/info.sadowne.pl\/index.php?rest_route=%2Fwp%2Fv2%2Ftags&post=19973"}],"curies":[{"name":"wp","href":"https:\/\/api.w.org\/{rel}","templated":true}]}}