{"id":20009,"date":"2019-02-07T18:13:16","date_gmt":"2019-02-07T17:13:16","guid":{"rendered":"http:\/\/info.sadowne.pl\/?p=20009"},"modified":"2019-02-07T18:13:16","modified_gmt":"2019-02-07T17:13:16","slug":"koniec-ferii","status":"publish","type":"post","link":"https:\/\/info.sadowne.pl\/?p=20009","title":{"rendered":"Koniec ferii?"},"content":{"rendered":"<p><strong><img loading=\"lazy\" decoding=\"async\" class=\"alignleft size-thumbnail wp-image-20010\" src=\"http:\/\/info.sadowne.pl\/wp-content\/uploads\/2019\/02\/2019.02.07.1-180x130.jpg\" alt=\"\" width=\"180\" height=\"130\" \/>I owszem, ferie zimowe 2019 maj\u0105 si\u0119 ku ko\u0144cowi. W poniedzia\u0142ek nareszcie??? do szko\u0142y.<\/strong><!--more--><\/p>\n<p>Dzieciaki ju\u017c zapewne nie mog\u0105 si\u0119 doczeka\u0107 zaj\u0119\u0107 szkolnych. Jeszcze tylko kilka dni odpoczynku i marzenie si\u0119 spe\u0142ni?<\/p>\n<p>Gminny O\u015brodek Kultury w Sadownem na dwutygodniowe ferie zimowe przygotowa\u0142 wiele zaj\u0119\u0107, z kt\u00f3rych korzysta\u0142y dzieci mieszkaj\u0105ce na terenie gminy Sadowne, ale te\u017c i te, kt\u00f3re odwiedza\u0142y w tym okresie mieszkaj\u0105cych tu swoich bliskich.<\/p>\n<p>Podsumowaniem tegorocznych ferii by\u0142 bal karnawa\u0142owy, kt\u00f3ry dla najm\u0142odszych wsp\u00f3lnie przygotowali: W\u00f3jt Gminy Sadowne, Gminny O\u015brodek Kultury w Sadownem i Gminna Komisja Rozwi\u0105zywania Problem\u00f3w Alkoholowych w Sadownem.<\/p>\n<p>Bal odby\u0142 si\u0119 7 lutego w sali gimnastycznej przy Szkole Podstawowej w Sadownem. Dzieciaki bawi\u0142 DJ Wodzirej DISCOLAND z Ostrowi Mazowieckiej, mog\u0142y te\u017c skorzysta\u0107 z oferty malowania twarzy, kt\u00f3re uzupe\u0142nia\u0142o ich wymy\u015blne, karnawa\u0142owe przebrania. Organizatorzy nie zapomnieli te\u017c o s\u0142odkim pocz\u0119stunku.<\/p>\n<p>Kto dotar\u0142 ba bal, to wie, \u017ce zabawa by\u0142a fajna i \u201ety\u0142ki od siedzenia nie bola\u0142y\u201d.<\/p>\n<p><span style=\"color: #0000ff;\"><a style=\"color: #0000ff;\" href=\"https:\/\/photos.app.goo.gl\/dpbNfmTLvnhWA7Uc9\" target=\"_blank\" rel=\"noopener noreferrer\"><strong>Zdj\u0119cia w galerii Google&gt;&gt;&gt;<\/strong><\/a><\/span><\/p>\n<p><strong>Tekst\/foto:<\/strong> S\u0142awek Chyli\u0144ski<\/p>\n","protected":false},"excerpt":{"rendered":"<p>I owszem, ferie zimowe 2019 maj\u0105 si\u0119 ku ko\u0144cowi. W poniedzia\u0142ek nareszcie??? do szko\u0142y.<\/p>\n","protected":false},"author":1,"featured_media":0,"comment_status":"closed","ping_status":"closed","sticky":false,"template":"","format":"standard","meta":{"footnotes":""},"categories":[5,91,6],"tags":[2347,125,169],"class_list":["post-20009","post","type-post","status-publish","format-standard","hentry","category-newsy","category-gminny-osrodek-kultury","category-kultura-rozrywka-edukacja","tag-bal-karnawalowy-dla-dzieci-w-sadownem","tag-gminna-komisja-rozwiazywania-problemow-alkoholowych-w-sadownem","tag-gminny-osrodek-kultury-w-sadownem"],"views":2528,"_links":{"self":[{"href":"https:\/\/info.sadowne.pl\/index.php?rest_route=\/wp\/v2\/posts\/20009","targetHints":{"allow":["GET"]}}],"collection":[{"href":"https:\/\/info.sadowne.pl\/index.php?rest_route=\/wp\/v2\/posts"}],"about":[{"href":"https:\/\/info.sadowne.pl\/index.php?rest_route=\/wp\/v2\/types\/post"}],"author":[{"embeddable":true,"href":"https:\/\/info.sadowne.pl\/index.php?rest_route=\/wp\/v2\/users\/1"}],"replies":[{"embeddable":true,"href":"https:\/\/info.sadowne.pl\/index.php?rest_route=%2Fwp%2Fv2%2Fcomments&post=20009"}],"version-history":[{"count":1,"href":"https:\/\/info.sadowne.pl\/index.php?rest_route=\/wp\/v2\/posts\/20009\/revisions"}],"predecessor-version":[{"id":20011,"href":"https:\/\/info.sadowne.pl\/index.php?rest_route=\/wp\/v2\/posts\/20009\/revisions\/20011"}],"wp:attachment":[{"href":"https:\/\/info.sadowne.pl\/index.php?rest_route=%2Fwp%2Fv2%2Fmedia&parent=20009"}],"wp:term":[{"taxonomy":"category","embeddable":true,"href":"https:\/\/info.sadowne.pl\/index.php?rest_route=%2Fwp%2Fv2%2Fcategories&post=20009"},{"taxonomy":"post_tag","embeddable":true,"href":"https:\/\/info.sadowne.pl\/index.php?rest_route=%2Fwp%2Fv2%2Ftags&post=20009"}],"curies":[{"name":"wp","href":"https:\/\/api.w.org\/{rel}","templated":true}]}}