{"id":20051,"date":"2019-02-17T18:47:36","date_gmt":"2019-02-17T17:47:36","guid":{"rendered":"http:\/\/info.sadowne.pl\/?p=20051"},"modified":"2021-09-01T21:11:48","modified_gmt":"2021-09-01T19:11:48","slug":"karnawalowy-nordic-walking-trasa-spacerowa-nr-4","status":"publish","type":"post","link":"https:\/\/info.sadowne.pl\/?p=20051","title":{"rendered":"Karnawa\u0142owy Nordic Walking tras\u0105 spacerow\u0105 nr 4"},"content":{"rendered":"<p><strong><a href=\"http:\/\/info.sadowne.pl\/wp-content\/uploads\/2019\/02\/2019.02.17.1.jpg\" target=\"_blank\" rel=\"noopener noreferrer\"><img loading=\"lazy\" decoding=\"async\" class=\"alignleft wp-image-20052 size-thumbnail\" src=\"http:\/\/info.sadowne.pl\/wp-content\/uploads\/2019\/02\/2019.02.17.1-180x130.jpg\" alt=\"\" width=\"180\" height=\"130\" \/><\/a>Niezwyk\u0142y timing (mo\u017ce po prostu nosa) mieli ci, co zaplanowali w niedziel\u0119 17 lutego w\u0119dr\u00f3wk\u0119 z kijkami. <\/strong><!--more--><\/p>\n<p>By\u0142o przyjemne + 10 st. C w po\u0142owie lutego, niemal bezwietrzna pogoda, no i trasa po miejscach bliskich, niezwyk\u0142ych i ciekawych sprawi\u0142y, \u017ce nikt &#8211; kto skorzysta\u0142 z zaproszenia GOK-u do aktywno\u015bci na \u015bwie\u017cym powietrzu w po\u0142owie zimy &#8211; nie \u017ca\u0142owa\u0142. Co wi\u0119cej im bli\u017cej \u201emety\u201d, czyli GOK-u, gdzie aromatyczna kawa zach\u0119ca\u0142a do dzielenia si\u0119 gor\u0105cymi wra\u017ceniami, tym wi\u0119cej g\u0142os\u00f3w, \u017ce dzi\u015b za kr\u00f3tko, za ma\u0142o i spacerek m\u00f3g\u0142by by\u0107 d\u0142u\u017cszy.<\/p>\n<p>A nasza trzynastka wystartowa\u0142a o godz. (nomen omen) 13-ej spokojn\u0105 (jak rzadko &#8211; niedziela niehandlowa) ul. Ko\u015bciuszki na po\u0142udnie, by przy Krzy\u017cu skr\u0119ci\u0107 w Grunwaldzk\u0105. Marszem chodnikiem pokonali\u015bmy kilkaset metr\u00f3w, dostrzegaj\u0105c nowe domostwa i ciemnozielon\u0105 \u015bcian\u0119 las\u00f3w, kt\u00f3ra ukaza\u0142a si\u0119 za Domami Nauczyciela. Z Grunwaldzkiej skr\u0119cili\u015bmy w prawo, w ul. Le\u015bn\u0105, przy kt\u00f3rej kilkana\u015bcie nowych i nawet \u201ewiekowych\u201d dom\u00f3w otoczonych zadbanymi ogr\u00f3dkami. Tylko nawierzchnia drogi nie pasuje do miana ulicy, bo ledwie gdzieniegdzie \u017cwirek przebija si\u0119 spod piachu, a przed krajow\u0105 50. uliczka ta, co pocz\u0105tkowo biegnie jakby szczytem niewielkiego wzniesienia, bardziej przypomina le\u015bny dukt.<\/p>\n<p>Ruchliw\u0105 i niebezpieczn\u0105 50. przeszli\u015bmy z lekkimi obawami, bo do najbli\u017cszych \u201epas\u00f3w\u201d kilkaset metr\u00f3w i pewnie bezpieczniej szybko prostopadle przekroczy\u0107 jezdni\u0119, ni\u017c nara\u017ca\u0107 si\u0119 id\u0105c niebezpiecznie i d\u0142ugo poboczem do przej\u015bcia dla pieszych.<\/p>\n<p>A za \u201epi\u0119\u0107dziesi\u0105tk\u0105\u201d weszli\u015bmy w ul. Gaj. To s\u0142owo \u201eulica\u201d te\u017c jakby nie na miejscu, bo to w\u0142a\u015bciwie gruntowa droga w\u015br\u00f3d wysokich drzew, a dalej domk\u00f3w na przewa\u017cnie niewielkich dzia\u0142kach. Za to du\u017cych i starych drzew jest tu wiele. Kiedy\u015b ci\u0105gn\u0119\u0142y si\u0119 a\u017c tu dzia\u0142ki le\u015bne gospodarzy z ul. Wiejskiej i w tym \u201elesie-gaju\u201d z czasem zacz\u0119li budowa\u0107 swe domostwa ci, co w Sadownem znale\u017ali jak\u0105\u015b prac\u0119 lub kt\u00f3rzy w\u0142a\u015bnie tu postanowili si\u0119 osiedli\u0107. A rolnicy z Wiejskiej cz\u0119sto \u201ena umow\u0119\u201d sprzedawali dzia\u0142ki ma\u0142o dochodowego lasu.<\/p>\n<p>Z miedz powsta\u0142y dwie w\u0105skie uliczki Gaju odchodz\u0105ce od biegn\u0105cej od po\u0142udnia wzd\u0142u\u017c \u201ePiaskowej G\u00f3rki\u201d drogi na Oci\u0119te, Grabiny i do Szynkarzyzny, co teraz nosi nazw\u0119 ulicy Partyzant\u00f3w. W\u0142a\u015bnie w t\u0105 zachodni\u0105 odnog\u0119 Gaju skr\u0119cili\u015bmy ku g\u00f3rce. W\u0105ska uliczka ma sw\u00f3j klimat, wiekowe wynios\u0142e drzewa li\u015bciaste na cz\u0119\u015bci posesji, psy szczekaj\u0105ce zza p\u0142otk\u00f3w i nieco trwo\u017cliwie spogl\u0105daj\u0105ce na nas zza firanek twarze mieszkanek zaniepokojone \u201eprzemarszem\u201d du\u017cej grupy piechur\u00f3w. Tu nigdy nie ma t\u0142um\u00f3w, za to jest spokojnie, sielsko, klimatycznie.<\/p>\n<p>A z naszej grupki ma\u0142o kto tu przedtem by\u0142, bo niby tak blisko i mieszka\u0144cy znajomi, a \u201eprzysi\u00f3\u0142ek\u201d ma\u0142o znany. Za to jak\u017ce uroczy, bo tu najwi\u0119cej w Sadownem zieleni, bez \u015bladu p\u00f3l, za to z mn\u00f3stwem drzew, cho\u0107 tych wiekowych d\u0119b\u00f3w znacznie uby\u0142o. A spacer Gajem zn\u00f3w rodzi pytania o to, czemu w tak g\u0119stej zabudowie mieszkaniowej brak odpowiednio utwardzonej nawierzchni, a nawet odpowiedniej szeroko\u015bci uliczek, gdzie ledwie mieszcz\u0105 si\u0119 niezbyt szerokie pojazdy, a z bezpiecznym mini\u0119ciem si\u0119 k\u0142opoty mog\u0105 mie\u0107 nawet tr\u00f3jko\u0142owe rowery. Mo\u017ce wyt\u0142umaczeniem jest to, \u017ce posesje tu to fragmenty dzia\u0142ek z ul. Wiejskiej, wiadomo jak przez powiat i gmin\u0119 traktowanej, a mo\u017ce na spacer Gajem nale\u017ca\u0142oby zaprosi\u0107 tych, co o inwestycjach w gminie decyduj\u0105?<\/p>\n<p>Z takimi refleksjami doszli\u015bmy do ul. Partyzant\u00f3w, tu skr\u0119cili\u015bmy nieco w lewo, by zaraz \u015bmia\u0142o przeci\u0105\u0107 asfaltow\u0105 jezdni\u0119 i podej\u015b\u0107 w\u015br\u00f3d sosenek na grzbiet zalesionej piaszczystej wydmy. Na niej zn\u00f3w skr\u0119cili\u015bmy w lewo, dochodz\u0105c za chwil\u0119 na skraj urwiska powsta\u0142ego w wyniku wybierania kwarcowego piasku, co setkom mieszka\u0144c\u00f3w przydawa\u0142 si\u0119 jako sk\u0142adnik wapiennej zaprawy w nieodleg\u0142ych czasach, gdy Sadowne stawa\u0142o si\u0119 \u201emurowane\u201d, a suporex czy silikatowe ceg\u0142y wymaga\u0142y odpowiedniego spoiwa. By\u0142 z nami pan Janek, kt\u00f3rego rodzic\u00f3w w\u0142asno\u015bci\u0105 by\u0142a w\u00f3wczas Piaskowa G\u00f3rka \u2013 miejsce gdzie zimami dziesi\u0105tki dzieciak\u00f3w zje\u017cd\u017ca\u0142o \u201ena czym si\u0119 da\u201d wprost na szos\u0119 albo na podw\u00f3rka posesji przy Partyzant\u00f3w.<\/p>\n<p>A my wnet ruszyli\u015bmy grzbietem g\u00f3rki ledwie widoczn\u0105 w\u015br\u00f3d drzew \u015bcie\u017ck\u0105 na zach\u00f3d. W\u015br\u00f3d sosenek z prawej prze\u015bwitywa\u0142y w dole domostwa Gaju, a z prawej setki niestarych sosenek porastaj\u0105ce s\u0142abej jako\u015bci gleb\u0119 tworzy\u0142y \u201ekrzywy las\u201d, bo ich pnie czy ga\u0142\u0119zie cz\u0119sto by\u0142y w r\u00f3\u017cne strony powyginane, jakby jaka\u015b si\u0142\u0105 nie pozwala\u0142a \u015bmia\u0142o pi\u0105\u0107 si\u0119 ku s\u0142o\u0144cu.<\/p>\n<p>Po kilkuset metrach zeszli\u015bmy z g\u00f3rki na ul. Partyzant\u00f3w i dalej id\u0105c na zach\u00f3d rych\u0142o min\u0119li\u015bmy tablic\u0119 informuj\u0105c\u0105, \u017ce weszli\u015bmy do Oci\u0119tego. Z lewej mijali\u015bmy zadbane posesje, jakby przyklejone do wy\u017cszej \u015bciany lasu porastaj\u0105cego morenow\u0105 wydm\u0119. Po kolejnym kilkusetmetrowym odcinku weszli\u015bmy w ten las, w pierwsz\u0105 odchodz\u0105c\u0105 w lewo gruntow\u0105 drog\u0119. Zaraz na rozwidleniu zn\u00f3w skr\u0119cili\u015bmy w lewo i piaszczystym le\u015bnym duktem poszli\u015bmy ku \u201ekrzy\u017c\u00f3wkom\u201d.<\/p>\n<p>I tu, jak i w rowach przy jezdni na Partyzant\u00f3w, humor zwi\u0105zany z wolnym marszem w\u015br\u00f3d r\u00f3\u017cnorodnej przyrody zak\u0142\u00f3ca\u0142y nam puste szklane i plastikowe butelki, jakie\u015b opakowania i \u015bmieci, kt\u00f3re w\u0142a\u015bnie teraz s\u0105 bardziej widoczne zanim wiosenna ziele\u0144 nieco je skryje. A z lewej strony wij\u0105cej si\u0119 le\u015bnej drogi bieg\u0142a parabola wzg\u00f3rka poro\u015bni\u0119tego sosnami, z prawej krajobraz urozmaica\u0142y pot\u0119\u017cniejsze sosny, m\u0142odniki i bogate le\u015bne poszycie porastaj\u0105ce ni\u017csze tereny. Z pewno\u015bci\u0105 trzeba tu wr\u00f3ci\u0107, by sprawdzi\u0107 jak odmiennie b\u0119dzie tu, gdy wszystko si\u0119 zazieleni, rozkwitnie, zapachnie \u015bwie\u017c\u0105 wilgoci\u0105 lub rozgrzan\u0105 przez s\u0142o\u0144ce \u017cywic\u0105 sosen.<\/p>\n<p>Wprost z piasku weszli\u015bmy na asfaltowe \u201ekrzy\u017c\u00f3wki\u201d i ostro\u017cnie podeszli\u015bmy na wprost, by zaraz skr\u0119ci\u0107 w lewo ku ul. Grunwaldzkiej. I tu zn\u00f3w dyskomfort, bo na poboczach \u015bmieci, tym razem wyrzucone z pewno\u015bci\u0105 przez \u201eprzyjezdnych\u201d, gdy\u017c nasi nie maj\u0105 powod\u00f3w, by w tych miejscach, na poboczu drogi parkowa\u0107.<\/p>\n<p>Id\u0105c dalej kt\u00f3ry\u015b ju\u017c raz zachwyci\u0142o nas z lewej po\u0142o\u017cenie i wygl\u0105d przedwojennego drewnianego pensjonatu \u201ena G\u00f3rce\u201d, a tu\u017c za nim po prawej zaciekawienie wzbudzi\u0142a zadbana kapliczka maryjna, a wi\u0119ksze &#8211; sosna, do kt\u00f3rej jest przymocowana. Wida\u0107 jak tu\u017c nad kapliczk\u0105 pie\u0144 z\u017car\u0142y szkodniki i w ko\u0144cu pionowy wierzcho\u0142ek usech\u0142, za to jeden z odchodz\u0105cy w bok konar\u00f3w wygi\u0105\u0142 si\u0119, \u201ezawr\u00f3ci\u0142\u201d ku g\u00f3rze, rozr\u00f3s\u0142 si\u0119 i ruszy\u0142 ku niebu.<\/p>\n<p>My z Grunwaldzkiej ruszyli\u015bmy w prawo-skos w Ku\u017anic\u0119, wzd\u0142u\u017c \u015bciany lasu z prawej. A z lewej za posesjami dostrzegli\u015bmy ul. Le\u015bn\u0105, kt\u00f3r\u0105 zaledwie przed godzink\u0105 szli\u015bmy i zauwa\u017cyli\u015bmy wyra\u017ane obni\u017cenie terenu przeci\u0119te ul. Grunwaldzk\u0105. Przed wojn\u0105 by\u0142o ono \u015br\u00f3dle\u015bn\u0105 polan\u0105, na kt\u00f3rej handlowano ko\u0144mi.<\/p>\n<p>Min\u0105wszy las z prawej jest wyra\u017ane obni\u017cenie terenu; to obszar zalewowy Bojewki, kt\u00f3rej spi\u0119trzone wody nap\u0119dza\u0142y przed wiekami kowalskie miechy, a mo\u017ce i m\u0142y\u0144skie ko\u0142a, po kt\u00f3rych pozosta\u0142o tylko niewielkie wzniesienie przed mostkiem. Za mostkiem za\u015b doszli\u015bmy do miejsca, gdzie ulica Ko\u015bciuszki zmienia si\u0119 w S\u0142oneczn\u0105 i skr\u0119cili\u015bmy w lewo, w t\u0105 pierwsz\u0105. St\u0105d ledwie kilkaset metr\u00f3w chodnikiem z kostki brukowej wprost do GOK-u. A tu, jak zwykle, co\u015b na ciep\u0142o, ciep\u0142a kawa, herbata, co\u015b s\u0142odkiego i wra\u017cenie, \u017ce dzi\u015b to troch\u0119 za kr\u00f3tko, ale te\u017c niezwykle.<\/p>\n<p>Dzisiejsza trasa to tak\u017ce proponowana przez nas \u015bcie\u017cka spacerowa po Sadownem o nr 4 \u00a0(wkr\u00f3tce znajdzie swoje miejsce w zak\u0142adce \u201etras pieszych Sadownego\u201d). Jest nieco inna ni\u017c poprzednie, cho\u0107 tak r\u00f3\u017cnorodna jak Sadowne, gdzie i domy, pola i las, i piaski i woda, i ruchliwa szosa, ulice pe\u0142ne ludzi i uliczki spokojne, kameralne, mo\u017ce wymagaj\u0105ce zadbania\u2026..<\/p>\n<p><span style=\"color: #0000ff;\"><a style=\"color: #0000ff;\" href=\"https:\/\/photos.app.goo.gl\/p9tAyKQVPH7r1jhn8\" target=\"_blank\" rel=\"noopener noreferrer\"><strong>Zdj\u0119cia w galerii Google&gt;&gt;&gt;<\/strong><\/a><\/span><\/p>\n<p><strong>Tekst:<\/strong> RW<\/p>\n<p><strong>Foto:<\/strong> S\u0142awek Chyli\u0144ski<\/p>\n","protected":false},"excerpt":{"rendered":"<p>Niezwyk\u0142y timing (mo\u017ce po prostu nosa) mieli ci, co zaplanowali w niedziel\u0119 17 lutego w\u0119dr\u00f3wk\u0119 z kijkami.<\/p>\n","protected":false},"author":1,"featured_media":0,"comment_status":"closed","ping_status":"closed","sticky":false,"template":"","format":"standard","meta":{"footnotes":""},"categories":[5,91,6,3627],"tags":[169,3029,907,2939],"class_list":["post-20051","post","type-post","status-publish","format-standard","hentry","category-newsy","category-gminny-osrodek-kultury","category-kultura-rozrywka-edukacja","category-nordic-walking","tag-gminny-osrodek-kultury-w-sadownem","tag-karnawalowy-marsz-nordic-walking","tag-rekreacja-2","tag-trasy-piesze-sadownego"],"views":2790,"_links":{"self":[{"href":"https:\/\/info.sadowne.pl\/index.php?rest_route=\/wp\/v2\/posts\/20051","targetHints":{"allow":["GET"]}}],"collection":[{"href":"https:\/\/info.sadowne.pl\/index.php?rest_route=\/wp\/v2\/posts"}],"about":[{"href":"https:\/\/info.sadowne.pl\/index.php?rest_route=\/wp\/v2\/types\/post"}],"author":[{"embeddable":true,"href":"https:\/\/info.sadowne.pl\/index.php?rest_route=\/wp\/v2\/users\/1"}],"replies":[{"embeddable":true,"href":"https:\/\/info.sadowne.pl\/index.php?rest_route=%2Fwp%2Fv2%2Fcomments&post=20051"}],"version-history":[{"count":1,"href":"https:\/\/info.sadowne.pl\/index.php?rest_route=\/wp\/v2\/posts\/20051\/revisions"}],"predecessor-version":[{"id":20053,"href":"https:\/\/info.sadowne.pl\/index.php?rest_route=\/wp\/v2\/posts\/20051\/revisions\/20053"}],"wp:attachment":[{"href":"https:\/\/info.sadowne.pl\/index.php?rest_route=%2Fwp%2Fv2%2Fmedia&parent=20051"}],"wp:term":[{"taxonomy":"category","embeddable":true,"href":"https:\/\/info.sadowne.pl\/index.php?rest_route=%2Fwp%2Fv2%2Fcategories&post=20051"},{"taxonomy":"post_tag","embeddable":true,"href":"https:\/\/info.sadowne.pl\/index.php?rest_route=%2Fwp%2Fv2%2Ftags&post=20051"}],"curies":[{"name":"wp","href":"https:\/\/api.w.org\/{rel}","templated":true}]}}