{"id":20059,"date":"2019-02-18T14:42:48","date_gmt":"2019-02-18T13:42:48","guid":{"rendered":"http:\/\/info.sadowne.pl\/?p=20059"},"modified":"2019-02-18T14:42:48","modified_gmt":"2019-02-18T13:42:48","slug":"zolnierz-policjant-strazak","status":"publish","type":"post","link":"https:\/\/info.sadowne.pl\/?p=20059","title":{"rendered":"\u017bo\u0142nierz, policjant, stra\u017cak\u2026"},"content":{"rendered":"<p><strong><img loading=\"lazy\" decoding=\"async\" class=\"alignleft size-thumbnail wp-image-20060\" src=\"http:\/\/info.sadowne.pl\/wp-content\/uploads\/2019\/02\/2019.02.18.1-180x130.jpg\" alt=\"\" width=\"180\" height=\"130\" \/>To \u201epi\u0105ty \u017cywio\u0142\u201d Romana Pankiewicza?<\/strong><!--more--><\/p>\n<p>Roman Pankiewicz &#8211; Krakowianin, absolwent szko\u0142y hotelarskiej w Zakopanem, kochaj\u0105cy w\u0119dr\u00f3wki po tatrza\u0144skich szlakach i innych zak\u0105tkach globu ziemskiego, autor cyklu \u201ecztery \u017cywio\u0142y\u201d: \u201eMatuszka Rosija \u2013 pierwszy \u017cywio\u0142\u201d, \u201eNiemcy \u2013 drugi \u017cywio\u0142\u201d, \u201eIslandia \u2013 trzeci \u017cywio\u0142\u201d i \u201ePolski \u017cywio\u0142\u201d, kt\u00f3re prezentowa\u0142 wcze\u015bniej sadowie\u0144skim czytelnikom. A teraz\u2026 nowa, ciekawa tw\u00f3rczo\u015b\u0107 &#8211; ksi\u0105\u017ceczki dla dzieci.<\/p>\n<p>Seri\u0119 \u201e5 wa\u017cnych zawod\u00f3w\u201d autor zaprezentowa\u0142 podczas spotkania w Gminnym O\u015brodku Kultury w Sadownem, kt\u00f3re odby\u0142o si\u0119 w poniedzia\u0142ek 18 lutego. Czytaj\u0105c wierszowane opowie\u015bci o bohaterach swoich ksi\u0105\u017ceczek, kolejno wciela\u0142 si\u0119 w rol\u0119: \u017co\u0142nierza, policjanta, stra\u017caka, ratownika medycznego i listonosza. Uczestnicz\u0105ce w spotkaniu maluchy ze szk\u00f3\u0142 w Sadownem i Ko\u0142odzi\u0105\u017cu oraz Przedszkola w Sadownem \u017cywo reagowa\u0142y na cytowany tekst, prezentacj\u0119 multimedialn\u0105 czy zmieniaj\u0105cy si\u0119 ubi\u00f3r autora ksi\u0105\u017ceczek. Godzinne spotkanie min\u0119\u0142o bardzo szybko\u2026 Mo\u017cliwe te\u017c by\u0142o zakupienie nowych wydawnictw z autorskim wpisem.<\/p>\n<p><strong><span style=\"color: #0000ff;\"><a style=\"color: #0000ff;\" href=\"https:\/\/photos.app.goo.gl\/FH8dzcunz6DjsciB6\" target=\"_blank\" rel=\"noopener noreferrer\">Zdj\u0119cia w galerii Google&gt;&gt;&gt;\u00a0\u00a0\u00a0<\/a><\/span>\u00a0\u00a0\u00a0\u00a0\u00a0 <\/strong><\/p>\n<p><strong>Tekst\/foto:<\/strong> S\u0142awek Chyli\u0144ski<\/p>\n","protected":false},"excerpt":{"rendered":"<p>To \u201epi\u0105ty \u017cywio\u0142\u201d Romana Pankiewicza?<\/p>\n","protected":false},"author":1,"featured_media":0,"comment_status":"closed","ping_status":"closed","sticky":false,"template":"","format":"standard","meta":{"footnotes":""},"categories":[5,91,6],"tags":[113,169,161,966],"class_list":["post-20059","post","type-post","status-publish","format-standard","hentry","category-newsy","category-gminny-osrodek-kultury","category-kultura-rozrywka-edukacja","tag-gminna-biblioteka-publiczna-w-sadownem","tag-gminny-osrodek-kultury-w-sadownem","tag-roman-pankiewicz","tag-spotkanie-autorskie"],"views":2532,"_links":{"self":[{"href":"https:\/\/info.sadowne.pl\/index.php?rest_route=\/wp\/v2\/posts\/20059","targetHints":{"allow":["GET"]}}],"collection":[{"href":"https:\/\/info.sadowne.pl\/index.php?rest_route=\/wp\/v2\/posts"}],"about":[{"href":"https:\/\/info.sadowne.pl\/index.php?rest_route=\/wp\/v2\/types\/post"}],"author":[{"embeddable":true,"href":"https:\/\/info.sadowne.pl\/index.php?rest_route=\/wp\/v2\/users\/1"}],"replies":[{"embeddable":true,"href":"https:\/\/info.sadowne.pl\/index.php?rest_route=%2Fwp%2Fv2%2Fcomments&post=20059"}],"version-history":[{"count":1,"href":"https:\/\/info.sadowne.pl\/index.php?rest_route=\/wp\/v2\/posts\/20059\/revisions"}],"predecessor-version":[{"id":20061,"href":"https:\/\/info.sadowne.pl\/index.php?rest_route=\/wp\/v2\/posts\/20059\/revisions\/20061"}],"wp:attachment":[{"href":"https:\/\/info.sadowne.pl\/index.php?rest_route=%2Fwp%2Fv2%2Fmedia&parent=20059"}],"wp:term":[{"taxonomy":"category","embeddable":true,"href":"https:\/\/info.sadowne.pl\/index.php?rest_route=%2Fwp%2Fv2%2Fcategories&post=20059"},{"taxonomy":"post_tag","embeddable":true,"href":"https:\/\/info.sadowne.pl\/index.php?rest_route=%2Fwp%2Fv2%2Ftags&post=20059"}],"curies":[{"name":"wp","href":"https:\/\/api.w.org\/{rel}","templated":true}]}}