{"id":20064,"date":"2019-02-19T17:46:06","date_gmt":"2019-02-19T16:46:06","guid":{"rendered":"http:\/\/info.sadowne.pl\/?p=20064"},"modified":"2019-02-19T18:14:40","modified_gmt":"2019-02-19T17:14:40","slug":"trasa-piesza-nr-4-w-sadownem","status":"publish","type":"post","link":"https:\/\/info.sadowne.pl\/?p=20064","title":{"rendered":"Trasa piesza nr 4 w Sadownem"},"content":{"rendered":"<p><strong><a href=\"http:\/\/info.sadowne.pl\/wp-content\/uploads\/2019\/02\/2019.02.19.1.jpg\" target=\"_blank\" rel=\"noopener noreferrer\"><img loading=\"lazy\" decoding=\"async\" class=\"alignleft wp-image-20065 size-thumbnail\" src=\"http:\/\/info.sadowne.pl\/wp-content\/uploads\/2019\/02\/2019.02.19.1-180x130.jpg\" alt=\"\" width=\"180\" height=\"130\" \/><\/a>Tym razem kr\u00f3tsza trasa, bo licz\u0105ca niewiele ponad 4 km, ale drogami, kt\u00f3re rzadko s\u0105 odwiedzane przez mieszka\u0144c\u00f3w Sadownego. Ruszamy do Gaju i na \u201ePiaskow\u0105 G\u00f3rk\u0119\u201d.<\/strong><!--more--><\/p>\n<p>Do pokonania tej trasy dobrze wybra\u0107 dzie\u0144, kt\u00f3ry poprzedza\u0142a kilkudniowa sucha pogoda, co pozwoli nam na przej\u015bcie jej \u201esuch\u0105 nog\u0105\u201d. Udamy si\u0119 do miejsc bliskich, niezwyk\u0142ych i ciekawych, kt\u00f3re nawet mieszka\u0144cy Sadownego rzadko odwiedzaj\u0105, a wi\u0119c nie narzekajmy, \u017ce za kr\u00f3tko, za ma\u0142o i spacerek m\u00f3g\u0142by by\u0107 d\u0142u\u017cszy, ale korzystajmy z urok\u00f3w natury i okazji poznania nowych miejsc.<\/p>\n<p><img loading=\"lazy\" decoding=\"async\" class=\"aligncenter size-full wp-image-20066\" src=\"http:\/\/info.sadowne.pl\/wp-content\/uploads\/2019\/02\/2019.02.19.11.jpg\" alt=\"\" width=\"426\" height=\"288\" srcset=\"https:\/\/info.sadowne.pl\/wp-content\/uploads\/2019\/02\/2019.02.19.11.jpg 426w, https:\/\/info.sadowne.pl\/wp-content\/uploads\/2019\/02\/2019.02.19.11-300x203.jpg 300w\" sizes=\"auto, (max-width: 426px) 100vw, 426px\" \/><\/p>\n<p>Mapa trasy marszu na stronie <span style=\"color: #0000ff;\"><strong><a style=\"color: #0000ff;\" href=\"https:\/\/www.mapfab.com\/map\/35s\/Sadowne-trasa-piesza-nr-4\" target=\"_blank\" rel=\"noopener noreferrer\">https:\/\/www.MapFab.com\/map\/35s\/Sadowne-trasa-piesza-nr-4<\/a><\/strong><\/span><\/p>\n<p><a href=\"http:\/\/info.sadowne.pl\/wp-content\/uploads\/2019\/02\/2019.02.19.2.jpg\" target=\"_blank\" rel=\"noopener noreferrer\"><img loading=\"lazy\" decoding=\"async\" class=\"alignright wp-image-20067 size-thumbnail\" src=\"http:\/\/info.sadowne.pl\/wp-content\/uploads\/2019\/02\/2019.02.19.2-180x130.jpg\" alt=\"\" width=\"180\" height=\"130\" \/><\/a>Startujemy jak zwykle spod GOK-u ul. Ko\u015bciuszki na po\u0142udnie \u2013 <span style=\"color: #0000ff;\"><a style=\"color: #0000ff;\" href=\"https:\/\/photos.app.goo.gl\/3prjRupG9KZxLcnJA\" target=\"_blank\" rel=\"noopener noreferrer\"><strong>wi\u0119cej&gt;&gt;&gt;<\/strong><\/a><\/span>, by przy Krzy\u017cu skr\u0119ci\u0107 w Grunwaldzk\u0105 \u2013 <span style=\"color: #0000ff;\"><a style=\"color: #0000ff;\" href=\"https:\/\/photos.app.goo.gl\/j6JxQnTAH71ESY6b7\" target=\"_blank\" rel=\"noopener noreferrer\"><strong>wi\u0119cej&gt;&gt;&gt;<\/strong><\/a><\/span><\/p>\n<p><a href=\"http:\/\/info.sadowne.pl\/wp-content\/uploads\/2019\/02\/2019.02.19.3.jpg\" target=\"_blank\" rel=\"noopener noreferrer\"><img loading=\"lazy\" decoding=\"async\" class=\"alignleft wp-image-20068 size-thumbnail\" src=\"http:\/\/info.sadowne.pl\/wp-content\/uploads\/2019\/02\/2019.02.19.3-180x130.jpg\" alt=\"\" width=\"180\" height=\"130\" \/><\/a>Marszem chodnikiem pokonujemy kilkaset metr\u00f3w, dostrzegaj\u0105c nowe domostwa i ciemnozielon\u0105 \u015bcian\u0119 las\u00f3w, kt\u00f3ra ukaza\u0142a si\u0119 za Domami Nauczyciela.<\/p>\n<p>Z Grunwaldzkiej skr\u0119camy w prawo, w ul. Le\u015bn\u0105, przy kt\u00f3rej kilkana\u015bcie nowych i nawet \u201ewiekowych\u201d dom\u00f3w otoczonych zadbanymi ogr\u00f3dkami.<\/p>\n<p><a href=\"http:\/\/info.sadowne.pl\/wp-content\/uploads\/2019\/02\/2019.02.19.4.jpg\" target=\"_blank\" rel=\"noopener noreferrer\"><img loading=\"lazy\" decoding=\"async\" class=\"alignright wp-image-20069 size-thumbnail\" src=\"http:\/\/info.sadowne.pl\/wp-content\/uploads\/2019\/02\/2019.02.19.4-180x130.jpg\" alt=\"\" width=\"180\" height=\"130\" \/><\/a>Tylko nawierzchnia drogi nie pasuje do miana ulicy, bo ledwie gdzieniegdzie \u017cwirek przebija si\u0119 spod piachu, a przed krajow\u0105 50. uliczka ta, co pocz\u0105tkowo biegnie jakby szczytem niewielkiego wzniesienia, bardziej przypomina le\u015bny dukt \u2013 <span style=\"color: #0000ff;\"><a style=\"color: #0000ff;\" href=\"https:\/\/photos.app.goo.gl\/XfaReKv7GywoDuQE8\" target=\"_blank\" rel=\"noopener noreferrer\"><strong>wi\u0119cej&gt;&gt;&gt;<\/strong><\/a><\/span><\/p>\n<p>Ruchliw\u0105 i niebezpieczn\u0105 50. przechodzimy z lekkimi obawami, bo do najbli\u017cszych \u201epas\u00f3w\u201d kilkaset metr\u00f3w i pewnie bezpieczniej szybko prostopadle przekroczy\u0107 jezdni\u0119, ni\u017c nara\u017ca\u0107 si\u0119 id\u0105c niebezpiecznie i d\u0142ugo poboczem do przej\u015bcia dla pieszych.<\/p>\n<p><a href=\"http:\/\/info.sadowne.pl\/wp-content\/uploads\/2019\/02\/2019.02.19.5.jpg\" target=\"_blank\" rel=\"noopener noreferrer\"><img loading=\"lazy\" decoding=\"async\" class=\"alignleft wp-image-20070 size-thumbnail\" src=\"http:\/\/info.sadowne.pl\/wp-content\/uploads\/2019\/02\/2019.02.19.5-180x130.jpg\" alt=\"\" width=\"180\" height=\"130\" \/><\/a>A za \u201epi\u0119\u0107dziesi\u0105tk\u0105\u201d wchodzimy w ul. Gaj. To s\u0142owo \u201eulica\u201d te\u017c jakby nie na miejscu, bo to w\u0142a\u015bciwie gruntowa droga w\u015br\u00f3d wysokich drzew, a dalej domk\u00f3w na przewa\u017cnie niewielkich dzia\u0142kach. Za to du\u017cych i starych drzew jest tu wiele. Kiedy\u015b ci\u0105gn\u0119\u0142y si\u0119 a\u017c tu dzia\u0142ki le\u015bne gospodarzy z ul. Wiejskiej i w tym \u201elesie-gaju\u201d z czasem zacz\u0119li budowa\u0107 swe domostwa ci, co w Sadownem znale\u017ali jak\u0105\u015b prac\u0119 lub kt\u00f3rzy w\u0142a\u015bnie tu postanowili si\u0119 osiedli\u0107. A rolnicy z Wiejskiej cz\u0119sto \u201ena umow\u0119\u201d sprzedawali dzia\u0142ki ma\u0142o dochodowego lasu.<\/p>\n<p>Z miedz powsta\u0142y dwie w\u0105skie uliczki Gaju odchodz\u0105ce od biegn\u0105cej od po\u0142udnia wzd\u0142u\u017c \u201ePiaskowej G\u00f3rki\u201d drogi na Oci\u0119te, Grabiny i do Szynkarzyzny, co teraz nosi nazw\u0119 ulicy Partyzant\u00f3w. W\u0142a\u015bnie w t\u0105 zachodni\u0105 odnog\u0119 Gaju skr\u0119camy ku g\u00f3rce. W\u0105ska uliczka ma sw\u00f3j klimat, wiekowe wynios\u0142e drzewa li\u015bciaste na cz\u0119\u015bci posesji, psy szczekaj\u0105ce zza p\u0142otk\u00f3w i nieco trwo\u017cliwie spogl\u0105daj\u0105ce na nas zza firanek twarze mieszkanek zaniepokojonych \u201eprzemarszem\u201d piechur\u00f3w. Tu nigdy nie ma t\u0142um\u00f3w, za to jest spokojnie, sielsko, klimatycznie.<\/p>\n<p>W odwiedzane miejsca rzadko zapuszczaj\u0105 si\u0119 mieszka\u0144cy Sadownego &#8211; niby tak blisko i mieszka\u0144cy znajomi, a \u201eprzysi\u00f3\u0142ek\u201d ma\u0142o znany. Za to jak\u017ce uroczy, bo tu najwi\u0119cej w Sadownem zieleni, bez \u015bladu p\u00f3l, za to z mn\u00f3stwem drzew, cho\u0107 tych wiekowych d\u0119b\u00f3w znacznie uby\u0142o. A spacer Gajem zn\u00f3w rodzi pytania o to, czemu w tak g\u0119stej zabudowie mieszkaniowej brak odpowiednio utwardzonej nawierzchni, a nawet odpowiedniej szeroko\u015bci uliczek, gdzie ledwie mieszcz\u0105 si\u0119 niezbyt szerokie pojazdy, a z bezpiecznym mini\u0119ciem si\u0119 k\u0142opoty mog\u0105 mie\u0107 nawet tr\u00f3jko\u0142owe rowery. Mo\u017ce wyt\u0142umaczeniem jest to, \u017ce posesje tu to fragmenty dzia\u0142ek z ul. Wiejskiej, wiadomo jak przez powiat i gmin\u0119 traktowanej. A mo\u017ce na spacer Gajem nale\u017ca\u0142oby zaprosi\u0107 tych, co o inwestycjach w gminie decyduj\u0105? \u2013 <span style=\"color: #0000ff;\"><a style=\"color: #0000ff;\" href=\"https:\/\/photos.app.goo.gl\/Nuc7cW1zD3f6AwBdA\" target=\"_blank\" rel=\"noopener noreferrer\"><strong>wi\u0119cej&gt;&gt;&gt;<\/strong><\/a><\/span><\/p>\n<p><a href=\"http:\/\/info.sadowne.pl\/wp-content\/uploads\/2019\/02\/2019.02.19.6.jpg\" target=\"_blank\" rel=\"noopener noreferrer\"><img loading=\"lazy\" decoding=\"async\" class=\"alignright wp-image-20071 size-thumbnail\" src=\"http:\/\/info.sadowne.pl\/wp-content\/uploads\/2019\/02\/2019.02.19.6-180x130.jpg\" alt=\"\" width=\"180\" height=\"130\" \/><\/a>Z takimi refleksjami dochodzimy do ul. Partyzant\u00f3w, tu skr\u0119camy nieco w lewo, by zaraz \u015bmia\u0142o przeci\u0105\u0107 asfaltow\u0105 jezdni\u0119 i podej\u015b\u0107 w\u015br\u00f3d sosenek na grzbiet zalesionej piaszczystej wydmy. Na niej zn\u00f3w skr\u0119camy w lewo, dochodz\u0105c za chwil\u0119 na skraj urwiska powsta\u0142ego w wyniku wybierania kwarcowego piasku, co setkom mieszka\u0144c\u00f3w przydawa\u0142 si\u0119 jako sk\u0142adnik wapiennej zaprawy w nieodleg\u0142ych czasach, gdy Sadowne stawa\u0142o si\u0119 \u201emurowane\u201d, a suporex czy silikatowe ceg\u0142y wymaga\u0142y odpowiedniego spoiwa. A Piaskowa G\u00f3rka kiedy\u015b by\u0142a miejscem gdzie zimami dziesi\u0105tki dzieciak\u00f3w zje\u017cd\u017ca\u0142o \u201ena czym si\u0119 da\u201d wprost na szos\u0119 albo na podw\u00f3rka posesji przy Partyzant\u00f3w.<\/p>\n<p>Ruszamy dalej grzbietem g\u00f3rki, ledwie widoczn\u0105 w\u015br\u00f3d drzew \u015bcie\u017ck\u0105 na zach\u00f3d. W\u015br\u00f3d sosenek z prawej prze\u015bwituj\u0105 w dole domostwa Gaju, a z prawej setki niestarych sosenek, porastaj\u0105cych s\u0142abej jako\u015bci gleb\u0119, tworz\u0105 \u201ekrzywy las\u201d, bo ich pnie czy ga\u0142\u0119zie cz\u0119sto s\u0105 w r\u00f3\u017cne strony powyginane, jakby jaka\u015b si\u0142\u0105 nie pozwala\u0142a im \u015bmia\u0142o pi\u0105\u0107 si\u0119 ku s\u0142o\u0144cu.<\/p>\n<p>Po kilkuset metrach schodzimy z g\u00f3rki na ul. Partyzant\u00f3w i dalej ruszamy asfaltem na zach\u00f3d, rych\u0142o mijaj\u0105c tablic\u0119 informuj\u0105c\u0105, \u017ce wchodzimy do Oci\u0119tego. Z lewej mijamy zadbane posesje, jakby przyklejone do wy\u017cszej \u015bciany lasu porastaj\u0105cego morenow\u0105 wydm\u0119. Po kolejnym kilkusetmetrowym odcinku wchodzimy w ten las, w pierwsz\u0105 odchodz\u0105c\u0105 w lewo gruntow\u0105 drog\u0119. Zaraz na rozwidleniu zn\u00f3w skr\u0119camy w lewo i piaszczystym le\u015bnym duktem idziemy ku \u201ekrzy\u017c\u00f3wkom\u201d.<\/p>\n<p>Z lewej strony wij\u0105cej si\u0119 le\u015bnej drogi biegnie parabola wzg\u00f3rka poro\u015bni\u0119tego sosnami, z prawej krajobraz urozmaicaj\u0105 pot\u0119\u017cniejsze sosny, m\u0142odniki i bogate le\u015bne poszycie porastaj\u0105ce ni\u017csze tereny. Z pewno\u015bci\u0105 trzeba tu wr\u00f3ci\u0107, by sprawdzi\u0107 jak odmiennie b\u0119dzie tu, gdy nastanie inna pora roku i np. wiosn\u0105 wszystko si\u0119 zazieleni, rozkwitnie, zapachnie \u015bwie\u017c\u0105 wilgoci\u0105 lub rozgrzan\u0105 przez s\u0142o\u0144ce \u017cywic\u0105 sosen \u2013 <span style=\"color: #0000ff;\"><a style=\"color: #0000ff;\" href=\"https:\/\/photos.app.goo.gl\/kTUeBeqPkNtVVBQC7\" target=\"_blank\" rel=\"noopener noreferrer\"><strong>wi\u0119cej&gt;&gt;&gt;<\/strong><\/a><\/span><\/p>\n<p><a href=\"http:\/\/info.sadowne.pl\/wp-content\/uploads\/2019\/02\/2019.02.19.7.jpg\" target=\"_blank\" rel=\"noopener noreferrer\"><img loading=\"lazy\" decoding=\"async\" class=\"alignleft wp-image-20072 size-thumbnail\" src=\"http:\/\/info.sadowne.pl\/wp-content\/uploads\/2019\/02\/2019.02.19.7-180x130.jpg\" alt=\"\" width=\"180\" height=\"130\" \/><\/a>Wprost z piasku wchodzimy na asfaltowe \u201ekrzy\u017c\u00f3wki\u201d i ostro\u017cnie podchodzimy na wprost, by zaraz skr\u0119ci\u0107 w lewo ku ul. Grunwaldzkiej \u2013 <span style=\"color: #0000ff;\"><a style=\"color: #0000ff;\" href=\"https:\/\/photos.app.goo.gl\/Mzbd1UKht1HzPa64A\" target=\"_blank\" rel=\"noopener noreferrer\"><strong>wi\u0119cej&gt;&gt;&gt;<\/strong><\/a><\/span><\/p>\n<p>Id\u0105c dalej kt\u00f3ry\u015b ju\u017c raz zachwyca nas z lewej po\u0142o\u017cenie i wygl\u0105d przedwojennego drewnianego pensjonatu \u201ena G\u00f3rce\u201d, a tu\u017c za nim po prawej zaciekawienie wzbudza zadbana kapliczka maryjna, a wi\u0119ksze &#8211; sosna, do kt\u00f3rej jest przymocowana.<\/p>\n<p>Wida\u0107 jak tu\u017c nad kapliczk\u0105 pie\u0144 z\u017car\u0142y szkodniki i w ko\u0144cu pionowy wierzcho\u0142ek usech\u0142, za to jeden z odchodz\u0105cy w bok konar\u00f3w wygi\u0105\u0142 si\u0119, \u201ezawr\u00f3ci\u0142\u201d ku g\u00f3rze, rozr\u00f3s\u0142 si\u0119 i ruszy\u0142 ku niebu.<\/p>\n<p><a href=\"http:\/\/info.sadowne.pl\/wp-content\/uploads\/2019\/02\/2019.02.19.9.jpg\" target=\"_blank\" rel=\"noopener noreferrer\"><img loading=\"lazy\" decoding=\"async\" class=\"alignright wp-image-20073 size-thumbnail\" src=\"http:\/\/info.sadowne.pl\/wp-content\/uploads\/2019\/02\/2019.02.19.9-180x130.jpg\" alt=\"\" width=\"180\" height=\"130\" \/><\/a>Z Grunwaldzkiej ruszamy w prawo-skos w Ku\u017anic\u0119, wzd\u0142u\u017c \u015bciany lasu z prawej. A z lewej za posesjami dostrzegamy ul. Le\u015bn\u0105, kt\u00f3r\u0105 zaledwie przed godzink\u0105 szli\u015bmy i zauwa\u017camy wyra\u017ane obni\u017cenie terenu przeci\u0119te ul. Grunwaldzk\u0105. Przed wojn\u0105 by\u0142o ono \u015br\u00f3dle\u015bn\u0105 polan\u0105, na kt\u00f3rej handlowano ko\u0144mi.<\/p>\n<p>Min\u0105wszy las z prawej jest wyra\u017ane obni\u017cenie terenu; to obszar zalewowy Bojewki, kt\u00f3rej spi\u0119trzone wody nap\u0119dza\u0142y przed wiekami kowalskie miechy, a mo\u017ce i m\u0142y\u0144skie ko\u0142a, po kt\u00f3rych pozosta\u0142o tylko niewielkie wzniesienie przed mostkiem.<\/p>\n<p><a href=\"http:\/\/info.sadowne.pl\/wp-content\/uploads\/2019\/02\/2019.02.19.10.jpg\" target=\"_blank\" rel=\"noopener noreferrer\"><img loading=\"lazy\" decoding=\"async\" class=\"alignleft wp-image-20074 size-thumbnail\" src=\"http:\/\/info.sadowne.pl\/wp-content\/uploads\/2019\/02\/2019.02.19.10-180x130.jpg\" alt=\"\" width=\"180\" height=\"130\" \/><\/a>Za mostkiem za\u015b dochodzimy do miejsca, gdzie ulica Ko\u015bciuszki zmienia si\u0119 w S\u0142oneczn\u0105 i skr\u0119camy w lewo, w t\u0105 pierwsz\u0105. St\u0105d ledwie kilkaset metr\u00f3w chodnikiem z kostki brukowej wprost do GOK-u \u2013 <span style=\"color: #0000ff;\"><a style=\"color: #0000ff;\" href=\"https:\/\/photos.app.goo.gl\/P47ch5QNuX3yLYRE6\" target=\"_blank\" rel=\"noopener noreferrer\"><strong>wi\u0119cej&gt;&gt;&gt;<\/strong><\/a><\/span><\/p>\n<p>Dzisiejsza trasa jest nieco inna ni\u017c poprzednie, cho\u0107 tak r\u00f3\u017cnorodna jak Sadowne, gdzie i domy, pola i las, i piaski i woda, i ruchliwa szosa, ulice pe\u0142ne ludzi i uliczki spokojne, kameralne, mo\u017ce wymagaj\u0105ce zadbania\u2026<\/p>\n<p><img loading=\"lazy\" decoding=\"async\" class=\"aligncenter size-full wp-image-20076\" src=\"http:\/\/info.sadowne.pl\/wp-content\/uploads\/2019\/02\/2019.02.19.12.jpg\" alt=\"\" width=\"250\" height=\"250\" \/><\/p>\n<p><strong>Tekst:<\/strong> RW<\/p>\n<p><strong>Foto:<\/strong> S\u0142awek Chyli\u0144ski<\/p>\n","protected":false},"excerpt":{"rendered":"<p>Tym razem kr\u00f3tsza trasa, bo licz\u0105ca niewiele ponad 4 km, ale drogami, kt\u00f3re rzadko s\u0105 odwiedzane przez mieszka\u0144c\u00f3w Sadownego. Ruszamy do Gaju i na \u201ePiaskow\u0105 G\u00f3rk\u0119\u201d.<\/p>\n","protected":false},"author":1,"featured_media":0,"comment_status":"closed","ping_status":"closed","sticky":false,"template":"","format":"standard","meta":{"footnotes":""},"categories":[5,906,7,2962],"tags":[907,2940,3031,2939],"class_list":["post-20064","post","type-post","status-publish","format-standard","hentry","category-newsy","category-rekreacja","category-sport","category-trasy-piesze","tag-rekreacja-2","tag-sadowienskie-spacery","tag-trasa-piesza-nr-4-w-sadownem","tag-trasy-piesze-sadownego"],"views":3409,"_links":{"self":[{"href":"https:\/\/info.sadowne.pl\/index.php?rest_route=\/wp\/v2\/posts\/20064","targetHints":{"allow":["GET"]}}],"collection":[{"href":"https:\/\/info.sadowne.pl\/index.php?rest_route=\/wp\/v2\/posts"}],"about":[{"href":"https:\/\/info.sadowne.pl\/index.php?rest_route=\/wp\/v2\/types\/post"}],"author":[{"embeddable":true,"href":"https:\/\/info.sadowne.pl\/index.php?rest_route=\/wp\/v2\/users\/1"}],"replies":[{"embeddable":true,"href":"https:\/\/info.sadowne.pl\/index.php?rest_route=%2Fwp%2Fv2%2Fcomments&post=20064"}],"version-history":[{"count":2,"href":"https:\/\/info.sadowne.pl\/index.php?rest_route=\/wp\/v2\/posts\/20064\/revisions"}],"predecessor-version":[{"id":20077,"href":"https:\/\/info.sadowne.pl\/index.php?rest_route=\/wp\/v2\/posts\/20064\/revisions\/20077"}],"wp:attachment":[{"href":"https:\/\/info.sadowne.pl\/index.php?rest_route=%2Fwp%2Fv2%2Fmedia&parent=20064"}],"wp:term":[{"taxonomy":"category","embeddable":true,"href":"https:\/\/info.sadowne.pl\/index.php?rest_route=%2Fwp%2Fv2%2Fcategories&post=20064"},{"taxonomy":"post_tag","embeddable":true,"href":"https:\/\/info.sadowne.pl\/index.php?rest_route=%2Fwp%2Fv2%2Ftags&post=20064"}],"curies":[{"name":"wp","href":"https:\/\/api.w.org\/{rel}","templated":true}]}}