{"id":20095,"date":"2019-02-24T19:04:47","date_gmt":"2019-02-24T18:04:47","guid":{"rendered":"http:\/\/info.sadowne.pl\/?p=20095"},"modified":"2023-12-07T15:47:15","modified_gmt":"2023-12-07T14:47:15","slug":"zapusty-w-ocietem","status":"publish","type":"post","link":"https:\/\/info.sadowne.pl\/?p=20095","title":{"rendered":"Zapusty w Oci\u0119tem"},"content":{"rendered":"<p><strong><img loading=\"lazy\" decoding=\"async\" class=\"alignleft size-thumbnail wp-image-20096\" src=\"http:\/\/info.sadowne.pl\/wp-content\/uploads\/2019\/02\/2019.02.24.1-180x130.jpg\" alt=\"\" width=\"180\" height=\"130\" \/>Zapusty to tradycja karnawa\u0142owa. Tym razem Zesp\u00f3\u0142 \u015apiewaczy \u201eSadowianki\u201d przyby\u0142 z inscenizacj\u0105 o tej tematyce do Oci\u0119tego.<\/strong><!--more--><\/p>\n<p><em>Staropolsk\u0105\u00a0sk\u0142onno\u015b\u0107\u00a0do\u00a0radosnego\u00a0biesiadowania\u00a0w\u00a0weso\u0142ej\u00a0kompanii najpe\u0142niej chyba uciele\u015bnia\u0142y\u2026 zapusty. Termin ten rozumiano r\u00f3\u017cnie, a w najszerszym znaczeniu by\u0142 to okres hucznych zabaw trwaj\u0105cy od Nowego Roku b\u0105d\u017a Objawienia Pa\u0144skiego a\u017c do \u015arody Popielcowej. By\u0142y wszelako i mniej okaza\u0142e interpretacje twierdz\u0105ce, \u017ce zapusty trwaj\u0105 przez ostatni tydzie\u0144 przed Popielcem, a nawet przez ostatnie trzy dni (te czasami okre\u015blano mianem mi\u0119sopustu). Tak czy inaczej w czasach staropolskich zapusty stanowi\u0142y czas wyj\u0105tkowo hucznej zabawy.\u00a0<\/em><\/p>\n<p>T\u0119 tradycj\u0105 karnawa\u0142ow\u0105, kryj\u0105c\u0105 si\u0119 pod nazw\u0105 \u201ezapusty\u201d, w niedzielne popo\u0142udnie 24 lutego przedstawi\u0142 mieszka\u0144com Oci\u0119tego Zesp\u00f3\u0142 \u015apiewaczy \u201eSadowianki\u201d. Przyby\u0142 tu na zaproszenie Ko\u0142a Gospody\u0144 Wiejskich w Oci\u0119tem i So\u0142ectwa Wsi Oci\u0119te.<\/p>\n<p>Przy pe\u0142nej sali \u015awietlicy Wiejskiej arty\u015bci zaprezentowali w ponad godzinnym spektaklu s\u0142owno \u2013 muzycznych esencj\u0119 tradycji zapustowych, pocz\u0105wszy od barwnego korowodu, poprzez humorystyczne scenki i pie\u015bni okresu zapustowego, a sko\u0144czywszy na ukazaniu biesiady wiejskiej. Przepi\u0119kna i weso\u0142a inscenizacja wzbudzi\u0142a zachwyt widz\u00f3w, kt\u00f3rzy nagrodzili wyst\u0119p g\u0142o\u015bnymi i d\u0142ugimi brawami. A po wyst\u0119pie\u2026 wsp\u00f3lne, zapustowe biesiadowanie, do kt\u00f3rego zaprosili gospodarze spotkania.<\/p>\n<p>A jak si\u0119 dowiadujemy, niedziela by\u0142a ju\u017c drugim dniem zabaw karnawa\u0142owych w Oci\u0119tem. W sobot\u0119 w \u015awietlicy Wiejskiej odby\u0142 si\u0119 bal karnawa\u0142owy, kt\u00f3rego uczestnicy biesiadowali przy suto zastawionych swojskim jad\u0142em sto\u0142ach, a do ta\u0144ca przygrywa\u0142 im Zesp\u00f3\u0142 Muzyczny &#8222;Plejada&#8221;. Pono\u0107 by\u0142o \u015bwietnie, zabawowicze s\u0105 zachwyceni i nie mog\u0105 doczeka\u0107 si\u0119 kolejnego spotkania&#8230; Bal przygotowa\u0142o oczywi\u015bcie Ko\u0142o Gospody\u0144 Wiejskich w Oci\u0119tem, przy udziale So\u0142ectwa Oci\u0119te.<\/p>\n<p><span style=\"color: #0000ff;\"><a style=\"color: #0000ff;\" href=\"https:\/\/photos.app.goo.gl\/vKCHody83GFDubwx8\" target=\"_blank\" rel=\"noopener noreferrer\"><strong>Zdj\u0119cia w galerii Google&gt;&gt;&gt;<\/strong><\/a><\/span><\/p>\n<p><span style=\"color: #0000ff;\"><a style=\"color: #0000ff;\" href=\"https:\/\/youtu.be\/7WN0mB0aZjo\" target=\"_blank\" rel=\"noopener noreferrer\"><strong>Zobacz te\u017c film&gt;&gt;&gt;<\/strong><\/a><\/span><\/p>\n<p><strong>Tekst\/foto:<\/strong> S\u0142awek Chyli\u0144ski<\/p>\n","protected":false},"excerpt":{"rendered":"<p>Zapusty to tradycja karnawa\u0142owa. Tym razem Zesp\u00f3\u0142 \u015apiewaczy \u201eSadowianki\u201d przyby\u0142 z inscenizacj\u0105 o tej tematyce do Oci\u0119tego.<\/p>\n","protected":false},"author":1,"featured_media":0,"comment_status":"closed","ping_status":"closed","sticky":false,"template":"","format":"standard","meta":{"footnotes":""},"categories":[5,4062,41],"tags":[3005,180,3006,3033,960],"class_list":["post-20095","post","type-post","status-publish","format-standard","hentry","category-newsy","category-kola-gospodyn-wiejskich","category-wiesci-gminne","tag-kolo-gospodyn-wiejskich-w-ocietem","tag-ociete","tag-solectwo-ociete","tag-zapusty","tag-zespol-spiewaczy-sadowianki"],"views":3430,"_links":{"self":[{"href":"https:\/\/info.sadowne.pl\/index.php?rest_route=\/wp\/v2\/posts\/20095","targetHints":{"allow":["GET"]}}],"collection":[{"href":"https:\/\/info.sadowne.pl\/index.php?rest_route=\/wp\/v2\/posts"}],"about":[{"href":"https:\/\/info.sadowne.pl\/index.php?rest_route=\/wp\/v2\/types\/post"}],"author":[{"embeddable":true,"href":"https:\/\/info.sadowne.pl\/index.php?rest_route=\/wp\/v2\/users\/1"}],"replies":[{"embeddable":true,"href":"https:\/\/info.sadowne.pl\/index.php?rest_route=%2Fwp%2Fv2%2Fcomments&post=20095"}],"version-history":[{"count":4,"href":"https:\/\/info.sadowne.pl\/index.php?rest_route=\/wp\/v2\/posts\/20095\/revisions"}],"predecessor-version":[{"id":20100,"href":"https:\/\/info.sadowne.pl\/index.php?rest_route=\/wp\/v2\/posts\/20095\/revisions\/20100"}],"wp:attachment":[{"href":"https:\/\/info.sadowne.pl\/index.php?rest_route=%2Fwp%2Fv2%2Fmedia&parent=20095"}],"wp:term":[{"taxonomy":"category","embeddable":true,"href":"https:\/\/info.sadowne.pl\/index.php?rest_route=%2Fwp%2Fv2%2Fcategories&post=20095"},{"taxonomy":"post_tag","embeddable":true,"href":"https:\/\/info.sadowne.pl\/index.php?rest_route=%2Fwp%2Fv2%2Ftags&post=20095"}],"curies":[{"name":"wp","href":"https:\/\/api.w.org\/{rel}","templated":true}]}}