{"id":20140,"date":"2019-03-10T09:16:54","date_gmt":"2019-03-10T08:16:54","guid":{"rendered":"http:\/\/info.sadowne.pl\/?p=20140"},"modified":"2019-03-10T09:16:54","modified_gmt":"2019-03-10T08:16:54","slug":"jeszcze-raz","status":"publish","type":"post","link":"https:\/\/info.sadowne.pl\/?p=20140","title":{"rendered":"Jeszcze raz\u2026"},"content":{"rendered":"<p><strong><img loading=\"lazy\" decoding=\"async\" class=\"alignleft size-thumbnail wp-image-20141\" src=\"http:\/\/info.sadowne.pl\/wp-content\/uploads\/2019\/03\/2019.03.09.2-180x130.jpg\" alt=\"\" width=\"180\" height=\"130\" \/>\u2026najserdeczniejsze \u017cyczenia dla naszych Pa\u0144 z okazji Ich \u015awi\u0119ta.<\/strong><!--more--><\/p>\n<p>\u017byczeniami i symboliczn\u0105 r\u00f3\u017cyczk\u0105 dla przyby\u0142ych Pa\u0144 W\u00f3jt Gminy Sadowne p. Waldemar Cyran rozpocz\u0105\u0142 9 marca spotkanie w Sali OSP Sadowne z okazji Dnia Kobiet. Atmosfery i podnios\u0142o\u015bci tego spotkania nie da si\u0119 opisa\u0107, a wi\u0119c w skr\u00f3cie\u2026<\/p>\n<p>Po oficjalnym powitaniu odby\u0142a si\u0119 cz\u0119\u015b\u0107 artystyczna, kt\u00f3r\u0105 rozpocz\u0119li m\u0142odzi arty\u015bci z Grupy Teatralnej BAJ, prowadzonej przez p. Danut\u0119 Chyli\u0144sk\u0105 w Gminnym O\u015brodku Kultury w Sadownem. Grupa zaprezentowa\u0142a przedstawienie pt. \u201eAch te czarownice\u201d, ale niech nikt nie por\u00f3wnuje bohaterek przedstawienia do obecnych Pa\u0144 na widowni \u2013 to tylko teatr i sztuka.<\/p>\n<p>W przerwie scenicznej p. Ewa Pi\u00f3rkowska, ju\u017c tradycyjnie, przeprowadzi\u0142a losowanie gad\u017cet\u00f3w i niespodzianek dla uczestniczek uroczysto\u015bci. Mog\u0142o si\u0119 wydawa\u0107, \u017ce czynno\u015b\u0107 ta trwa w niesko\u0144czono\u015b\u0107, ale Gminny O\u015brodek Kultury w Sadownem, dzi\u0119ki hojno\u015bci lokalnych sponsor\u00f3w, z roku na rok poszerza \u201eworek z prezentami\u201d dla uczestniczek Gminnego Dnia Kobiet. W rol\u0119 \u201ekurier\u00f3w\u201d sprawnie dostarczaj\u0105cych pod w\u0142a\u015bciwy adres prezenty wcielili si\u0119 Panowie: Waldemar Cyran, Marcin Gr\u0119da i Tomasz Szymanik<\/p>\n<p>A nast\u0119pnie &#8211; RAZ NA JAKI\u015a CZAS NIE CZ\u0118\u015aCIEJ NI\u017b RAZ W ROKU ZAWSZE NA DZIE\u0143 KOBIET. Ju\u017c po raz czwarty do Sadownego na Dzie\u0144 Kobiet zawita\u0142a ju\u017c dwudziestoosobowa grupa artystyczna o tej ciekawej nazwie, dzia\u0142aj\u0105ca przy Zespole Szk\u00f3\u0142 Ponadgimnazjalnych w \u0141ochowie pod kierunkiem Dyrektora tej Plac\u00f3wki p. Andrzeja Suchenka. I tu\u2026 repertuar, kt\u00f3ry sk\u0142ada\u0142 si\u0119 ze znanych polskich utwor\u00f3w muzycznych, oczywi\u015bcie dobranych tematycznie, a tak\u017ce humorystycznych \u201ewstawek\u201d w wykonaniu nale\u017c\u0105cych do zespo\u0142u profesor\u00f3w \u0142ochowskiej \u015bredniej szko\u0142y.<\/p>\n<p>Po takich emocjach, wsp\u00f3lnym \u015bpiewie i z zamiarem \u201ewystudzenia\u201d, a mo\u017ce os\u0142odzenia chwili, na sal\u0119 wjecha\u0142 tort, a w\u0142a\u015bciwie dwa torty, kt\u00f3rych \u201eautorami\u201d by\u0142 W\u00f3jt Gminy Sadowne i Rada Gminy Sadowne.<\/p>\n<p>To tak w skr\u00f3cie. Zobaczmy, jak to faktycznie wygl\u0105da\u0142o\u2026<\/p>\n<p><span style=\"color: #0000ff;\"><a style=\"color: #0000ff;\" href=\"https:\/\/photos.app.goo.gl\/EyASW65P2vzaXNjy5\" target=\"_blank\" rel=\"noopener noreferrer\"><strong>Zdj\u0119cia w galerii Google&gt;&gt;&gt;<\/strong><\/a><\/span><\/p>\n<p><strong>Tekst\/foto:<\/strong> S\u0142awek Chyli\u0144ski<\/p>\n","protected":false},"excerpt":{"rendered":"<p>\u2026najserdeczniejsze \u017cyczenia dla naszych Pa\u0144 z okazji Ich \u015awi\u0119ta.<\/p>\n","protected":false},"author":1,"featured_media":0,"comment_status":"closed","ping_status":"closed","sticky":false,"template":"","format":"standard","meta":{"footnotes":""},"categories":[5,41],"tags":[1841,169,614],"class_list":["post-20140","post","type-post","status-publish","format-standard","hentry","category-newsy","category-wiesci-gminne","tag-gminny-dzien-kobiet-w-sadownem","tag-gminny-osrodek-kultury-w-sadownem","tag-wojt-gminy-sadowne"],"views":2699,"_links":{"self":[{"href":"https:\/\/info.sadowne.pl\/index.php?rest_route=\/wp\/v2\/posts\/20140","targetHints":{"allow":["GET"]}}],"collection":[{"href":"https:\/\/info.sadowne.pl\/index.php?rest_route=\/wp\/v2\/posts"}],"about":[{"href":"https:\/\/info.sadowne.pl\/index.php?rest_route=\/wp\/v2\/types\/post"}],"author":[{"embeddable":true,"href":"https:\/\/info.sadowne.pl\/index.php?rest_route=\/wp\/v2\/users\/1"}],"replies":[{"embeddable":true,"href":"https:\/\/info.sadowne.pl\/index.php?rest_route=%2Fwp%2Fv2%2Fcomments&post=20140"}],"version-history":[{"count":1,"href":"https:\/\/info.sadowne.pl\/index.php?rest_route=\/wp\/v2\/posts\/20140\/revisions"}],"predecessor-version":[{"id":20142,"href":"https:\/\/info.sadowne.pl\/index.php?rest_route=\/wp\/v2\/posts\/20140\/revisions\/20142"}],"wp:attachment":[{"href":"https:\/\/info.sadowne.pl\/index.php?rest_route=%2Fwp%2Fv2%2Fmedia&parent=20140"}],"wp:term":[{"taxonomy":"category","embeddable":true,"href":"https:\/\/info.sadowne.pl\/index.php?rest_route=%2Fwp%2Fv2%2Fcategories&post=20140"},{"taxonomy":"post_tag","embeddable":true,"href":"https:\/\/info.sadowne.pl\/index.php?rest_route=%2Fwp%2Fv2%2Ftags&post=20140"}],"curies":[{"name":"wp","href":"https:\/\/api.w.org\/{rel}","templated":true}]}}