{"id":20163,"date":"2019-03-15T13:19:26","date_gmt":"2019-03-15T12:19:26","guid":{"rendered":"http:\/\/info.sadowne.pl\/?p=20163"},"modified":"2019-03-15T13:19:26","modified_gmt":"2019-03-15T12:19:26","slug":"uroczyste-odsloniecie-tablic","status":"publish","type":"post","link":"https:\/\/info.sadowne.pl\/?p=20163","title":{"rendered":"UROCZYSTE ODS\u0141ONI\u0118CIE TABLIC"},"content":{"rendered":"<p><strong><img loading=\"lazy\" decoding=\"async\" class=\"alignleft size-thumbnail wp-image-20164\" src=\"http:\/\/info.sadowne.pl\/wp-content\/uploads\/2019\/03\/2019.03.15.1-180x130.jpg\" alt=\"\" width=\"180\" height=\"130\" \/>Dyrektor Instytutu Pileckiego, Starosta W\u0119growski oraz W\u00f3jt Gminy Sadowne zapraszaj\u0105 24 marca na uroczyste ods\u0142oni\u0119cie tablic pami\u0105tkowych.\u00a0<\/strong><!--more--><\/p>\n<p><img loading=\"lazy\" decoding=\"async\" class=\"aligncenter size-full wp-image-20164\" src=\"http:\/\/info.sadowne.pl\/wp-content\/uploads\/2019\/03\/2019.03.15.1.jpg\" alt=\"\" width=\"601\" height=\"847\" srcset=\"https:\/\/info.sadowne.pl\/wp-content\/uploads\/2019\/03\/2019.03.15.1.jpg 601w, https:\/\/info.sadowne.pl\/wp-content\/uploads\/2019\/03\/2019.03.15.1-213x300.jpg 213w\" sizes=\"auto, (max-width: 601px) 100vw, 601px\" \/><\/p>\n","protected":false},"excerpt":{"rendered":"<p>Dyrektor Instytutu Pileckiego, Starosta W\u0119growski oraz W\u00f3jt Gminy Sadowne zapraszaj\u0105 24 marca na uroczyste ods\u0142oni\u0119cie tablic pami\u0105tkowych.\u00a0<\/p>\n","protected":false},"author":1,"featured_media":0,"comment_status":"closed","ping_status":"closed","sticky":false,"template":"","format":"standard","meta":{"footnotes":""},"categories":[5,41],"tags":[3045,2111,3046,614],"class_list":["post-20163","post","type-post","status-publish","format-standard","hentry","category-newsy","category-wiesci-gminne","tag-instytut-pileckiego","tag-starosta-wegrowski","tag-uroczyste-odsloniecie-tablic-pamiatkowych-w-sadownem","tag-wojt-gminy-sadowne"],"views":2836,"_links":{"self":[{"href":"https:\/\/info.sadowne.pl\/index.php?rest_route=\/wp\/v2\/posts\/20163","targetHints":{"allow":["GET"]}}],"collection":[{"href":"https:\/\/info.sadowne.pl\/index.php?rest_route=\/wp\/v2\/posts"}],"about":[{"href":"https:\/\/info.sadowne.pl\/index.php?rest_route=\/wp\/v2\/types\/post"}],"author":[{"embeddable":true,"href":"https:\/\/info.sadowne.pl\/index.php?rest_route=\/wp\/v2\/users\/1"}],"replies":[{"embeddable":true,"href":"https:\/\/info.sadowne.pl\/index.php?rest_route=%2Fwp%2Fv2%2Fcomments&post=20163"}],"version-history":[{"count":1,"href":"https:\/\/info.sadowne.pl\/index.php?rest_route=\/wp\/v2\/posts\/20163\/revisions"}],"predecessor-version":[{"id":20165,"href":"https:\/\/info.sadowne.pl\/index.php?rest_route=\/wp\/v2\/posts\/20163\/revisions\/20165"}],"wp:attachment":[{"href":"https:\/\/info.sadowne.pl\/index.php?rest_route=%2Fwp%2Fv2%2Fmedia&parent=20163"}],"wp:term":[{"taxonomy":"category","embeddable":true,"href":"https:\/\/info.sadowne.pl\/index.php?rest_route=%2Fwp%2Fv2%2Fcategories&post=20163"},{"taxonomy":"post_tag","embeddable":true,"href":"https:\/\/info.sadowne.pl\/index.php?rest_route=%2Fwp%2Fv2%2Ftags&post=20163"}],"curies":[{"name":"wp","href":"https:\/\/api.w.org\/{rel}","templated":true}]}}