{"id":20166,"date":"2019-03-16T11:14:51","date_gmt":"2019-03-16T10:14:51","guid":{"rendered":"http:\/\/info.sadowne.pl\/?p=20166"},"modified":"2019-03-16T11:14:51","modified_gmt":"2019-03-16T10:14:51","slug":"warto-rozmawiac","status":"publish","type":"post","link":"https:\/\/info.sadowne.pl\/?p=20166","title":{"rendered":"Warto rozmawia\u0107?"},"content":{"rendered":"<p><strong><img loading=\"lazy\" decoding=\"async\" class=\"alignleft size-thumbnail wp-image-20167\" src=\"http:\/\/info.sadowne.pl\/wp-content\/uploads\/2019\/03\/wartorozmawia\u0107-180x130.jpg\" alt=\"\" width=\"180\" height=\"130\" \/>Warto &#8211; rozmawia\u0107, przypomina\u0107, wyja\u015bnia\u0107\u2026 przedstawia\u0107 \u201ewszem i wobec\u201d ma\u0142o znane przypadki pomocy \u017bydom w czasie okupacji niemieckiej, za kt\u00f3r\u0105 naszym rodakom przysz\u0142o zap\u0142aci\u0107 najwy\u017csz\u0105 cen\u0119.<\/strong><!--more--><\/p>\n<p>Ju\u017c 24 marca b\u0119dziemy mieli okazj\u0119 upami\u0119tni\u0107 mieszka\u0144c\u00f3w Sadownego i naszej Gminy, kt\u00f3rzy w czasie II wojny \u015bwiatowej, pomimo zagro\u017cenia utraty \u017cycia, podj\u0119li ryzyko niesienia pomocy prze\u015bladowanym przez okupanta \u017bydom. Ku ich czci, po uroczystej mszy \u015bwi\u0119tej, kt\u00f3ra odb\u0119dzie si\u0119 o godz. 11.00 w miejscowym ko\u015bciele, na przyko\u015bcielnym skwerku nast\u0105pi ods\u0142oni\u0119cie tablicy upami\u0119tniaj\u0105cej Mieszka\u0144c\u00f3w Gminy Sadowne za pomoc okazan\u0105 \u017bydom, a nast\u0119pnie \u2013 ju\u017c na ul. Mazowieckiej \u2013 ods\u0142oni\u0119cie tablicy upami\u0119tniaj\u0105cej Rodzin\u0119 Lubkiewicz\u00f3w, zamordowanych przez \u017co\u0142nierzy niemieckich\u2026 za bochenek chleba, kt\u00f3ry przekazali dw\u00f3m dziewczynom narodowo\u015bci \u017cydowskiej.<\/p>\n<p>O wydarzeniu z 13 stycznia 1943 r., kt\u00f3rego fina\u0142em by\u0142a tragiczna \u015bmier\u0107 Marii, Leona i Stefana Lubkiewicz\u00f3w, piekarzy z Sadownego, pisali\u015bmy wcze\u015bniej. Pisa\u0142y te\u017c o tym media og\u00f3lnopolskie, a tak\u017ce mogli\u015bmy obejrze\u0107 prezentowane przez telewizj\u0119 publiczn\u0105 reporta\u017ce. W przeddzie\u0144 sadowie\u0144skich uroczysto\u015bci przypomnimy Pa\u0144stwu fragment reporta\u017cu z programu TVP \u201eWarto rozmawia\u0107\u201d, w kt\u00f3rym o tym tragicznym wydarzeniu opowiada p. Gra\u017cyna Olton, wnuczka zamordowanych piekarzy.<\/p>\n<p>Zapraszamy wszystkich Pa\u0144stwa na uroczysto\u015bci upami\u0119tniaj\u0105ce naszych rodak\u00f3w, kt\u00f3rzy nie\u015bli bezinteresown\u0105 pomoc okazan\u0105 \u017bydom w czasie okupacji niemieckiej. Na uroczysto\u015bci zapraszaj\u0105: dr Wojciech Koz\u0142owski &#8211; Dyrektor Instytutu Pileckiego, Ewa Besztak &#8211; Starosta W\u0119growski i Waldemar Cyran &#8211; W\u00f3jt Gminy Sadowne, a odb\u0119d\u0105 si\u0119 one pod honorowym patronatem Wicemarsza\u0142ek Senatu RP Marii Koc.<\/p>\n<p><strong>Zobacz film na stronie\u00a0<span style=\"color: #0000ff;\"><a style=\"color: #0000ff;\" href=\"https:\/\/vimeo.com\/324189321\" target=\"_blank\" rel=\"noopener noreferrer\">https:\/\/vimeo.com\/324189321<\/a><\/span><\/strong><\/p>\n<p><strong>Tekst:<\/strong> S\u0142awek Chyli\u0144ski<\/p>\n","protected":false},"excerpt":{"rendered":"<p>Warto &#8211; rozmawia\u0107, przypomina\u0107, wyja\u015bnia\u0107\u2026 przedstawia\u0107 \u201ewszem i wobec\u201d ma\u0142o znane przypadki pomocy \u017bydom w czasie okupacji niemieckiej, za kt\u00f3r\u0105 naszym rodakom przysz\u0142o zap\u0142aci\u0107 najwy\u017csz\u0105 cen\u0119.<\/p>\n","protected":false},"author":1,"featured_media":0,"comment_status":"closed","ping_status":"closed","sticky":false,"template":"","format":"standard","meta":{"footnotes":""},"categories":[5,41],"tags":[25,3046],"class_list":["post-20166","post","type-post","status-publish","format-standard","hentry","category-newsy","category-wiesci-gminne","tag-sadowne","tag-uroczyste-odsloniecie-tablic-pamiatkowych-w-sadownem"],"views":3106,"_links":{"self":[{"href":"https:\/\/info.sadowne.pl\/index.php?rest_route=\/wp\/v2\/posts\/20166","targetHints":{"allow":["GET"]}}],"collection":[{"href":"https:\/\/info.sadowne.pl\/index.php?rest_route=\/wp\/v2\/posts"}],"about":[{"href":"https:\/\/info.sadowne.pl\/index.php?rest_route=\/wp\/v2\/types\/post"}],"author":[{"embeddable":true,"href":"https:\/\/info.sadowne.pl\/index.php?rest_route=\/wp\/v2\/users\/1"}],"replies":[{"embeddable":true,"href":"https:\/\/info.sadowne.pl\/index.php?rest_route=%2Fwp%2Fv2%2Fcomments&post=20166"}],"version-history":[{"count":2,"href":"https:\/\/info.sadowne.pl\/index.php?rest_route=\/wp\/v2\/posts\/20166\/revisions"}],"predecessor-version":[{"id":20169,"href":"https:\/\/info.sadowne.pl\/index.php?rest_route=\/wp\/v2\/posts\/20166\/revisions\/20169"}],"wp:attachment":[{"href":"https:\/\/info.sadowne.pl\/index.php?rest_route=%2Fwp%2Fv2%2Fmedia&parent=20166"}],"wp:term":[{"taxonomy":"category","embeddable":true,"href":"https:\/\/info.sadowne.pl\/index.php?rest_route=%2Fwp%2Fv2%2Fcategories&post=20166"},{"taxonomy":"post_tag","embeddable":true,"href":"https:\/\/info.sadowne.pl\/index.php?rest_route=%2Fwp%2Fv2%2Ftags&post=20166"}],"curies":[{"name":"wp","href":"https:\/\/api.w.org\/{rel}","templated":true}]}}