{"id":20173,"date":"2019-03-17T19:30:26","date_gmt":"2019-03-17T18:30:26","guid":{"rendered":"http:\/\/info.sadowne.pl\/?p=20173"},"modified":"2021-09-01T21:11:25","modified_gmt":"2021-09-01T19:11:25","slug":"wiosenny-marsz","status":"publish","type":"post","link":"https:\/\/info.sadowne.pl\/?p=20173","title":{"rendered":"Wiosenny marsz\u2026"},"content":{"rendered":"<p><strong><a href=\"http:\/\/info.sadowne.pl\/wp-content\/uploads\/2019\/03\/2019.03.17.1.jpg\" target=\"_blank\" rel=\"noopener noreferrer\"><img loading=\"lazy\" decoding=\"async\" class=\"alignleft wp-image-20174 size-thumbnail\" src=\"http:\/\/info.sadowne.pl\/wp-content\/uploads\/2019\/03\/2019.03.17.1-180x130.jpg\" alt=\"\" width=\"180\" height=\"130\" \/><\/a>Prawdziwie wiosenna by\u0142a dzisiejsza (17.03.2019 r.) w\u0119dr\u00f3wka z kijkami zorganizowana przez nasz Gminny O\u015brodek Kultury. <\/strong><!--more--><\/p>\n<p>Ostatnie wietrzne, mokre i szare dni nie zapowiada\u0142y, \u017ce niedziela b\u0119dzie tak przyjemnie odmienna. Jeszcze ranek by\u0142 ch\u0142odny i pochmurny, ale gdy tu\u017c po po\u0142udniu ruszyli\u015bmy \u201ew tras\u0119\u201d, z ka\u017cdym kilometrem by\u0142o coraz s\u0142oneczniej, cieplej i weselej.<\/p>\n<p><img loading=\"lazy\" decoding=\"async\" class=\"alignright size-full wp-image-20175\" src=\"http:\/\/info.sadowne.pl\/wp-content\/uploads\/2019\/03\/2019.03.17.2.png\" alt=\"\" width=\"194\" height=\"382\" srcset=\"https:\/\/info.sadowne.pl\/wp-content\/uploads\/2019\/03\/2019.03.17.2.png 194w, https:\/\/info.sadowne.pl\/wp-content\/uploads\/2019\/03\/2019.03.17.2-152x300.png 152w\" sizes=\"auto, (max-width: 194px) 100vw, 194px\" \/>Spod budynku GOK-u ca\u0142\u0105 pi\u0119tnastk\u0105 poszli\u015bmy zwartym szykiem ul. Ko\u015bciuszki, by za Bojewk\u0105 i O\u015brodkiem Zdrowia skr\u0119ci\u0107 w Ku\u017anic\u0119 i z niej zag\u0142\u0119bi\u0107 si\u0119 w g\u0142\u00f3wnie sosnowy las porastaj\u0105cy morenowe pag\u00f3rki. Lasem skracali\u015bmy drog\u0119 ku stacji PKP w Sadownem, kt\u00f3ra by\u0142a pierwszym wyznaczonym dzi\u015b celem. A w lesie najpierw przeszli\u015bmy nieco wij\u0105c\u0105 si\u0119 po pag\u00f3rkowatym terenie \u015bcie\u017ck\u0105, potem szersz\u0105 i prost\u0105 le\u015bn\u0105 \u201elini\u0105\u201d, by doj\u015b\u0107 do asfaltowej szosy biegn\u0105cej z Sadownego do W\u0119growa. Tu pierwszy kr\u00f3tki odpoczynek na pniu spr\u00f3chnia\u0142ej, wielkiej sosny, kt\u00f3r\u0105 ostatnia wichura powali\u0142a.<\/p>\n<p>Dalej szybki marsz poboczem malowniczej drogi, co w\u015br\u00f3d lasu obszernymi zakusami mija wy\u017csze pag\u00f3rki. D\u0142u\u017csza \u201eprostka\u201d by\u0142a tylko na wysoko\u015bci \u201eSilikat\u00f3w\u201d, gdzie \u201ezza p\u0142ota\u201d mogli\u015bmy dostrzec gotowe do sprzeda\u017cy kubiki ceg\u0142y \u015bwiadcz\u0105ce o tym, \u017ce zak\u0142ad dalej co\u015b produkuje. Jak dobrze, \u017ce nie dosz\u0142o tu do sk\u0142adowania odpad\u00f3w, czy ich przetwarzania, bo brutalna ingerencja w \u015brodowisko by\u0142aby dla\u0144 zgubna i pewnie nieodwracalna.<\/p>\n<p>Od \u201eSilikat\u00f3w\u201d do stacji PKP Sadowne W\u0119growskie tylko kilka minut, ale po drodze z prawej ju\u017c prze\u015bwitywa\u0142y kikuty brz\u00f3zek na mokradle rezerwatu \u201eKules\u201d. My, po przej\u015bciu prawie 4. km, kr\u00f3tko odpocz\u0119li\u015bmy na nowym peronie kolejowym i wr\u00f3cili\u015bmy \u201ena tras\u0119\u201d, by za budynkiem Nastawni PKP p\u00f3j\u015b\u0107 gruntow\u0105 drog\u0105 biegn\u0105c\u0105 do Ziele\u0144ca. Przy Nastawni weso\u0142e miny nieco nam zrzed\u0142y, bo szukaj\u0105c wiosny szukali\u015bmy pierwszych kwiat\u00f3w, a tam po zimie \u201ewykwit\u0142y\u201d puste butelki, styropianowe opakowania i inne \u015bmieci. Ludzki wstyd w obliczu czarownej, odwiecznej przyrody.<\/p>\n<p>Z biegn\u0105cego w\u015br\u00f3d le\u015bnego boru duktu nasze oczy co rusz spogl\u0105da\u0142y w prawo, gdzie za p\u0142aszczyzn\u0105 rezerwatu \u201eKules\u201d bieli\u0142y si\u0119 wzniesienia u\u017cytku ekologicznego: \u201eZielenieckich Wydm\u201d, okolonych ciemn\u0105 grub\u0105 lini\u0105 sosnowego lasu, nad kt\u00f3r\u0105 widnia\u0142o b\u0142\u0119kitne dzi\u015b niebo. Przed zabudowaniami Ziele\u0144ca tablice postawione przez Nadbu\u017ca\u0144ski Park Krajobrazowy skierowa\u0142y nas w\u0142a\u015bnie ku tym \u201ewydmom\u201d \u2013 kolejnemu celowi wyprawy. Nogi same przy\u015bpiesza\u0142y, by poczu\u0107 mi\u0119kko\u015b\u0107 piasku &#8211; jak na pustyni. Ta nasza to kilka piaszczystych, malowniczych pag\u00f3rk\u00f3w, na kt\u00f3rych zd\u0105\u017cy\u0142y ju\u017c zapu\u015bci\u0107 korzenie rachityczne sosny, a miejscami ni\u017cej po\u0142o\u017conymi zaw\u0142adn\u0119\u0142a w cz\u0119\u015bci ro\u015blinno\u015b\u0107 stepowa. Ca\u0142o\u015b\u0107 okolona pi\u0119knymi lasami i bagiennym obni\u017ceniem w miejscu zaro\u015bni\u0119tego jeziorka. Niemal kilometrowy s\u0142oneczny, \u201epustynny\u201d spacer zako\u0144czyli\u015bmy wkraczaj\u0105c w wysokie ju\u017c zagajniki, co wyros\u0142y w miejscach sk\u0105d wywieziono ca\u0142e g\u00f3rki kwarcowego surowca. Zn\u00f3w id\u0105c \u201eskr\u00f3tami\u201d ze \u015bmiechem pokonali\u015bmy dwie piaszczyste i niemal pionowe skarpy, wyznaczaj\u0105ce granice kopalni odkrywkowej. Tu ju\u017c wszystkie policzki r\u00f3\u017cowi\u0142y si\u0119 zdrowo z wysi\u0142ku i ciep\u0142a.<\/p>\n<p>W ko\u0144cu doszli\u015bmy do szerszej le\u015bnej \u201elinii\u201d biegn\u0105cej prosto ku Sadownemu. \u015awiec\u0105ce w plecy s\u0142oneczko przyjemnie rozgrzewa\u0142o barki, a w\u015br\u00f3d mijanych drzew od czasu do czasu przefruwa\u0142y pierwsze wiosenne motylki. Spokojnie pokonali\u015bmy kilka ma\u0142ych wzniesie\u0144, by za \u015br\u00f3dle\u015bn\u0105, my\u015bliwsk\u0105 ambon\u0105 skr\u0119ci\u0107 w prawo, w ledwie widoczn\u0105 \u015bcie\u017ck\u0119 prowadz\u0105c\u0105 do niedawno pokonywanej marszem szosy. Tu kolejna decyzja, by nie wraca\u0107 szos\u0105, asfaltem, czy poboczem, tylko ruszy\u0107 za szos\u0119, ku kolejnej le\u015bnej \u201elinii\u201d pag\u00f3rkami zmierzaj\u0105cej ku kra\u0144cowi lasu. Tu spacerku nie zak\u0142\u00f3ca\u0142y przeje\u017cd\u017caj\u0105ce auta, a nastroju nie psu\u0142y widoki \u015bmieci z aut tych na pobocze wyrzucanych. Niepok\u00f3j budzi\u0142y tylko pojawiaj\u0105ce si\u0119 cz\u0119sto przestrzenie pustych po\u0142aci \u015bwie\u017co wyci\u0119tego lasu.<\/p>\n<p>Wychodz\u0105c na skraj lasu poszli\u015bmy poln\u0105 drog\u0105 biegn\u0105c\u0105 na granicy lasu i \u0142\u0105k doliny Bojewki. Przy Ku\u017anicy \u201ezatoczyli\u015bmy\u201d dzisiejsze k\u00f3\u0142ko. St\u0105d ju\u017c szybko, bo nieco z g\u00f3rki, przez mostek nad wartkim nurtem rzeczki, ku Ko\u015bciuszki i do GOK-u. A tam, jak zwykle pokrzepiaj\u0105ca kawa i ma\u0142e, smaczne, kaloryczne \u201eco nieco\u201d na odzyskanie si\u0142 po ponad 10. km i ponad 2. godz. w\u0119dr\u00f3wce.<\/p>\n<p>Ka\u017cdemu polecamy pokonanie tej trasy tak przynajmniej raz do roku, a najlepiej raz w ka\u017cdej porze roku, bo dopiero id\u0105c wiosn\u0105, latem, jesieni\u0105 i zim\u0105 dostrze\u017cemy wszystkie jej uroki.<\/p>\n<p><span style=\"color: #0000ff;\"><a style=\"color: #0000ff;\" href=\"https:\/\/photos.app.goo.gl\/D9VPNuFLHSDa7gjZ9\" target=\"_blank\" rel=\"noopener noreferrer\"><strong>Zdj\u0119cia w galerii Google&gt;&gt;&gt;<\/strong><\/a><\/span><\/p>\n<p><strong>Tekst:<\/strong> RW<\/p>\n<p><strong>Foto:<\/strong> S\u0142awek Chyli\u0144ski\/Ewa Pi\u00f3rkowska<\/p>\n","protected":false},"excerpt":{"rendered":"<p>Prawdziwie wiosenna by\u0142a dzisiejsza (17.03.2019 r.) w\u0119dr\u00f3wka z kijkami zorganizowana przez nasz Gminny O\u015brodek Kultury.<\/p>\n","protected":false},"author":1,"featured_media":0,"comment_status":"closed","ping_status":"closed","sticky":false,"template":"","format":"standard","meta":{"footnotes":""},"categories":[5,91,6,3627],"tags":[169,907,3044],"class_list":["post-20173","post","type-post","status-publish","format-standard","hentry","category-newsy","category-gminny-osrodek-kultury","category-kultura-rozrywka-edukacja","category-nordic-walking","tag-gminny-osrodek-kultury-w-sadownem","tag-rekreacja-2","tag-wiosenny-marsz-nordic-walking"],"views":2466,"_links":{"self":[{"href":"https:\/\/info.sadowne.pl\/index.php?rest_route=\/wp\/v2\/posts\/20173","targetHints":{"allow":["GET"]}}],"collection":[{"href":"https:\/\/info.sadowne.pl\/index.php?rest_route=\/wp\/v2\/posts"}],"about":[{"href":"https:\/\/info.sadowne.pl\/index.php?rest_route=\/wp\/v2\/types\/post"}],"author":[{"embeddable":true,"href":"https:\/\/info.sadowne.pl\/index.php?rest_route=\/wp\/v2\/users\/1"}],"replies":[{"embeddable":true,"href":"https:\/\/info.sadowne.pl\/index.php?rest_route=%2Fwp%2Fv2%2Fcomments&post=20173"}],"version-history":[{"count":1,"href":"https:\/\/info.sadowne.pl\/index.php?rest_route=\/wp\/v2\/posts\/20173\/revisions"}],"predecessor-version":[{"id":20176,"href":"https:\/\/info.sadowne.pl\/index.php?rest_route=\/wp\/v2\/posts\/20173\/revisions\/20176"}],"wp:attachment":[{"href":"https:\/\/info.sadowne.pl\/index.php?rest_route=%2Fwp%2Fv2%2Fmedia&parent=20173"}],"wp:term":[{"taxonomy":"category","embeddable":true,"href":"https:\/\/info.sadowne.pl\/index.php?rest_route=%2Fwp%2Fv2%2Fcategories&post=20173"},{"taxonomy":"post_tag","embeddable":true,"href":"https:\/\/info.sadowne.pl\/index.php?rest_route=%2Fwp%2Fv2%2Ftags&post=20173"}],"curies":[{"name":"wp","href":"https:\/\/api.w.org\/{rel}","templated":true}]}}