{"id":20207,"date":"2019-03-21T08:53:21","date_gmt":"2019-03-21T07:53:21","guid":{"rendered":"http:\/\/info.sadowne.pl\/?p=20207"},"modified":"2020-10-04T17:12:47","modified_gmt":"2020-10-04T15:12:47","slug":"zebek","status":"publish","type":"post","link":"https:\/\/info.sadowne.pl\/?p=20207","title":{"rendered":"\u201eZebek\u201d"},"content":{"rendered":"<p><strong><img loading=\"lazy\" decoding=\"async\" class=\"alignleft size-thumbnail wp-image-20208\" src=\"http:\/\/info.sadowne.pl\/wp-content\/uploads\/2019\/03\/Brok5-180x130.jpg\" alt=\"\" width=\"180\" height=\"130\" \/>Upalne lipcowe popo\u0142udnie 1933 r. Dwaj motocykli\u015bci i ich pi\u0119kne przyjaci\u00f3\u0142ki Wanda i Wisia, podr\u00f3\u017c sw\u0105 rozpocz\u0119li gdzie\u015b na Kresach i zmierzaj\u0105 ku Warszawie. <\/strong><!--more--><\/p>\n<p>Przebyli oko\u0142o 200 kilometr\u00f3w i czas jest ju\u017c najwy\u017cszy na odpoczynek, a do relaksu zach\u0119ca ch\u0142\u00f3d bij\u0105cy od przep\u0142ywaj\u0105cego pod brokowskim mostem Bugu.<\/p>\n<p>Podr\u00f3\u017cni decyduj\u0105 si\u0119 na chwil\u0119 wytchnienia w tym malowniczym zak\u0105tku i urz\u0105dzaj\u0105 piknik na skraju szosy. Szybko znikaj\u0105 kanapki, a szumi\u0105ca woda utula do drzemki. Wtem jaki\u015b plusk monstrualny przerywa im sen b\u0142ogi. To nieznany \u015bmia\u0142ek skoczy\u0142 z filaru mostu do rzeki i tnie teraz nurt rzeki stylem trudnym do okre\u015blenia.<\/p>\n<p><strong>Wi\u0119cej na stronie <a href=\"http:\/\/madzelan.cba.pl\/zebek\/\" target=\"_blank\" rel=\"noopener noreferrer\">h<span style=\"color: #0000ff;\">ttp:\/\/madzelan.cba.pl\/zebek\/<\/span><\/a><\/strong><\/p>\n","protected":false},"excerpt":{"rendered":"<p>Upalne lipcowe popo\u0142udnie 1933 r. Dwaj motocykli\u015bci i ich pi\u0119kne przyjaci\u00f3\u0142ki Wanda i Wisia, podr\u00f3\u017c sw\u0105 rozpocz\u0119li gdzie\u015b na Kresach i zmierzaj\u0105 ku Warszawie.<\/p>\n","protected":false},"author":1,"featured_media":0,"comment_status":"closed","ping_status":"closed","sticky":false,"template":"","format":"standard","meta":{"footnotes":""},"categories":[5,3436,31],"tags":[3004,2956,3051],"class_list":["post-20207","post","type-post","status-publish","format-standard","hentry","category-newsy","category-opowiesci-historie-legendy-brokowskie-i-nie-tylko","category-historia-gminy","tag-jerzy-madzelan","tag-opowiesci-historie-legendy-brokowskie-i-nie-tylko","tag-zebek"],"views":3156,"_links":{"self":[{"href":"https:\/\/info.sadowne.pl\/index.php?rest_route=\/wp\/v2\/posts\/20207","targetHints":{"allow":["GET"]}}],"collection":[{"href":"https:\/\/info.sadowne.pl\/index.php?rest_route=\/wp\/v2\/posts"}],"about":[{"href":"https:\/\/info.sadowne.pl\/index.php?rest_route=\/wp\/v2\/types\/post"}],"author":[{"embeddable":true,"href":"https:\/\/info.sadowne.pl\/index.php?rest_route=\/wp\/v2\/users\/1"}],"replies":[{"embeddable":true,"href":"https:\/\/info.sadowne.pl\/index.php?rest_route=%2Fwp%2Fv2%2Fcomments&post=20207"}],"version-history":[{"count":1,"href":"https:\/\/info.sadowne.pl\/index.php?rest_route=\/wp\/v2\/posts\/20207\/revisions"}],"predecessor-version":[{"id":20209,"href":"https:\/\/info.sadowne.pl\/index.php?rest_route=\/wp\/v2\/posts\/20207\/revisions\/20209"}],"wp:attachment":[{"href":"https:\/\/info.sadowne.pl\/index.php?rest_route=%2Fwp%2Fv2%2Fmedia&parent=20207"}],"wp:term":[{"taxonomy":"category","embeddable":true,"href":"https:\/\/info.sadowne.pl\/index.php?rest_route=%2Fwp%2Fv2%2Fcategories&post=20207"},{"taxonomy":"post_tag","embeddable":true,"href":"https:\/\/info.sadowne.pl\/index.php?rest_route=%2Fwp%2Fv2%2Ftags&post=20207"}],"curies":[{"name":"wp","href":"https:\/\/api.w.org\/{rel}","templated":true}]}}