{"id":20220,"date":"2019-03-21T19:13:19","date_gmt":"2019-03-21T18:13:19","guid":{"rendered":"http:\/\/info.sadowne.pl\/?p=20220"},"modified":"2019-03-21T19:13:19","modified_gmt":"2019-03-21T18:13:19","slug":"zegnaj-zimo-witaj-wiosno","status":"publish","type":"post","link":"https:\/\/info.sadowne.pl\/?p=20220","title":{"rendered":"\u017bEGNAJ ZIMO, WITAJ WIOSNO!"},"content":{"rendered":"<p><strong><a href=\"http:\/\/info.sadowne.pl\/wp-content\/uploads\/2019\/03\/2019.03.21.10.jpg\" target=\"_blank\" rel=\"noopener noreferrer\"><img loading=\"lazy\" decoding=\"async\" class=\"alignleft wp-image-20221 size-thumbnail\" src=\"http:\/\/info.sadowne.pl\/wp-content\/uploads\/2019\/03\/2019.03.21.10-180x130.jpg\" alt=\"\" width=\"180\" height=\"130\" \/><\/a>Nareszcie wiosna. W\u0142a\u015bnie j\u0105 witamy. W dniu 21 marca w Szkole Podstawowej w Sadownem zorganizowano \u015awi\u0119to Wiosny. Odby\u0142o si\u0119 wiele zabaw i zaj\u0119\u0107 sportowych. <\/strong><!--more--><\/p>\n<p>Grupy starszych klas VI \u2013 VIII oraz klasy gimnazjalne rywalizowa\u0142y w zawodach sportowych w Gminnej Hali Sportowej, natomiast dzieci z oddzia\u0142\u00f3w przedszkolnych wykona\u0142y Marzann\u0119, z kt\u00f3r\u0105 wyruszy\u0142y na spacer oznajmuj\u0105c, i\u017c \u017cegnaj\u0105 zim\u0119. Natomiast uczniowie klas I \u2013 V wiosn\u0119 przywitali ta\u0144cem i \u015bpiewem. Zesp\u00f3\u0142 taneczny FEN STUDIO TA\u0143CA przedstawi\u0142 program taneczny przygotowany przez p. Blank\u0119 Malinowsk\u0105. Nast\u0119pnie przedstawiciele klas I \u2013 III wyst\u0105pili w programie \u201eThe Voice Kids\u201d \u015bpiewaj\u0105c angloj\u0119zyczne piosenki, a uczniowie kl. V przedstawili prezentacj\u0119 multimedialn\u0105 pt. \u201eEaster in Britain\u201d.<\/p>\n<p>Wszyscy arty\u015bci zostali nagrodzeni gromkimi brawami, a pozostali uczestnicy spotkania wsp\u00f3lnie rado\u015bnie si\u0119 bawili witaj\u0105c wiosn\u0119.\u00a0 T\u0119 cz\u0119\u015b\u0107 programu przygotowali p. Joanna Rosa oraz p. Marta i Arkadiusz Kotowscy. \u00a0Na zako\u0144czenie Pani dyrektor Ma\u0142gorzata Koro\u015b podzi\u0119kowa\u0142a wszystkim uczestnikom za wspania\u0142e wyst\u0119py, a nauczycielom i rodzicom za przygotowanie dzieci do uroczysto\u015bci.<\/p>\n<p><strong>Dyrekcja Szko\u0142y\u00a0\u00a0\u00a0\u00a0\u00a0\u00a0\u00a0\u00a0 <\/strong><\/p>\n<p><span style=\"color: #0000ff;\"><a style=\"color: #0000ff;\" href=\"https:\/\/photos.app.goo.gl\/NoxzguUKiVWY6drQ8\" target=\"_blank\" rel=\"noopener noreferrer\"><strong>Zdj\u0119cia w galerii Google&gt;&gt;&gt;<\/strong><\/a><\/span><\/p>\n","protected":false},"excerpt":{"rendered":"<p>Nareszcie wiosna. W\u0142a\u015bnie j\u0105 witamy. W dniu 21 marca w Szkole Podstawowej w Sadownem zorganizowano \u015awi\u0119to Wiosny. Odby\u0142o si\u0119 wiele zabaw i zaj\u0119\u0107 sportowych.<\/p>\n","protected":false},"author":1,"featured_media":0,"comment_status":"closed","ping_status":"closed","sticky":false,"template":"","format":"standard","meta":{"footnotes":""},"categories":[5,1752,84],"tags":[1879,16],"class_list":["post-20220","post","type-post","status-publish","format-standard","hentry","category-newsy","category-edukacja","category-szkola-podstawowa-im-cz-wycecha","tag-pierwszy-dzien-wiosny-w-sadownem","tag-szkola-podstawowa-w-sadownem"],"views":3093,"_links":{"self":[{"href":"https:\/\/info.sadowne.pl\/index.php?rest_route=\/wp\/v2\/posts\/20220","targetHints":{"allow":["GET"]}}],"collection":[{"href":"https:\/\/info.sadowne.pl\/index.php?rest_route=\/wp\/v2\/posts"}],"about":[{"href":"https:\/\/info.sadowne.pl\/index.php?rest_route=\/wp\/v2\/types\/post"}],"author":[{"embeddable":true,"href":"https:\/\/info.sadowne.pl\/index.php?rest_route=\/wp\/v2\/users\/1"}],"replies":[{"embeddable":true,"href":"https:\/\/info.sadowne.pl\/index.php?rest_route=%2Fwp%2Fv2%2Fcomments&post=20220"}],"version-history":[{"count":1,"href":"https:\/\/info.sadowne.pl\/index.php?rest_route=\/wp\/v2\/posts\/20220\/revisions"}],"predecessor-version":[{"id":20222,"href":"https:\/\/info.sadowne.pl\/index.php?rest_route=\/wp\/v2\/posts\/20220\/revisions\/20222"}],"wp:attachment":[{"href":"https:\/\/info.sadowne.pl\/index.php?rest_route=%2Fwp%2Fv2%2Fmedia&parent=20220"}],"wp:term":[{"taxonomy":"category","embeddable":true,"href":"https:\/\/info.sadowne.pl\/index.php?rest_route=%2Fwp%2Fv2%2Fcategories&post=20220"},{"taxonomy":"post_tag","embeddable":true,"href":"https:\/\/info.sadowne.pl\/index.php?rest_route=%2Fwp%2Fv2%2Ftags&post=20220"}],"curies":[{"name":"wp","href":"https:\/\/api.w.org\/{rel}","templated":true}]}}