{"id":20235,"date":"2019-03-25T21:27:47","date_gmt":"2019-03-25T20:27:47","guid":{"rendered":"http:\/\/info.sadowne.pl\/?p=20235"},"modified":"2019-03-25T21:27:47","modified_gmt":"2019-03-25T20:27:47","slug":"dzien-teatru-w-wok-u","status":"publish","type":"post","link":"https:\/\/info.sadowne.pl\/?p=20235","title":{"rendered":"DZIE\u0143 TEATRU W WOK-u"},"content":{"rendered":"<p><strong><a href=\"http:\/\/info.sadowne.pl\/wp-content\/uploads\/2019\/03\/2019.03.25.1.jpg\" target=\"_blank\" rel=\"noopener noreferrer\"><img loading=\"lazy\" decoding=\"async\" class=\"alignleft wp-image-20236 size-thumbnail\" src=\"http:\/\/info.sadowne.pl\/wp-content\/uploads\/2019\/03\/2019.03.25.1-180x130.jpg\" alt=\"\" width=\"180\" height=\"130\" \/><\/a>25 marca 2019 r. w W\u0119growskim O\u015brodku Kultury odby\u0142y si\u0119 obchody Mi\u0119dzynarodowego Dnia Teatru, na kt\u00f3re zaproszono r\u00f3wnie\u017c nasz\u0105 Grup\u0119 Teatraln\u0105 BAJ. <\/strong><!--more--><\/p>\n<p>Mieli\u015bmy pewne obawy, jak wypadniemy, poniewa\u017c nigdy nie wyst\u0119powali\u015bmy na tak du\u017cej scenie. Ale jak si\u0119 okaza\u0142o \u201enie taki diabe\u0142 straszny\u2026\u201d Kr\u00f3tko m\u00f3wi\u0105c wyst\u0119p wypad\u0142 \u015bwietnie, a Aktorzy czuli si\u0119 \u201ejak ryby w wodzie\u201d. Opr\u00f3cz nas wyst\u0105pi\u0142 Dzieci\u0119cy Teatr Amatorski z W\u0119growa oraz Teatr Lalek Du\u017cych Pianka z Mi\u0144ska Mazowieckiego.<\/p>\n<p>Po wyst\u0119pach zostali\u015bmy zaproszeni na s\u0142odki pocz\u0119stunek. Ponadto Aktorzy otrzymali pami\u0105tkowe dyplomy. Serdecznie dzi\u0119kuj\u0119 pani Ani Subda, kt\u00f3ra pomaga\u0142a w opiece nad dzie\u0107mi i pani Magdzie Zy\u015bk za wykonywanie makija\u017cu i dokumentowanie naszego wyst\u0119pu.<\/p>\n<p><span style=\"color: #0000ff;\"><a style=\"color: #0000ff;\" href=\"https:\/\/photos.app.goo.gl\/pDFdnpkywdykeBhq7\" target=\"_blank\" rel=\"noopener noreferrer\"><strong>Zdj\u0119cia w galerii Google&gt;&gt;&gt;<\/strong><\/a><\/span><\/p>\n<p><span style=\"color: #0000ff;\"><a style=\"color: #0000ff;\" href=\"https:\/\/youtu.be\/KU3nRYjQdlY\" target=\"_blank\" rel=\"noopener noreferrer\"><strong>Zobacz te\u017c film&gt;&gt;&gt;<\/strong><\/a><\/span><\/p>\n<p><strong>Tekst: <\/strong>Danuta Chyli\u0144ska<\/p>\n<p><strong>Foto:<\/strong> S\u0142awek Chyli\u0144ski\/Magda Zy\u015bk\/Danuta Chyli\u0144ska<\/p>\n","protected":false},"excerpt":{"rendered":"<p>25 marca 2019 r. w W\u0119growskim O\u015brodku Kultury odby\u0142y si\u0119 obchody Mi\u0119dzynarodowego Dnia Teatru, na kt\u00f3re zaproszono r\u00f3wnie\u017c nasz\u0105 Grup\u0119 Teatraln\u0105 BAJ.<\/p>\n","protected":false},"author":1,"featured_media":0,"comment_status":"closed","ping_status":"closed","sticky":false,"template":"","format":"standard","meta":{"footnotes":""},"categories":[5,91,6],"tags":[3054,2931,153],"class_list":["post-20235","post","type-post","status-publish","format-standard","hentry","category-newsy","category-gminny-osrodek-kultury","category-kultura-rozrywka-edukacja","tag-dzien-teatru","tag-grupa-teatralna-baj","tag-wegrowski-osrodek-kultury"],"views":2369,"_links":{"self":[{"href":"https:\/\/info.sadowne.pl\/index.php?rest_route=\/wp\/v2\/posts\/20235","targetHints":{"allow":["GET"]}}],"collection":[{"href":"https:\/\/info.sadowne.pl\/index.php?rest_route=\/wp\/v2\/posts"}],"about":[{"href":"https:\/\/info.sadowne.pl\/index.php?rest_route=\/wp\/v2\/types\/post"}],"author":[{"embeddable":true,"href":"https:\/\/info.sadowne.pl\/index.php?rest_route=\/wp\/v2\/users\/1"}],"replies":[{"embeddable":true,"href":"https:\/\/info.sadowne.pl\/index.php?rest_route=%2Fwp%2Fv2%2Fcomments&post=20235"}],"version-history":[{"count":1,"href":"https:\/\/info.sadowne.pl\/index.php?rest_route=\/wp\/v2\/posts\/20235\/revisions"}],"predecessor-version":[{"id":20237,"href":"https:\/\/info.sadowne.pl\/index.php?rest_route=\/wp\/v2\/posts\/20235\/revisions\/20237"}],"wp:attachment":[{"href":"https:\/\/info.sadowne.pl\/index.php?rest_route=%2Fwp%2Fv2%2Fmedia&parent=20235"}],"wp:term":[{"taxonomy":"category","embeddable":true,"href":"https:\/\/info.sadowne.pl\/index.php?rest_route=%2Fwp%2Fv2%2Fcategories&post=20235"},{"taxonomy":"post_tag","embeddable":true,"href":"https:\/\/info.sadowne.pl\/index.php?rest_route=%2Fwp%2Fv2%2Ftags&post=20235"}],"curies":[{"name":"wp","href":"https:\/\/api.w.org\/{rel}","templated":true}]}}