{"id":20248,"date":"2019-04-12T19:00:21","date_gmt":"2019-04-12T17:00:21","guid":{"rendered":"http:\/\/info.sadowne.pl\/?p=20248"},"modified":"2019-04-12T19:05:53","modified_gmt":"2019-04-12T17:05:53","slug":"rozpoczynamy-runde-wiosenna","status":"publish","type":"post","link":"https:\/\/info.sadowne.pl\/?p=20248","title":{"rendered":"Pierwsze wiosenne mecze&#8230;"},"content":{"rendered":"<p><strong><img loading=\"lazy\" decoding=\"async\" class=\"alignleft size-full wp-image-839\" src=\"http:\/\/info.sadowne.pl\/wp-content\/uploads\/2013\/01\/wichersadowne.jpg\" alt=\"\" width=\"150\" height=\"150\" \/>Klub Sportowy \u201eWicher\u201d Sadowne zaprasza na mecze pi\u0142ki no\u017cnej rundy wiosennej.<\/strong><!--more--><\/p>\n<p>Inauguracja rundy wiosennej rozgrywek ligowych pi\u0142ki no\u017cnej naszego Klubu \u201eWicher\u201d Sadowne nast\u0105pi\u0142a na sadowie\u0144skim boisku 7 kwietnia. Seniorzy A-klasy podj\u0119li zwyci\u0119sko dru\u017cyn\u0119 \u201eJutrzenka\u201d Ceg\u0142\u00f3w.<br \/>\nZapraszamy serdecznie wszystkich kibic\u00f3w na kolejne mecze i prosimy o g\u0142o\u015bny doping!<\/p>\n<p><strong>A kiedy?<\/strong><\/p>\n<p>M\u0142odziki U-12:<br \/>\nWICHER SADOWNE \u2013 Tajfun Jartypory<br \/>\n13.04 (Sb) godz.10.00<\/p>\n<div class=\"text_exposed_show\">\n<p>Orliki U-10:<br \/>\nWICHER SADOWNE \u2013 SEMP II Pogo\u0144<br \/>\n14.04 (Nd) godz.10.30<\/p>\n<p>Trampkarze U-14:<br \/>\nWICHER SADOWNE \u2013 Naprz\u00f3d Sk\u00f3rzec<br \/>\n14.04 (Nd) godz. 12.00<\/p>\n<p>Juniorzy U-16:<br \/>\nWICHER SADOWNE \u2013 Naprz\u00f3d Sk\u00f3rzec<br \/>\n14.04 (Nd) godz.14.00<\/p>\n<p>\u017baki U-9 :<br \/>\nTurniej na orliku<br \/>\n14.04 (Nd) godz.11.00<\/p>\n<\/div>\n<p><strong>Zarz\u0105d KS WICHER<\/strong><\/p>\n","protected":false},"excerpt":{"rendered":"<p>Klub Sportowy \u201eWicher\u201d Sadowne zaprasza na mecze pi\u0142ki no\u017cnej rundy wiosennej.<\/p>\n","protected":false},"author":1,"featured_media":0,"comment_status":"closed","ping_status":"closed","sticky":false,"template":"","format":"standard","meta":{"footnotes":""},"categories":[5,2136,7],"tags":[3056,1161,151],"class_list":["post-20248","post","type-post","status-publish","format-standard","hentry","category-newsy","category-pilka-nozna","category-sport","tag-inauguracja-rundy-wiosennej-a-klasy","tag-klub-sportowy-wicher-sadowne","tag-pilka-nozna"],"views":2585,"_links":{"self":[{"href":"https:\/\/info.sadowne.pl\/index.php?rest_route=\/wp\/v2\/posts\/20248","targetHints":{"allow":["GET"]}}],"collection":[{"href":"https:\/\/info.sadowne.pl\/index.php?rest_route=\/wp\/v2\/posts"}],"about":[{"href":"https:\/\/info.sadowne.pl\/index.php?rest_route=\/wp\/v2\/types\/post"}],"author":[{"embeddable":true,"href":"https:\/\/info.sadowne.pl\/index.php?rest_route=\/wp\/v2\/users\/1"}],"replies":[{"embeddable":true,"href":"https:\/\/info.sadowne.pl\/index.php?rest_route=%2Fwp%2Fv2%2Fcomments&post=20248"}],"version-history":[{"count":3,"href":"https:\/\/info.sadowne.pl\/index.php?rest_route=\/wp\/v2\/posts\/20248\/revisions"}],"predecessor-version":[{"id":20284,"href":"https:\/\/info.sadowne.pl\/index.php?rest_route=\/wp\/v2\/posts\/20248\/revisions\/20284"}],"wp:attachment":[{"href":"https:\/\/info.sadowne.pl\/index.php?rest_route=%2Fwp%2Fv2%2Fmedia&parent=20248"}],"wp:term":[{"taxonomy":"category","embeddable":true,"href":"https:\/\/info.sadowne.pl\/index.php?rest_route=%2Fwp%2Fv2%2Fcategories&post=20248"},{"taxonomy":"post_tag","embeddable":true,"href":"https:\/\/info.sadowne.pl\/index.php?rest_route=%2Fwp%2Fv2%2Ftags&post=20248"}],"curies":[{"name":"wp","href":"https:\/\/api.w.org\/{rel}","templated":true}]}}