{"id":20275,"date":"2019-04-11T09:37:34","date_gmt":"2019-04-11T07:37:34","guid":{"rendered":"http:\/\/info.sadowne.pl\/?p=20275"},"modified":"2020-10-04T17:12:22","modified_gmt":"2020-10-04T15:12:22","slug":"wasnie-o-karczmy","status":"publish","type":"post","link":"https:\/\/info.sadowne.pl\/?p=20275","title":{"rendered":"\u201eWa\u015bnie o karczmy\u201d"},"content":{"rendered":"<p><strong><a href=\"http:\/\/info.sadowne.pl\/wp-content\/uploads\/2019\/04\/Brok6.jpg\" target=\"_blank\" rel=\"noopener noreferrer\"><img loading=\"lazy\" decoding=\"async\" class=\"alignleft wp-image-20276 size-thumbnail\" src=\"http:\/\/info.sadowne.pl\/wp-content\/uploads\/2019\/04\/Brok6-180x130.jpg\" alt=\"\" width=\"180\" height=\"130\" \/><\/a>Szanowni Pa\u0144stwo, w\u0142a\u015bnie opublikowany artyku\u0142, nosi tytu\u0142 WA\u015aNIE O KARCZMY.<\/strong><!--more--><\/p>\n<p>Jakie\u015b dwa tygodnie temu s\u0142ucha\u0142em w radiu RDC audycji, w kt\u00f3rej sporo m\u00f3wiono o Sadownem i okolicach. Z racji artyku\u0142u \u201eS\u0105siedzi zza rzeki\u201d, zwr\u00f3ci\u0142o moj\u0105 uwag\u0119, \u017ce kt\u00f3ra\u015b z uczestnicz\u0105cych w dyskusji Pa\u0144, twierdzi\u0142a, \u017ce nazwisko Olton pochodzi od sprowadzonych przez Zamoyskiego kolonist\u00f3w.<\/p>\n<p>W cytowanym na stronie 6 najnowszego artyku\u0142u dokumencie z 1764 r. wymieniony jest Stanis\u0142aw Oltonik. W latach 30. i 40. XIX w. Oltonowie znikaj\u0105 z Broku, a pojawiaj\u0105 si\u0119 w Sadownem i Prostyni. Nie wykluczam, \u017ce obecni Oltonowie pochodz\u0105 od kolonist\u00f3w, ale z pewno\u015bci\u0105 znacznie wcze\u015bniejszych ni\u017c ci Zamoyskiego. Ot taka ciekawostka, z wyrazami szacunku\u2026<\/p>\n<p><strong>Jerzy Madzelan<\/strong><\/p>\n<p><strong>Zapraszam na stron\u0119<\/strong><span style=\"color: #0000ff;\"><a style=\"color: #0000ff;\" href=\"http:\/\/madzelan.cba.pl\/wasnie-o-karczmy\/\" target=\"_blank\" rel=\"noopener noreferrer\"><strong> http:\/\/madzelan.cba.pl\/wasnie-o-karczmy\/<\/strong><\/a><\/span><\/p>\n","protected":false},"excerpt":{"rendered":"<p>Szanowni Pa\u0144stwo, w\u0142a\u015bnie opublikowany artyku\u0142, nosi tytu\u0142 WA\u015aNIE O KARCZMY.<\/p>\n","protected":false},"author":1,"featured_media":0,"comment_status":"closed","ping_status":"closed","sticky":false,"template":"","format":"standard","meta":{"footnotes":""},"categories":[5,3436,1973,31],"tags":[101,3004,2956,3060],"class_list":["post-20275","post","type-post","status-publish","format-standard","hentry","category-newsy","category-opowiesci-historie-legendy-brokowskie-i-nie-tylko","category-pisali-o-sadownem","category-historia-gminy","tag-historia-gminy-sadowne","tag-jerzy-madzelan","tag-opowiesci-historie-legendy-brokowskie-i-nie-tylko","tag-wasnie-o-karczmy"],"views":3097,"_links":{"self":[{"href":"https:\/\/info.sadowne.pl\/index.php?rest_route=\/wp\/v2\/posts\/20275","targetHints":{"allow":["GET"]}}],"collection":[{"href":"https:\/\/info.sadowne.pl\/index.php?rest_route=\/wp\/v2\/posts"}],"about":[{"href":"https:\/\/info.sadowne.pl\/index.php?rest_route=\/wp\/v2\/types\/post"}],"author":[{"embeddable":true,"href":"https:\/\/info.sadowne.pl\/index.php?rest_route=\/wp\/v2\/users\/1"}],"replies":[{"embeddable":true,"href":"https:\/\/info.sadowne.pl\/index.php?rest_route=%2Fwp%2Fv2%2Fcomments&post=20275"}],"version-history":[{"count":1,"href":"https:\/\/info.sadowne.pl\/index.php?rest_route=\/wp\/v2\/posts\/20275\/revisions"}],"predecessor-version":[{"id":20277,"href":"https:\/\/info.sadowne.pl\/index.php?rest_route=\/wp\/v2\/posts\/20275\/revisions\/20277"}],"wp:attachment":[{"href":"https:\/\/info.sadowne.pl\/index.php?rest_route=%2Fwp%2Fv2%2Fmedia&parent=20275"}],"wp:term":[{"taxonomy":"category","embeddable":true,"href":"https:\/\/info.sadowne.pl\/index.php?rest_route=%2Fwp%2Fv2%2Fcategories&post=20275"},{"taxonomy":"post_tag","embeddable":true,"href":"https:\/\/info.sadowne.pl\/index.php?rest_route=%2Fwp%2Fv2%2Ftags&post=20275"}],"curies":[{"name":"wp","href":"https:\/\/api.w.org\/{rel}","templated":true}]}}